{"id":611935,"date":"2023-08-19T20:54:40","date_gmt":"2023-08-19T18:54:40","guid":{"rendered":"https:\/\/www.hashtag.al\/?p=611935"},"modified":"2023-08-19T20:54:40","modified_gmt":"2023-08-19T18:54:40","slug":"polonia-thote-se-ka-rritur-presionin-ndaj-gjermanise-per-demshperblimet-e-luftes-se-dyte-boterore","status":"publish","type":"post","link":"https:\/\/www.hashtag.al\/index.php\/2023\/08\/19\/polonia-thote-se-ka-rritur-presionin-ndaj-gjermanise-per-demshperblimet-e-luftes-se-dyte-boterore\/","title":{"rendered":"Polonia thot\u00eb se ka rritur presionin ndaj Gjermanis\u00eb p\u00ebr d\u00ebmshp\u00ebrblimet e Luft\u00ebs s\u00eb Dyt\u00eb Bot\u00ebrore","gt_translate_keys":[{"key":"rendered","format":"text"}]},"content":{"rendered":"<p><img loading=\"lazy\" decoding=\"async\" class=\"aligncenter size-full wp-image-611936\" src=\"https:\/\/www.hashtag.al\/wp-content\/uploads\/2023\/08\/polonia.png\" alt=\"\" width=\"1128\" height=\"643\" srcset=\"https:\/\/www.hashtag.al\/wp-content\/uploads\/2023\/08\/polonia.png 1128w, https:\/\/www.hashtag.al\/wp-content\/uploads\/2023\/08\/polonia-300x171.png 300w, https:\/\/www.hashtag.al\/wp-content\/uploads\/2023\/08\/polonia-1024x584.png 1024w, https:\/\/www.hashtag.al\/wp-content\/uploads\/2023\/08\/polonia-768x438.png 768w\" sizes=\"auto, (max-width: 1128px) 100vw, 1128px\" \/><\/p>\n<p><span style=\"color: #000000;\">Polonia ka rritur presionin e saj p\u00ebr d\u00ebmshp\u00ebrblimet e Luft\u00ebs s\u00eb Dyt\u00eb Bot\u00ebrore nga Gjermania, me z\u00ebvend\u00ebskryeministrin Arkadiusz Mularczyk t\u00eb premten duke th\u00ebn\u00eb se vendi po bind miqt\u00eb dhe aleat\u00ebt n\u00eb lidhje me k\u00ebrkesat e saj, sipas transmetuesit publik Polskie Radio.<\/span><\/p>\n<p><span style=\"color: #000000;\">Duke theksuar se ai b\u00ebri nj\u00eb s\u00ebr\u00eb vizitash n\u00eb Itali, Serbi dhe Greqi p\u00ebr t&#8217;u k\u00ebshilluar me zyrtar\u00eb p\u00ebr k\u00ebt\u00eb \u00e7\u00ebshtje, Mularczyk tha: <em>&#8220;Kam mbajtur gjithashtu bisedime interesante me qeverin\u00eb e Namibis\u00eb, nj\u00eb ish-koloni gjermane. Edhe n\u00eb Namibi, ka nj\u00eb pritshm\u00ebri q\u00eb Gjermania do paguaj\u00eb p\u00ebr krimet q\u00eb ka kryer,\u201d<\/em> tha ai.<\/span><\/p>\n<p><span style=\"color: #000000;\">Duke shprehur shpres\u00ebn se qeveria do e \u00e7onte \u00e7\u00ebshtjen n\u00eb nj\u00eb p\u00ebrfundim t\u00eb suksessh\u00ebm, Mularczyk tha: <em>&#8220;Ne nuk po luftojm\u00eb vet\u00ebm p\u00ebr kauz\u00ebn polake, por m\u00eb gjer\u00ebsisht p\u00ebr drejt\u00ebsi n\u00eb vazhd\u00ebn e konflikteve ushtarake.\u201d<\/em><\/span><\/p>\n<p><span style=\"color: #000000;\">Varshava thot\u00eb se humbjet e p\u00ebsuar nga Gjermania naziste gjat\u00eb Luft\u00ebs s\u00eb Dyt\u00eb Bot\u00ebrore arrijn\u00eb n\u00eb 1.3 trilion euro dhe ka k\u00ebrkuar kompensim nga Berlini.<\/span><\/p>\n<p><span style=\"color: #000000;\">Berlini, megjithat\u00eb, pohon se \u00e7\u00ebshtja mbetet e mbyllur dhe nuk ka nd\u00ebrmend t\u00eb hyj\u00eb n\u00eb negociata p\u00ebr k\u00ebt\u00eb \u00e7\u00ebshtje.<\/span><\/p>\n","protected":false,"gt_translate_keys":[{"key":"rendered","format":"html"}]},"excerpt":{"rendered":"<p>Polonia ka rritur presionin e saj p\u00ebr d\u00ebmshp\u00ebrblimet e Luft\u00ebs s\u00eb Dyt\u00eb Bot\u00ebrore nga Gjermania, me z\u00ebvend\u00ebskryeministrin Arkadiusz Mularczyk t\u00eb premten duke th\u00ebn\u00eb se vendi po bind miqt\u00eb dhe aleat\u00ebt n\u00eb lidhje me k\u00ebrkesat e saj, sipas transmetuesit publik Polskie Radio. Duke theksuar se ai b\u00ebri nj\u00eb s\u00ebr\u00eb vizitash n\u00eb Itali, Serbi dhe Greqi p\u00ebr [&hellip;]<\/p>\n","protected":false,"gt_translate_keys":[{"key":"rendered","format":"html"}]},"author":51,"featured_media":611936,"comment_status":"closed","ping_status":"closed","sticky":false,"template":"","format":"standard","meta":{"footnotes":""},"categories":[53],"tags":[],"class_list":["post-611935","post","type-post","status-publish","format-standard","has-post-thumbnail","hentry","category-fast-foodi"],"gt_translate_keys":[{"key":"link","format":"url"}],"_links":{"self":[{"href":"https:\/\/www.hashtag.al\/index.php\/wp-json\/wp\/v2\/posts\/611935","targetHints":{"allow":["GET"]}}],"collection":[{"href":"https:\/\/www.hashtag.al\/index.php\/wp-json\/wp\/v2\/posts"}],"about":[{"href":"https:\/\/www.hashtag.al\/index.php\/wp-json\/wp\/v2\/types\/post"}],"author":[{"embeddable":true,"href":"https:\/\/www.hashtag.al\/index.php\/wp-json\/wp\/v2\/users\/51"}],"replies":[{"embeddable":true,"href":"https:\/\/www.hashtag.al\/index.php\/wp-json\/wp\/v2\/comments?post=611935"}],"version-history":[{"count":0,"href":"https:\/\/www.hashtag.al\/index.php\/wp-json\/wp\/v2\/posts\/611935\/revisions"}],"wp:featuredmedia":[{"embeddable":true,"href":"https:\/\/www.hashtag.al\/index.php\/wp-json\/wp\/v2\/media\/611936"}],"wp:attachment":[{"href":"https:\/\/www.hashtag.al\/index.php\/wp-json\/wp\/v2\/media?parent=611935"}],"wp:term":[{"taxonomy":"category","embeddable":true,"href":"https:\/\/www.hashtag.al\/index.php\/wp-json\/wp\/v2\/categories?post=611935"},{"taxonomy":"post_tag","embeddable":true,"href":"https:\/\/www.hashtag.al\/index.php\/wp-json\/wp\/v2\/tags?post=611935"}],"curies":[{"name":"wp","href":"https:\/\/api.w.org\/{rel}","templated":true}]}}