{"id":611838,"date":"2023-08-19T11:30:52","date_gmt":"2023-08-19T09:30:52","guid":{"rendered":"https:\/\/www.hashtag.al\/?p=611838"},"modified":"2023-08-19T11:30:52","modified_gmt":"2023-08-19T09:30:52","slug":"transportonte-15-emigrante-te-paligjshem-dhe-nuk-i-ndaloi-policise-arrestohet-53-vjecari-ne-korce","status":"publish","type":"post","link":"https:\/\/www.hashtag.al\/index.php\/2023\/08\/19\/transportonte-15-emigrante-te-paligjshem-dhe-nuk-i-ndaloi-policise-arrestohet-53-vjecari-ne-korce\/","title":{"rendered":"Transportonte 15 emigrant\u00eb t\u00eb paligjsh\u00ebm dhe nuk i ndaloi policis\u00eb, arrestohet 53-vje\u00e7ari n\u00eb Kor\u00e7\u00eb","gt_translate_keys":[{"key":"rendered","format":"text"}]},"content":{"rendered":"<p><a href=\"https:\/\/www.hashtag.al\/wp-content\/uploads\/2023\/08\/Screenshot-2023-08-19-112923.png\"><img loading=\"lazy\" decoding=\"async\" class=\"aligncenter size-full wp-image-611839\" src=\"https:\/\/www.hashtag.al\/wp-content\/uploads\/2023\/08\/Screenshot-2023-08-19-112923.png\" alt=\"\" width=\"956\" height=\"517\" srcset=\"https:\/\/www.hashtag.al\/wp-content\/uploads\/2023\/08\/Screenshot-2023-08-19-112923.png 956w, https:\/\/www.hashtag.al\/wp-content\/uploads\/2023\/08\/Screenshot-2023-08-19-112923-300x162.png 300w, https:\/\/www.hashtag.al\/wp-content\/uploads\/2023\/08\/Screenshot-2023-08-19-112923-768x415.png 768w\" sizes=\"auto, (max-width: 956px) 100vw, 956px\" \/><\/a><\/p>\n<p><span style=\"color: #000000;\">Nj\u00eb 53-vje\u00e7ar \u00ebsht\u00eb v\u00ebn\u00eb n\u00eb pranga pasi u kap duke transportuar 15 emigrant\u00eb t\u00eb paligjsh\u00ebm.<\/span><\/p>\n<p><span style=\"color: #000000;\">Policia thot\u00eb se 53 vje\u00e7ari nuk iu bind urdhrit t\u00eb punonj\u00ebsve t\u00eb Policis\u00eb, p\u00ebr t\u00eb ndaluar automjetin me t\u00eb cilin po transportonte, kundrejt pages\u00ebs, 15 emigrant\u00eb q\u00eb do t\u00eb kalonin ilegalisht kufirin.<\/span><\/p>\n<p>&nbsp;<\/p>\n<p><span style=\"color: #000000;\">Njoftimi.<\/span><\/p>\n<p><span style=\"color: #000000;\"><em>Finalizohet operacioni policor i koduar &#8220;Midnight 16&#8221;, p\u00ebr goditjen e veprimtaris\u00eb kriminale t\u00eb dh\u00ebnies ndihm\u00eb shtetasve t\u00eb huaj, kundrejt pages\u00ebs, p\u00ebr kalim t\u00eb paligjsh\u00ebm t\u00eb kufirit.\u00a0 <\/em><\/span><\/p>\n<p><span style=\"color: #000000;\"><em>Nuk iu bind urdhrit t\u00eb punonj\u00ebsve t\u00eb Policis\u00eb, p\u00ebr t\u00eb ndaluar automjetin me t\u00eb cilin po transportonte, kundrejt pages\u00ebs, 15 emigrant\u00eb q\u00eb do t\u00eb kalonin ilegalisht kufirin, kapet dhe vihet n\u00eb pranga 53-vje\u00e7ari. <\/em><\/span><\/p>\n<p><span style=\"color: #000000;\"><em>Sekuestrohen automjeti, 2 celular\u00eb dhe nj\u00eb shum\u00eb parash.<\/em><\/span><\/p>\n<p><span style=\"color: #000000;\"><em>Specialist\u00ebt p\u00ebr Hetimin e Trafiqeve t\u00eb Paligjshme t\u00eb DVP Kor\u00e7\u00eb organizuan dhe finalizuan operacionin policor t\u00eb koduar &#8220;Midnight 16&#8221;. Si rezultat i k\u00ebtij operacioni u arrestua n\u00eb flagranc\u00eb shtetasi:<\/em><\/span><\/p>\n<p><span style=\"color: #000000;\"><em>-P. G., 53 vje\u00e7, banues n\u00eb Pogradec.<\/em><\/span><\/p>\n<p><span style=\"color: #000000;\"><em>Sh\u00ebrbimet e Policis\u00eb, n\u00eb baz\u00eb t\u00eb informacioneve t\u00eb siguruara nga inteligjenca informative, p\u00ebr nj\u00eb shtetas q\u00eb do t\u00eb transportonte kundrejt pages\u00ebs, shtetas t\u00eb huaj, me q\u00ebllim q\u00eb ata t\u00eb kalonin ilegalisht kufirin, organizuan veprimet dhe n\u00eb aksin rrugor &#8220;Qaf\u00eb Pllo\u00e7\u00eb-Pogradec&#8221;, b\u00ebn\u00eb t\u00eb mundur lokalizimin e automjetit t\u00eb dyshuar. Shtetasi P. G., sapo ka konstatuar se ishte n\u00eb ndjekje nga Policia, ka tentuar t\u00eb largohet me shpejt\u00ebsi me automjet, duke mos iu bindur urdhrit t\u00eb punonj\u00ebsve t\u00eb Policis\u00eb, p\u00ebr t\u00eb ndaluar, por menj\u00ebher\u00eb \u00ebsht\u00eb kapur dhe neutralizuar. Gjat\u00eb kontrollit n\u00eb automjetin tip &#8220;Rexton&#8221;, u gjet\u00ebn 15 emigrant\u00eb.<\/em><\/span><\/p>\n<p><span style=\"color: #000000;\"><em>Nga t\u00ebr\u00ebsia e veprimeve hetimore dhe provat e siguruara, rezultoi se 53-vje\u00e7ari do t&#8217;i transportonte emigrant\u00ebt, kundrejt pages\u00ebs, me q\u00ebllim q\u00eb t\u00eb kalonin n\u00eb m\u00ebnyr\u00eb t\u00eb paligjshme drejt vendeve t\u00eb BE-s\u00eb.\u00a0 <\/em><\/span><\/p>\n<p><span style=\"color: #000000;\"><em>N\u00eb cil\u00ebsin\u00eb e prov\u00ebs materiale u sekuestruan automjeti, 2 celular\u00eb dhe nj\u00eb shum\u00eb parash.\u00a0 <\/em><\/span><\/p>\n<p><span style=\"color: #000000;\"><em>Materialet procedurale i kaluan Prokuroris\u00eb pran\u00eb Gjykat\u00ebs s\u00eb Shkall\u00ebs s\u00eb Par\u00eb t\u00eb Juridiksionit t\u00eb P\u00ebrgjithsh\u00ebm Kor\u00e7\u00eb, p\u00ebr veprime t\u00eb m\u00ebtejshme.<\/em><\/span><\/p>\n","protected":false,"gt_translate_keys":[{"key":"rendered","format":"html"}]},"excerpt":{"rendered":"<p>Nj\u00eb 53-vje\u00e7ar \u00ebsht\u00eb v\u00ebn\u00eb n\u00eb pranga pasi u kap duke transportuar 15 emigrant\u00eb t\u00eb paligjsh\u00ebm. Policia thot\u00eb se 53 vje\u00e7ari nuk iu bind urdhrit t\u00eb punonj\u00ebsve t\u00eb Policis\u00eb, p\u00ebr t\u00eb ndaluar automjetin me t\u00eb cilin po transportonte, kundrejt pages\u00ebs, 15 emigrant\u00eb q\u00eb do t\u00eb kalonin ilegalisht kufirin. &nbsp; Njoftimi. Finalizohet operacioni policor i koduar &#8220;Midnight [&hellip;]<\/p>\n","protected":false,"gt_translate_keys":[{"key":"rendered","format":"html"}]},"author":30,"featured_media":611839,"comment_status":"closed","ping_status":"closed","sticky":false,"template":"","format":"standard","meta":{"footnotes":""},"categories":[65],"tags":[],"class_list":["post-611838","post","type-post","status-publish","format-standard","has-post-thumbnail","hentry","category-lajme"],"gt_translate_keys":[{"key":"link","format":"url"}],"_links":{"self":[{"href":"https:\/\/www.hashtag.al\/index.php\/wp-json\/wp\/v2\/posts\/611838","targetHints":{"allow":["GET"]}}],"collection":[{"href":"https:\/\/www.hashtag.al\/index.php\/wp-json\/wp\/v2\/posts"}],"about":[{"href":"https:\/\/www.hashtag.al\/index.php\/wp-json\/wp\/v2\/types\/post"}],"author":[{"embeddable":true,"href":"https:\/\/www.hashtag.al\/index.php\/wp-json\/wp\/v2\/users\/30"}],"replies":[{"embeddable":true,"href":"https:\/\/www.hashtag.al\/index.php\/wp-json\/wp\/v2\/comments?post=611838"}],"version-history":[{"count":0,"href":"https:\/\/www.hashtag.al\/index.php\/wp-json\/wp\/v2\/posts\/611838\/revisions"}],"wp:featuredmedia":[{"embeddable":true,"href":"https:\/\/www.hashtag.al\/index.php\/wp-json\/wp\/v2\/media\/611839"}],"wp:attachment":[{"href":"https:\/\/www.hashtag.al\/index.php\/wp-json\/wp\/v2\/media?parent=611838"}],"wp:term":[{"taxonomy":"category","embeddable":true,"href":"https:\/\/www.hashtag.al\/index.php\/wp-json\/wp\/v2\/categories?post=611838"},{"taxonomy":"post_tag","embeddable":true,"href":"https:\/\/www.hashtag.al\/index.php\/wp-json\/wp\/v2\/tags?post=611838"}],"curies":[{"name":"wp","href":"https:\/\/api.w.org\/{rel}","templated":true}]}}