{"id":611576,"date":"2023-08-17T19:22:18","date_gmt":"2023-08-17T17:22:18","guid":{"rendered":"https:\/\/www.hashtag.al\/?p=611576"},"modified":"2023-08-17T20:47:23","modified_gmt":"2023-08-17T18:47:23","slug":"a-eshte-real-uragani-adriatik-intervista","status":"publish","type":"post","link":"https:\/\/www.hashtag.al\/index.php\/2023\/08\/17\/a-eshte-real-uragani-adriatik-intervista\/","title":{"rendered":"A \u00ebsht\u00eb real \u201cUragani Adriatik\u201d? (Intervista)","gt_translate_keys":[{"key":"rendered","format":"text"}]},"content":{"rendered":"<p><img loading=\"lazy\" decoding=\"async\" class=\"aligncenter size-full wp-image-611577\" src=\"https:\/\/www.hashtag.al\/wp-content\/uploads\/2023\/08\/adriatiklapajfeatured.png\" alt=\"\" width=\"886\" height=\"582\" srcset=\"https:\/\/www.hashtag.al\/wp-content\/uploads\/2023\/08\/adriatiklapajfeatured.png 886w, https:\/\/www.hashtag.al\/wp-content\/uploads\/2023\/08\/adriatiklapajfeatured-300x197.png 300w, https:\/\/www.hashtag.al\/wp-content\/uploads\/2023\/08\/adriatiklapajfeatured-768x504.png 768w\" sizes=\"auto, (max-width: 886px) 100vw, 886px\" \/><\/p>\n<p><span style=\"color: #000000;\">Uragan\u00ebve u vendosin zakonisht emra grash. Fatmir\u00ebsisht Shqip\u00ebria nuk \u00ebsht\u00eb rrezikuar kurr\u00eb prej tyre mir\u00ebpo le ta marrim pak hua simbolikisht k\u00ebt\u00eb fenomen p\u00ebr t\u00eb p\u00ebrshkruar se \u00e7far\u00eb po ndodh politikisht n\u00eb vendin ton\u00eb.<\/span><\/p>\n<p><span style=\"color: #000000;\">Teksa \u201cdinozaur\u00ebt\u201d luftojn\u00eb dhemb p\u00ebr dhemb p\u00ebr kull\u00ebn \u201cMali i Tiran\u00ebs\u201d ose n\u00eb rastin m\u00eb t\u00eb keq b\u00ebjn\u00eb sikur me teza \u201cmos hidhni balt\u00eb mbi ne\u201d apo \u201cshhhhht\u2026v\u00ebmendjen te incenerator\u00ebt ju lutemi\u201d,\u00a0 n\u00eb Shqip\u00ebri po ndodhin ca zhvillime. <\/span><\/p>\n<p><span style=\"color: #000000;\">K\u00ebto nuk p\u00ebrfshijn\u00eb vet\u00ebm forcimin n\u00eb reagim t\u00eb Lulzim Bash\u00ebs kund\u00ebr ideator\u00ebe dhe zbatuesve t\u00eb kull\u00ebs, as mobilizimin n\u00eb terren t\u00eb atyre q\u00eb e mb\u00ebshtesin dhe q\u00eb i gjen n\u00eb serin\u00eb e fotove t\u00eb reja ku spikat jeshilja zelinskiane por konfigurimin e plot\u00eb t\u00eb nj\u00eb force t\u00eb re politike q\u00eb do t\u00eb drejtohet nga Adriatik Lapaj.<\/span><\/p>\n<p><span style=\"color: #000000;\"><strong>Kush \u00ebsht\u00eb Adriatik Lapaj<\/strong><\/span><\/p>\n<p><span style=\"color: #000000;\">Lapaj \u00ebsht\u00eb tipologjia e aktivistit q\u00eb vjen nga terreni, pa nevoj\u00eb p\u00ebr t\u2019u shitur si i till\u00eb por i mb\u00ebshtetur nga Ambasada Amerikane dhe shpesh i akuzuar si nga Fondacioni Soros n\u00eb disa nivele: publikisht dhe me forma t\u00eb drejtp\u00ebrdrejta nga SHBA-t\u00eb, si\u00e7 ka qen\u00eb programi i ambasad\u00ebs <span style=\"color: #0000ff;\"><a style=\"color: #0000ff;\" href=\"https:\/\/dritare.net\/ngjarjet-e-dites\/adriatik-lapaj-si-me-perzgjodhen-amerikanet-bisedat-e-mia-me-ki-i746832\">n\u00eb SHBA<\/a><\/span> ku ka qen\u00eb pjes\u00eb apo promovimit nga ish-ambasadorja amerikane n\u00eb Tiran\u00eb Yuri Kim.<\/span><\/p>\n<p><span style=\"color: #000000;\"> Po ashtu edhe n\u00ebp\u00ebrmjet nj\u00eb mb\u00ebshtetje t\u00eb heshtur politike t\u00eb Fondacionit Soros, nj\u00eb form\u00eb e heshtur e nj\u00eb \u201cpolitical endorsement\u201d-i. <\/span><\/p>\n<p><span style=\"color: #000000;\">Nuk dihet ende n\u00ebse Lapaj ka qen\u00eb q\u00eb prej fillimit produkt i Sorosit apo \u00ebsht\u00eb marr\u00eb rrug\u00ebs n\u00eb patronazh p\u00ebr shkak edhe t\u00eb rekordeve t\u00eb tij personale si mbledhja e gomave n\u00eb shtratin e Jonit, kund\u00ebrvenia ndaj \u00e7mimeve t\u00eb rritura t\u00eb qeveris\u00eb apo p\u00ebrballja me kryeministrin e vendit n\u00eb TV Klan. <\/span><\/p>\n<p><span style=\"color: #000000;\">Fakt \u00ebsht\u00eb q\u00eb n\u00eb Shqip\u00ebri ting\u00ebllon e \u00e7uditshme se si nj\u00eb dit\u00eb t\u00eb bukur nj\u00eb personazhi t\u00eb vet\u00ebm i vihet n\u00eb dispozicion kaq shum\u00eb hap\u00ebsir\u00eb publike, nd\u00ebrsa partit\u00eb kryesore shtrydhin \u00e7do kandidat me mb\u00ebshtjetje publike n\u00ebse nuk \u00ebsht\u00eb n\u00ebn urdhrat e tyre, mjafton t\u00eb kujtojm\u00eb rastin e Ilir Alimehmetit apo listat e hapura kund\u00ebr t\u00eb cilave luftonte demokrati Basha ose v\u00ebnien n\u00eb rresht t\u00eb socialist\u00ebve nga Rama dhe pseudohapjen e partis\u00eb k\u00ebt\u00eb vitin e fundit nga Berisha.<\/span><\/p>\n<div id=\"attachment_611578\" style=\"width: 810px\" class=\"wp-caption aligncenter\"><img loading=\"lazy\" decoding=\"async\" aria-describedby=\"caption-attachment-611578\" class=\"size-full wp-image-611578\" src=\"https:\/\/www.hashtag.al\/wp-content\/uploads\/2023\/08\/yurikimadriatiklapaj.jpg\" alt=\"\" width=\"800\" height=\"808\" srcset=\"https:\/\/www.hashtag.al\/wp-content\/uploads\/2023\/08\/yurikimadriatiklapaj.jpg 800w, https:\/\/www.hashtag.al\/wp-content\/uploads\/2023\/08\/yurikimadriatiklapaj-297x300.jpg 297w, https:\/\/www.hashtag.al\/wp-content\/uploads\/2023\/08\/yurikimadriatiklapaj-768x776.jpg 768w, https:\/\/www.hashtag.al\/wp-content\/uploads\/2023\/08\/yurikimadriatiklapaj-80x80.jpg 80w\" sizes=\"auto, (max-width: 800px) 100vw, 800px\" \/><p id=\"caption-attachment-611578\" class=\"wp-caption-text\"><span style=\"color: #0000ff;\">Yuri Kim dhe Adriatik Lapaj n\u00eb nj\u00eb sh\u00ebtitje n\u00eb Tiran\u00eb. T\u00eb rrall\u00eb kan\u00eb qen\u00eb personazhet q\u00eb Kimi ka marr\u00eb n\u00eb sh\u00ebtitje n\u00eb Shqip\u00ebri, mes tyre dhe Sokol Balla<\/span><\/p><\/div>\n<p><span style=\"color: #000000;\"><strong>Kauzat publike t\u00eb aktivistit Lapaj<\/strong><\/span><\/p>\n<p><span style=\"color: #000000;\">Tani q\u00eb po kristalizohet nisma e Lapajt, me marrjen edhe t\u00eb zyrave dhe pritjen e regjistrimit n\u00eb gjykat\u00eb, nd\u00ebrsa nj\u00eb prej rival\u00ebve t\u00eb tij dhe kritik\u00ebve m\u00eb konsistent t\u00eb Fondacionit Soros n\u00eb Shqip\u00ebri Altin Goxhaj ka denoncuar publikisht pengesat q\u00eb po i nxjerrin p\u00ebr t\u00eb regjistruar l\u00ebvizjen e tij politike \u201cShpresOn\u201d, mund t\u00eb mbledh\u00ebsh fare leht\u00eb disa nga momentet dominante t\u00eb mb\u00ebshtetjes publike t\u00eb nj\u00eb prej forcave m\u00eb dominuese t\u00eb ndikimit n\u00eb politik\u00ebn shqiptare, Fondacionit Soros, medieve, madje dhe p\u00ebrfaq\u00ebsuesve t\u00eb SHBA-ve n\u00eb Tiran\u00eb.<\/span><\/p>\n<p><span style=\"color: #000000;\">Nuk dihet se si u p\u00ebrzgjodh q\u00eb do t\u00eb qe Lapaj, n\u00eb mos nj\u00eb personazh totalisht i ambalazhuar p\u00ebr t\u00eb qen\u00eb i till\u00eb, q\u00eb do t\u00eb mbushte raportimet mediatike si aktivisti q\u00eb po shp\u00ebtonte detin shqiptar nga gomat, nd\u00ebrsa paralelisht nj\u00eb s\u00ebr\u00eb aktivist\u00ebsh t\u00eb tjer\u00eb po shk\u00eblqenin n\u00eb aktivitetin e tyre n\u00eb terren por pa marr\u00eb k\u00ebt\u00eb v\u00ebmendje mediatike, mjafton t\u00eb p\u00ebrmendim Zirkon Dish\u00ebn ose n\u00eb t\u00eb nj\u00ebjtin sinor, at\u00eb t\u00eb pastrimit, Mentor Kikin\u00eb.<\/span><\/p>\n<div id=\"attachment_611596\" style=\"width: 1034px\" class=\"wp-caption aligncenter\"><img loading=\"lazy\" decoding=\"async\" aria-describedby=\"caption-attachment-611596\" class=\"wp-image-611596 size-full\" src=\"https:\/\/www.hashtag.al\/wp-content\/uploads\/2023\/08\/projektiigomavesoros-1024x684-1.png\" alt=\"\" width=\"1024\" height=\"684\" srcset=\"https:\/\/www.hashtag.al\/wp-content\/uploads\/2023\/08\/projektiigomavesoros-1024x684-1.png 1024w, https:\/\/www.hashtag.al\/wp-content\/uploads\/2023\/08\/projektiigomavesoros-1024x684-1-300x200.png 300w, https:\/\/www.hashtag.al\/wp-content\/uploads\/2023\/08\/projektiigomavesoros-1024x684-1-768x513.png 768w\" sizes=\"auto, (max-width: 1024px) 100vw, 1024px\" \/><p id=\"caption-attachment-611596\" class=\"wp-caption-text\"><span style=\"color: #0000ff;\">Projekti i pastrimit t\u00eb gomave financuar nga Sorosi<\/span><\/p><\/div>\n<p><span style=\"color: #000000;\">Kishte di\u00e7ka m\u00eb shum\u00eb se dashamir\u00ebsia q\u00eb tregon media p\u00ebr personazhe karizmatik\u00eb si Lapaj, e treguar edhe nga kjo bised\u00eb me superlativa <span style=\"color: #0000ff;\"><a style=\"color: #0000ff;\" href=\"https:\/\/www.youtube.com\/watch?v=Fzd0-4fn9HY&amp;t=434s\">p\u00ebr t\u00eb<\/a><\/span>.<\/span><\/p>\n<p><span style=\"color: #000000;\">N\u00eb morin\u00eb e aktivist\u00ebve q\u00eb kund\u00ebrshtonin Ram\u00ebn p\u00ebr \u00e7mimet, disa syresh spikatnin jo vet\u00ebm n\u00eb terren por edhe me argumente t\u00eb kopsitura rrjeteve sociale, t\u00eb mbetura oazet e vetme t\u00eb liris\u00eb s\u00eb mendimit n\u00eb koh\u00ebn kur televizionet kryesore ishin futur n\u00eb qerthull\u00ebn e censur\u00ebs s\u00eb llogaritur, papritur Lapajt i drejtohen prozhektor\u00ebt.<\/span><\/p>\n<p><span style=\"color: #000000;\">E nd\u00ebrsa prozhektor\u00ebt mbaheshin t\u00eb ndri\u00e7uar m\u00eb shum\u00eb se kurr\u00eb n\u00eb raportimet mediatike n\u00eb terren kur Lapaj ngrinte z\u00ebrin me temperamentin karakteristik t\u00eb nj\u00eb sarandioti me grint\u00eb, shum\u00eb mendje t\u00eb ndritura q\u00eb e duan Shqip\u00ebrin\u00eb me frym\u00eb opozitare u lig\u00ebshtuan kur e pan\u00eb at\u00eb t\u00eb p\u00ebrballej me Ram\u00ebn te <span style=\"color: #0000ff;\"><a style=\"color: #0000ff;\" href=\"https:\/\/www.youtube.com\/watch?v=VpaiizeE45w\">\u00c7ani<\/a><\/span>, kryeministrin q\u00eb shum\u00eb aktivist\u00eb e kan\u00eb cil\u00ebsuar si keqqeveris\u00ebs k\u00ebto vite.<\/span><\/p>\n<p><span style=\"color: #000000;\">Nuk \u00ebsht\u00eb fort e qart\u00eb n\u00ebse Rama me k\u00ebt\u00eb rast ka vrar\u00eb me nj\u00eb gur 2 zogj: neutralizimin e nj\u00eb figure q\u00eb kishte shum\u00eb mb\u00ebshtetje popullore n\u00eb momentet e p\u00ebrballjes te \u201cZon\u00eb e Lir\u00eb\u201d por nd\u00ebrkoh\u00eb edhe legjitimimin e tij si nj\u00eb nga kund\u00ebrshtar\u00ebt e tij t\u00eb fort\u00eb. <\/span><\/p>\n<p><span style=\"color: #000000;\">Nuk ka dyshim q\u00eb efekti te audienca qe i madh p\u00ebr k\u00ebt\u00eb t\u00eb dyt\u00ebn p\u00ebr sa koh\u00eb promoja e emisionit p\u00ebrmbante p\u00ebrballjen dhe debatin mbi \u00e7mimet por edhe n\u00ebntekstin se ishte Lapaj q\u00eb e kishte ngritur me nj\u00eb k\u00ebmb\u00eb nga zyra e tij kryeministrin, i cili do duhej t\u00eb p\u00ebrgjigjej p\u00ebrball\u00eb tij. Shtuar k\u00ebsaj edhe sensin e n\u00ebn\u00e7mimit q\u00eb Rama ndjen p\u00ebr sfiduesit, situata b\u00ebhet m\u00ebse e lexuar; sjellja ndaj gazetares <span style=\"color: #0000ff;\"><a style=\"color: #0000ff;\" href=\"https:\/\/www.youtube.com\/watch?v=FscmcCBGsBA\">Ambrozia Meta<\/a> <\/span>t\u00eb SyriTV apo gazetarit Klevin Muka t\u00eb A2CNN.<\/span><\/p>\n<div style=\"width: 480px;\" class=\"wp-video\"><video class=\"wp-video-shortcode\" id=\"video-611576-1\" width=\"480\" height=\"848\" preload=\"metadata\" controls=\"controls\"><source type=\"video\/mp4\" src=\"https:\/\/www.hashtag.al\/wp-content\/uploads\/2023\/08\/AdriatikLapajpartia-1.mp4?_=1\" \/><a href=\"https:\/\/www.hashtag.al\/wp-content\/uploads\/2023\/08\/AdriatikLapajpartia-1.mp4\">https:\/\/www.hashtag.al\/wp-content\/uploads\/2023\/08\/AdriatikLapajpartia-1.mp4<\/a><\/video><\/div>\n<p><span style=\"color: #0000ff;\"><em>Zyrat e reja t\u00eb reklamuara vet\u00eb nga Lapaj n\u00eb rrjetet sociale<\/em>\u00a0<em>me citimin \u201cMe 200 v\u00ebshtir\u00ebsi, por pa detyrime aty ku nuk duhet\u201d<\/em><\/span><\/p>\n<p><span style=\"color: #000000;\"><strong>Nj\u00eb \u201curagan\u201d apo \u201cdisa uragane\u201d?<\/strong><\/span><\/p>\n<p><span style=\"color: #000000;\">Nd\u00ebrsa \u00ebsht\u00eb riorientuar pak\u00ebnaq\u00ebsia e elektoratit te Arlind Qori, surpriza e zgjedhjeve vendore me mbi 13 mij\u00eb vota dhe Shqip\u00ebria aktualisht \u00ebsht\u00eb pa nj\u00eb opozit\u00eb efikase si rrezik p\u00ebr Ram\u00ebn, \u00ebsht\u00eb krijuar sakt\u00ebsisht momenti i duhur q\u00eb t\u00eb prodhohet nj\u00eb e till\u00eb. O e injektuar, o natyrale.<\/span><\/p>\n<p><span style=\"color: #000000;\">Mozaiku p\u00ebrmban Arlind Qorin, sfilitjet e Altin Goxhajt me l\u00ebvizjen e tij q\u00eb po kanalizon energjit\u00eb te dekonspirimi sipas tij i Adriatik Lapajt si \u201cLul Basha i ri\u201d dhe vet\u00eb l\u00ebvizjen e Adriatik Lapajt. Lapaj e mohon se po b\u00ebn l\u00ebvizje politike kur pyetet nga Gogo.al duke th\u00ebn\u00eb se \u201c\u2026nuk jam duke b\u00ebr\u00eb parti, por jemi duke nd\u00ebrtuar nj\u00eb l\u00ebvizje qytetare e bashkim intelektual\u00ebsh p\u00ebr t\u00eb imponuar nj\u00eb tjet\u00ebr standard debati publik.\u201d<\/span><\/p>\n<div id=\"attachment_611598\" style=\"width: 892px\" class=\"wp-caption aligncenter\"><img loading=\"lazy\" decoding=\"async\" aria-describedby=\"caption-attachment-611598\" class=\"size-full wp-image-611598\" src=\"https:\/\/www.hashtag.al\/wp-content\/uploads\/2023\/08\/implementimiiprojektevesoros.png\" alt=\"\" width=\"882\" height=\"695\" srcset=\"https:\/\/www.hashtag.al\/wp-content\/uploads\/2023\/08\/implementimiiprojektevesoros.png 882w, https:\/\/www.hashtag.al\/wp-content\/uploads\/2023\/08\/implementimiiprojektevesoros-300x236.png 300w, https:\/\/www.hashtag.al\/wp-content\/uploads\/2023\/08\/implementimiiprojektevesoros-768x605.png 768w\" sizes=\"auto, (max-width: 882px) 100vw, 882px\" \/><p id=\"caption-attachment-611598\" class=\"wp-caption-text\"><span style=\"color: #0000ff;\">Lapaj gjat\u00eb implementimit t\u00eb projekteve t\u00eb Sorosit<\/span><\/p><\/div>\n<p><span style=\"color: #000000;\">Nuk dihet se \u00e7far\u00eb po ndodh me Endri Shabanin e \u201cNisma Thurje\u201d, nd\u00ebrsa \u201cVet\u00ebvendosje\u201d s\u2019arriti dot t\u00eb dep\u00ebrtonte n\u00eb Shqip\u00ebri dhe sheshimi i marr\u00ebdh\u00ebnies s\u00eb Ilir Met\u00ebs me Juri Kimin nuk e ravij\u00ebzoi dot si opozita e re.<\/span><\/p>\n<p><span style=\"color: #000000;\">E kaluara ka treguar se n\u00eb Shqip\u00ebri jan\u00eb prodhuar me efikasitet forca politike provizore p\u00ebr t\u00eb thithur elektoratin e pak\u00ebnaqur ndaj qeverisjes s\u00eb Ram\u00ebs q\u00eb po kalon dekad\u00ebn, si\u00e7 mund t\u00eb p\u00ebrmendim rastin e Gjergji Bojaxhiut apo Ben Blushit.<\/span><\/p>\n<div id=\"attachment_611581\" style=\"width: 1034px\" class=\"wp-caption aligncenter\"><img loading=\"lazy\" decoding=\"async\" aria-describedby=\"caption-attachment-611581\" class=\"wp-image-611581 size-full\" src=\"https:\/\/www.hashtag.al\/wp-content\/uploads\/2023\/08\/altingoxhajarlindqoriadriatiklapaj-1024x247-2.png\" alt=\"\" width=\"1024\" height=\"247\" srcset=\"https:\/\/www.hashtag.al\/wp-content\/uploads\/2023\/08\/altingoxhajarlindqoriadriatiklapaj-1024x247-2.png 1024w, https:\/\/www.hashtag.al\/wp-content\/uploads\/2023\/08\/altingoxhajarlindqoriadriatiklapaj-1024x247-2-300x72.png 300w, https:\/\/www.hashtag.al\/wp-content\/uploads\/2023\/08\/altingoxhajarlindqoriadriatiklapaj-1024x247-2-768x185.png 768w\" sizes=\"auto, (max-width: 1024px) 100vw, 1024px\" \/><p id=\"caption-attachment-611581\" class=\"wp-caption-text\"><span style=\"color: #0000ff;\">Altin Goxhaj, Arlind Qori dhe Adriatik Lapaj<\/span><\/p><\/div>\n<p><span style=\"color: #000000;\"><strong>Injektimi i opozit\u00ebs s\u00eb re<\/strong><\/span><\/p>\n<p><span style=\"color: #000000;\">Me emigrimin masiv t\u00eb qindramij\u00ebra shqiptar\u00ebve jasht\u00eb vendit, forc\u00ebs m\u00eb vitale p\u00ebr t\u00eb kund\u00ebrshtuar qeverisjen, me denoncimet serioze p\u00ebr shitblerje votash, me vrasjen politike q\u00eb amerikan\u00ebt i b\u00ebn\u00eb Berish\u00ebs dhe me misionin e k\u00ebtij t\u00eb fundit p\u00ebr ta shkat\u00ebrruar n\u00eb gjenez\u00eb partin\u00eb q\u00eb ravij\u00ebzonte opozit\u00ebn e pritshme p\u00ebr shqiptar\u00ebt n\u00eb vend se ta rigjall\u00ebronte n\u00eb luft\u00eb gjer n\u00eb dhemb\u00eb me Fondacionin Soros, kushtet jan\u00eb pjekur p\u00ebr t\u00eb injektuar nj\u00eb opozit\u00eb t\u00eb re.<\/span><\/p>\n<p><span style=\"color: #000000;\">Kush e ka tagrin e injektimit t\u00eb k\u00ebsaj opozite kur vet\u00eb forcat politike nuk kan\u00eb patur men\u00e7urin\u00eb t\u00eb reformohen, p\u00ebr t\u00eb l\u00ebn\u00eb hap\u00ebsir\u00eb apo p\u00ebr t\u00eb hapur krahun?<\/span><\/p>\n<p><span style=\"color: #000000;\">A \u00ebsht\u00eb Lapaj uragani real i vjesht\u00ebs s\u00eb pseudodemokracis\u00eb shqiptare q\u00eb ka mbi 30 vjet q\u00eb nuk po merr veten?<\/span><\/p>\n<p><span style=\"color: #000000;\">A \u00ebsht\u00eb Lapaj prodhim i grint\u00ebs s\u00eb rrudhur t\u00eb shqiptar\u00ebve kurajoz\u00eb q\u00eb k\u00ebrkojn\u00eb nj\u00eb qeverisje m\u00eb t\u00eb mir\u00eb?<\/span><\/p>\n<p><span style=\"color: #000000;\">A do ta mbaj\u00eb dot Lapaj nivelin e lart\u00eb t\u00eb kritik\u00ebs ndaj tij, shprehur edhe n\u00eb k\u00ebt\u00eb shkrim, shtuar edhe nivelin e lart\u00eb t\u00eb zhg\u00ebnjimit me turli personazhesh q\u00eb kan\u00eb b\u00ebr\u00eb puritanin n\u00eb aren\u00ebn politike si sfidonj\u00ebsit e Ram\u00ebs?<\/span><\/p>\n<p><span style=\"color: #000000;\">A do t\u00eb mundet dot Lapaj t\u00eb tejkaloj\u00eb Ram\u00ebn, Veliajn e t\u00eb jet\u00eb kandidati i ardh\u00ebm p\u00ebr kryeminist\u00ebr?<\/span><\/p>\n<p><span style=\"color: #000000;\">Me vepra, me debate\u2026pa viktimizime se po baltoset.<\/span><\/p>\n<p><span style=\"color: #000000;\">*****<\/span><\/p>\n<p><span style=\"color: #000000;\"><strong>Intervista me Adriatik Lapajn<\/strong><\/span><\/p>\n<p><span style=\"color: #0000ff;\"><em>Nga komunikimet tuaja n\u00eb rrjetet sociale duket q\u00eb keni nd\u00ebrmarr\u00eb nj\u00eb iniciativ\u00eb p\u00ebr krijimin e nj\u00eb l\u00ebvizje politike. \u00c7far\u00eb \u00ebsht\u00eb kjo l\u00ebvizje, si po organizoheni, kush po p\u00ebrfshihet n\u00eb t\u00eb?<\/em><\/span><\/p>\n<p><span style=\"color: #000000;\">N\u00eb fakt kam njoftuar krijimin e nj\u00eb l\u00ebvizje qytetare. Nj\u00eb bashkim intelektualesh n\u00eb qend\u00ebr dhe qytetar\u00ebve p\u00ebr t\u00eb imponuar nj\u00eb standard tjet\u00ebr t\u00eb debatit publik. Nj\u00eb rrug\u00ebtim njer\u00ebzish q\u00eb n\u00eb thelb t\u00eb tyre kan\u00eb parimet dhe kauz\u00ebn q\u00eb lidhet me:<\/span><\/p>\n<p><span style=\"color: #000000;\">1.Miratimin e ndryshimeve t\u00eb Kodit Zgjedhor duke hapur gar\u00ebn p\u00ebrmes heqjes s\u00eb rajonalizmit dhe listave t\u00eb mbyllura. Listat duhen hapur q\u00eb qytetar\u00ebt t\u00eb mund t\u00eb zgjedhin.<\/span><\/p>\n<p><span style=\"color: #000000;\">2.Miratimin e ligjit p\u00ebr referendumet me q\u00ebllim q\u00eb qytetar\u00ebt t\u00eb ken\u00eb kontroll mbi vendimet e politik\u00ebs n\u00eb nivel komb\u00ebtar dhe lokal.<\/span><\/p>\n<p><span style=\"color: #000000;\">3.Vot\u00ebn e emigrant\u00ebve si nj\u00eb mund\u00ebsi reale p\u00ebr demokratizimin e vendit.<\/span><\/p>\n<p><span style=\"color: #000000;\">4.Depolitizimin e administrat\u00ebs zgjedhore duke e kaluar administrimin e zgjedhjeve nga partit\u00eb politike te profesionet e lira. Kapja e manipulimeve t\u00eb shoq\u00ebrohet me humbjen e licens\u00ebs prej tyre.<\/span><\/p>\n<p><span style=\"color: #0000ff;\"><em>Cil\u00ebt faktor\u00eb t\u00eb biznesit, elitave etj. po ju mb\u00ebshtesin n\u00eb k\u00ebto momente?<\/em><\/span><\/p>\n<p><span style=\"color: #000000;\">Profesor\u00eb, mjek\u00eb, jurist\u00eb, ekonomist\u00eb nga shum\u00eb sektor\u00eb. Me biznesin nuk kam hyr\u00eb n\u00eb asnj\u00eb raport sepse besoj q\u00eb duhet t\u00eb jen\u00eb t\u00eb qeta n\u00eb aktivitetin e tyre.<\/span><\/p>\n<p><span style=\"color: #0000ff;\"><em>Koh\u00eb m\u00eb par\u00eb keni publikuar detaje nga mb\u00ebshtetja q\u00eb amerikan\u00ebt ju kan\u00eb dh\u00ebn\u00eb n\u00eb nj\u00eb program. A po ju mb\u00ebshtesin amerikan\u00ebt n\u00eb k\u00ebt\u00eb l\u00ebvizje?<\/em><\/span><\/p>\n<p><span style=\"color: #000000;\">Nuk kam paraqitur asnj\u00eb t\u00eb dh\u00ebn\u00eb q\u00eb synon t\u00eb jap\u00eb p\u00ebrshtypjen se ata po drejtojn\u00eb k\u00ebt\u00eb proces. U jam p\u00ebrgjigjur pyetjeve t\u00eb koleg\u00ebve tuaj gazetar\u00eb p\u00ebr rrug\u00ebtimin tim n\u00eb programin IVLP, i cili \u00ebsht\u00eb program lidershipi i Departamentit t\u00eb Shtetit. Asgj\u00eb me shum\u00eb.<\/span><\/p>\n<p><em><span style=\"color: #0000ff;\">A po ju mb\u00ebshtet Fondacioni Soros n\u00eb l\u00ebvizjen tuaj? Si do u p\u00ebrgjigjeni z\u00ebrave q\u00eb po ju akuzojn\u00eb se po.<\/span><\/em><\/p>\n<p><span style=\"color: #000000;\">Asnj\u00eb lidhje nuk ka fondacioni n\u00eb fjal\u00eb me rrug\u00ebn time. Ata q\u00eb m\u00eb s\u00eb shumti hedhin balte jan\u00eb njer\u00ebz q\u00eb kan\u00eb marr\u00eb projekte nd\u00ebr vite n\u00eb shuma t\u00eb medha nga ai fondacion.<\/span><\/p>\n<p><span style=\"color: #000000;\">N\u00ebse jan\u00eb b\u00ebr\u00eb pishman t\u00eb shkojn\u00eb e t\u00eb kthejn\u00eb lek\u00ebt. Un\u00eb e kuptoj q\u00eb zullumi i 32 viteve korrupsion e hajdut\u00ebri ka mjaftuesh\u00ebm para p\u00ebr t\u00eb financuar fushata balte dhe manipulimi publik, por e kan\u00eb t\u00eb kot\u00eb.<\/span><\/p>\n<p><span style=\"color: #000000;\">Si me Adriatikun si pa Adriatikun k\u00ebsaj pune i ka ardhur ora. Hallin s\u2019e kan\u00eb me mua, e kan\u00eb me zullumet e veta. E kan\u00eb me drejt\u00ebsin\u00eb. Un\u00eb t\u00eb gjith\u00eb angazhimin tim e kam p\u00ebr t\u00eb ardhmen. P\u00ebr idet\u00eb dhe p\u00ebr t\u00eb qen\u00eb model tjet\u00ebr.<\/span><\/p>\n<p><span style=\"color: #000000;\"><span style=\"color: #ff0000;\"><strong>VINI RE<\/strong><\/span>: Ky material \u00ebsht\u00eb pron\u00ebsi intelektuale e\u00a0<span style=\"color: #0000ff;\"><a style=\"color: #0000ff;\" href=\"https:\/\/gogo.al\/a-eshte-real-uragani-adriatik-intervista\/\">Gogo.al<\/a><\/span><\/span><\/p>\n","protected":false,"gt_translate_keys":[{"key":"rendered","format":"html"}]},"excerpt":{"rendered":"<p>Uragan\u00ebve u vendosin zakonisht emra grash. Fatmir\u00ebsisht Shqip\u00ebria nuk \u00ebsht\u00eb rrezikuar kurr\u00eb prej tyre mir\u00ebpo le ta marrim pak hua simbolikisht k\u00ebt\u00eb fenomen p\u00ebr t\u00eb p\u00ebrshkruar se \u00e7far\u00eb po ndodh politikisht n\u00eb vendin ton\u00eb. Teksa \u201cdinozaur\u00ebt\u201d luftojn\u00eb dhemb p\u00ebr dhemb p\u00ebr kull\u00ebn \u201cMali i Tiran\u00ebs\u201d ose n\u00eb rastin m\u00eb t\u00eb keq b\u00ebjn\u00eb sikur me teza [&hellip;]<\/p>\n","protected":false,"gt_translate_keys":[{"key":"rendered","format":"html"}]},"author":51,"featured_media":611577,"comment_status":"closed","ping_status":"closed","sticky":false,"template":"","format":"standard","meta":{"footnotes":""},"categories":[22],"tags":[],"class_list":["post-611576","post","type-post","status-publish","format-standard","has-post-thumbnail","hentry","category-ballina"],"gt_translate_keys":[{"key":"link","format":"url"}],"_links":{"self":[{"href":"https:\/\/www.hashtag.al\/index.php\/wp-json\/wp\/v2\/posts\/611576","targetHints":{"allow":["GET"]}}],"collection":[{"href":"https:\/\/www.hashtag.al\/index.php\/wp-json\/wp\/v2\/posts"}],"about":[{"href":"https:\/\/www.hashtag.al\/index.php\/wp-json\/wp\/v2\/types\/post"}],"author":[{"embeddable":true,"href":"https:\/\/www.hashtag.al\/index.php\/wp-json\/wp\/v2\/users\/51"}],"replies":[{"embeddable":true,"href":"https:\/\/www.hashtag.al\/index.php\/wp-json\/wp\/v2\/comments?post=611576"}],"version-history":[{"count":0,"href":"https:\/\/www.hashtag.al\/index.php\/wp-json\/wp\/v2\/posts\/611576\/revisions"}],"wp:featuredmedia":[{"embeddable":true,"href":"https:\/\/www.hashtag.al\/index.php\/wp-json\/wp\/v2\/media\/611577"}],"wp:attachment":[{"href":"https:\/\/www.hashtag.al\/index.php\/wp-json\/wp\/v2\/media?parent=611576"}],"wp:term":[{"taxonomy":"category","embeddable":true,"href":"https:\/\/www.hashtag.al\/index.php\/wp-json\/wp\/v2\/categories?post=611576"},{"taxonomy":"post_tag","embeddable":true,"href":"https:\/\/www.hashtag.al\/index.php\/wp-json\/wp\/v2\/tags?post=611576"}],"curies":[{"name":"wp","href":"https:\/\/api.w.org\/{rel}","templated":true}]}}