{"id":611210,"date":"2023-08-15T18:05:15","date_gmt":"2023-08-15T16:05:15","guid":{"rendered":"https:\/\/www.hashtag.al\/?p=611210"},"modified":"2023-08-15T18:05:15","modified_gmt":"2023-08-15T16:05:15","slug":"tokat-klsh-ne-site-rrethinat-e-tiranes-aktet-e-marrjes-ne-pronesi-kane-probleme","status":"publish","type":"post","link":"https:\/\/www.hashtag.al\/index.php\/2023\/08\/15\/tokat-klsh-ne-site-rrethinat-e-tiranes-aktet-e-marrjes-ne-pronesi-kane-probleme\/","title":{"rendered":"Tokat, KLSH n\u00eb \u2018sit\u00eb\u2019 rrethinat e Tiran\u00ebs: Aktet e marrjes n\u00eb pron\u00ebsi kan\u00eb probleme","gt_translate_keys":[{"key":"rendered","format":"text"}]},"content":{"rendered":"<p><img loading=\"lazy\" decoding=\"async\" class=\"aligncenter size-full wp-image-611211\" src=\"https:\/\/www.hashtag.al\/wp-content\/uploads\/2023\/08\/Petrela.jpg\" alt=\"\" width=\"800\" height=\"600\" srcset=\"https:\/\/www.hashtag.al\/wp-content\/uploads\/2023\/08\/Petrela.jpg 800w, https:\/\/www.hashtag.al\/wp-content\/uploads\/2023\/08\/Petrela-300x225.jpg 300w, https:\/\/www.hashtag.al\/wp-content\/uploads\/2023\/08\/Petrela-768x576.jpg 768w\" sizes=\"auto, (max-width: 800px) 100vw, 800px\" \/><\/p>\n<p><span style=\"color: #000000;\">Kat\u00ebr nj\u00ebsi administrative t\u00eb Tiran\u00ebs jan\u00eb audituar nga Kontrolli i Lart\u00eb i Shtetit ku n\u00eb fokus ka qen\u00eb procesi i akteve t\u00eb marrjes n\u00eb pron\u00ebsi t\u00eb tok\u00ebs bujq\u00ebsore dhe problematikat e gjetura jan\u00eb t\u00eb ngjashme.<\/span><\/p>\n<p><span style=\"color: #000000;\">Nj\u00ebsit\u00eb n\u00eb fjal\u00eb jan\u00eb rrethina t\u00eb Tiran\u00ebs disa prej tyre mjaft t\u00eb lakmuara edhe p\u00ebr hir t\u00eb projekteve dhe zhvillimit q\u00eb kan\u00eb marr\u00eb k\u00ebto rajone ku po nd\u00ebrtohen nj\u00ebsi banimi kryesisht vila por jo vet\u00ebm.<\/span><\/p>\n<p><span style=\"color: #000000;\">Por cilat jan\u00eb n\u00eb fakt k\u00ebto nj\u00ebsi dhe problemet tipike q\u00eb ka hasur KLSH-ja sa i takon aktit t\u00eb marrjes s\u00eb tok\u00ebs n\u00eb pron\u00ebsi p\u00ebr at\u00eb bujq\u00ebsore. Nj\u00ebsit\u00eb administrative jan\u00eb Petrela, Dajti, Zall Her dhe Farka. Problematikat e konstatuara n\u00eb proces jan\u00eb t\u00eb ngjashme n\u00eb shumic\u00ebn prej tyre.<\/span><\/p>\n<p><span style=\"color: #000000;\">K\u00ebshtu sipas KLSH n\u00eb shumic\u00ebn e nj\u00ebsive jan\u00eb konstatuar raste t\u00eb pasurive t\u00eb p\u00ebrftuara me an\u00eb t\u00eb Akteve t\u00eb Marrjes s\u00eb Tok\u00ebs n\u00eb Pron\u00ebsi (AMTP-t\u00eb) q\u00eb bien mbi pasuri \u201cpyll\u201d, q\u00eb do t\u00eb thot\u00eb se nga Nj\u00ebsia Administrative respektive, \u00ebsht\u00eb pranuar k\u00ebrkesa, p\u00ebr d\u00ebrgimin e AMTP-s\u00eb p\u00ebr regjistrim, pa shqyrtuar vlefshm\u00ebrin\u00eb tekniko-ligjore t\u00eb titullit t\u00eb pron\u00ebsis\u00eb t\u00eb krijuar mbi tok\u00ebn bujq\u00ebsore, (AMTP-s\u00eb) pa verifikuar dhe shqyrtuar dokumentacionin kadastral q\u00eb disponon Nj\u00ebsia Administrative.<\/span><\/p>\n<p><span style=\"color: #000000;\">N\u00eb nj\u00eb tjet\u00ebr pjes\u00eb t\u00eb rasteve konstatohet se nga, nga ish-komisioni i ndarjes s\u00eb tok\u00ebs n\u00eb fshat jan\u00eb pajisur familjet bujq\u00ebsore me tok\u00eb bujq\u00ebsore p\u00ebr norm\u00eb p\u00ebr frym\u00eb m\u00eb shum\u00eb se sa \u00ebsht\u00eb p\u00ebrcaktuar norma p\u00ebr frym\u00eb, bazuar n\u00eb certifikat\u00ebn familjare dat\u00eb 01.8.1991 dhe dat\u00eb 01.10.1992.<\/span><\/p>\n<p><span style=\"color: #000000;\">Audituesit kan\u00eb konstatuar gjithashtu se n\u00eb raste t\u00eb tjera, p\u00ebrfituesi i AMTP-s\u00eb nuk ka qen\u00eb i legjitimuar p\u00ebr t\u00eb p\u00ebrfituar tok\u00eb bujq\u00ebsore sipas akteve ligjore e n\u00ebnligjore p\u00ebr ndarjen e tok\u00ebs bujq\u00ebsore, bazuar n\u00eb certifikat\u00ebn e gjendjes familjare t\u00eb administruar n\u00eb dosje.<\/span><\/p>\n<p><span style=\"color: #000000;\">Po k\u00ebshtu jan\u00eb evidentuar raste kur plani i rilevimit i hartuar nga eksperti gjeodet i licencuar, nuk p\u00ebrmbush standardet teknike t\u00eb p\u00ebrcaktuara n\u00eb aktet n\u00ebnligjore t\u00eb dala n\u00eb zbatim t\u00eb ligjit nr. 72\/2012, \u201cP\u00ebr organizimin dhe funksionimin e infrastruktur\u00ebs komb\u00ebtare t\u00eb informacionit gjeohap\u00ebsinor n\u00eb RSH\u201d.<\/span><\/p>\n<p><span style=\"color: #000000;\">Raporti vler\u00ebson se n\u00eb disa nj\u00ebsi administrative, nga ana e specialistit t\u00eb ZAMIT-t t\u00eb Nj\u00ebsis\u00eb Administrative Fark\u00eb nuk \u00ebsht\u00eb verifikuar pasuria n\u00eb terren por \u00ebsht\u00eb referuar plan-rilevimit i p\u00ebrgatitur nga topografi me licenc\u00eb, ku ky i fundit i \u00ebsht\u00eb nuk ka sakt\u00ebsuar pasuris\u00eb sipas terrenit, por \u00ebsht\u00eb referuar hart\u00ebs kadastrale t\u00eb DV ASHK.<\/span><\/p>\n<p><span style=\"color: #000000;\">Nj\u00eb rast tjet\u00ebr \u00ebsht\u00eb ai kur \u00ebsht\u00eb plot\u00ebsuar AMTP \u201cDublikat\u00eb\u201d nga Nj\u00ebsia Administrative dhe e d\u00ebrguar direk p\u00ebr regjistrim pa u miratuar m\u00eb par\u00eb nga Sektori i AMTP-s\u00eb pran\u00eb Bashkis\u00eb Tiran\u00eb.<\/span><\/p>\n<p><span style=\"color: #000000;\">KLSH vler\u00ebson se n\u00eb t\u00eb gjitha rastet, n\u00eb dosje mungon i administruar v\u00ebrtetimi p\u00ebr shlyerjen e pages\u00ebs s\u00eb taks\u00ebs s\u00eb tok\u00ebs bujq\u00ebsore.<\/span><\/p>\n<p><span style=\"color: #000000;\"><span style=\"color: #ff0000;\"><strong>VINI RE<\/strong><\/span>: Ky material \u00ebsht\u00eb pron\u00ebsi intelektuale e <span style=\"color: #0000ff;\"><a style=\"color: #0000ff;\" href=\"https:\/\/www.monitor.al\/tokat-klsh-ne-site-rrethinat-e-tiranes-aktet-e-marrjes-ne-pronesi-kane-probleme\/\">Monitor<\/a><\/span><\/span><\/p>\n","protected":false,"gt_translate_keys":[{"key":"rendered","format":"html"}]},"excerpt":{"rendered":"<p>Kat\u00ebr nj\u00ebsi administrative t\u00eb Tiran\u00ebs jan\u00eb audituar nga Kontrolli i Lart\u00eb i Shtetit ku n\u00eb fokus ka qen\u00eb procesi i akteve t\u00eb marrjes n\u00eb pron\u00ebsi t\u00eb tok\u00ebs bujq\u00ebsore dhe problematikat e gjetura jan\u00eb t\u00eb ngjashme. Nj\u00ebsit\u00eb n\u00eb fjal\u00eb jan\u00eb rrethina t\u00eb Tiran\u00ebs disa prej tyre mjaft t\u00eb lakmuara edhe p\u00ebr hir t\u00eb projekteve dhe zhvillimit [&hellip;]<\/p>\n","protected":false,"gt_translate_keys":[{"key":"rendered","format":"html"}]},"author":51,"featured_media":611211,"comment_status":"closed","ping_status":"closed","sticky":false,"template":"","format":"standard","meta":{"footnotes":""},"categories":[65],"tags":[],"class_list":["post-611210","post","type-post","status-publish","format-standard","has-post-thumbnail","hentry","category-lajme"],"gt_translate_keys":[{"key":"link","format":"url"}],"_links":{"self":[{"href":"https:\/\/www.hashtag.al\/index.php\/wp-json\/wp\/v2\/posts\/611210","targetHints":{"allow":["GET"]}}],"collection":[{"href":"https:\/\/www.hashtag.al\/index.php\/wp-json\/wp\/v2\/posts"}],"about":[{"href":"https:\/\/www.hashtag.al\/index.php\/wp-json\/wp\/v2\/types\/post"}],"author":[{"embeddable":true,"href":"https:\/\/www.hashtag.al\/index.php\/wp-json\/wp\/v2\/users\/51"}],"replies":[{"embeddable":true,"href":"https:\/\/www.hashtag.al\/index.php\/wp-json\/wp\/v2\/comments?post=611210"}],"version-history":[{"count":0,"href":"https:\/\/www.hashtag.al\/index.php\/wp-json\/wp\/v2\/posts\/611210\/revisions"}],"wp:featuredmedia":[{"embeddable":true,"href":"https:\/\/www.hashtag.al\/index.php\/wp-json\/wp\/v2\/media\/611211"}],"wp:attachment":[{"href":"https:\/\/www.hashtag.al\/index.php\/wp-json\/wp\/v2\/media?parent=611210"}],"wp:term":[{"taxonomy":"category","embeddable":true,"href":"https:\/\/www.hashtag.al\/index.php\/wp-json\/wp\/v2\/categories?post=611210"},{"taxonomy":"post_tag","embeddable":true,"href":"https:\/\/www.hashtag.al\/index.php\/wp-json\/wp\/v2\/tags?post=611210"}],"curies":[{"name":"wp","href":"https:\/\/api.w.org\/{rel}","templated":true}]}}