{"id":610899,"date":"2023-08-14T08:58:08","date_gmt":"2023-08-14T06:58:08","guid":{"rendered":"https:\/\/www.hashtag.al\/?p=610899"},"modified":"2023-08-14T08:58:08","modified_gmt":"2023-08-14T06:58:08","slug":"meloni-viziton-sot-shqiperine-me-ftese-te-rames","status":"publish","type":"post","link":"https:\/\/www.hashtag.al\/index.php\/2023\/08\/14\/meloni-viziton-sot-shqiperine-me-ftese-te-rames\/","title":{"rendered":"Meloni viziton sot Shqip\u00ebrin\u00eb me ftes\u00eb t\u00eb Ram\u00ebs","gt_translate_keys":[{"key":"rendered","format":"text"}]},"content":{"rendered":"<p><img loading=\"lazy\" decoding=\"async\" class=\"aligncenter size-full wp-image-610900\" src=\"https:\/\/www.hashtag.al\/wp-content\/uploads\/2023\/08\/ramameloni.jpg\" alt=\"\" width=\"1135\" height=\"720\" srcset=\"https:\/\/www.hashtag.al\/wp-content\/uploads\/2023\/08\/ramameloni.jpg 1135w, https:\/\/www.hashtag.al\/wp-content\/uploads\/2023\/08\/ramameloni-300x190.jpg 300w, https:\/\/www.hashtag.al\/wp-content\/uploads\/2023\/08\/ramameloni-1024x650.jpg 1024w, https:\/\/www.hashtag.al\/wp-content\/uploads\/2023\/08\/ramameloni-768x487.jpg 768w\" sizes=\"auto, (max-width: 1135px) 100vw, 1135px\" \/><\/p>\n<p><span style=\"color: #000000;\">Kryeministrja italiane Meloni do mb\u00ebrrij\u00eb sot n\u00eb Shqip\u00ebri n\u00eb nj\u00eb vizit\u00eb me ftes\u00eb t\u00eb Ram\u00ebs. Ajo do vizitoj\u00eb Vlor\u00ebn nd\u00ebrsa b\u00ebhet fjal\u00eb p\u00ebr nj\u00eb vizit\u00eb private e jo zyrtare.<\/span><\/p>\n<p><span style=\"color: #000000;\">Prej disa jav\u00ebsh media italiane i kan\u00eb kushtuar shum\u00eb shkrime Shqip\u00ebris\u00eb e ardhjes s\u00eb italian\u00ebve p\u00ebr pushime k\u00ebtu duke \u2018braktisur\u2019 Italin\u00eb. <\/span><\/p>\n<p><span style=\"color: #000000;\">N\u00eb nj\u00eb shkrim t\u00eb \u2018La Stampa\u2019 p\u00ebr bregdetin shqiptar e p\u00ebr arsyen pse italian\u00ebt e kan\u00eb zgjedhur n\u00eb shumic\u00eb k\u00ebt\u00eb vit, komentuesit n\u00eb Facebook e kritikonin median e njohur se po sh\u00ebrbente si zyr\u00eb promocioni turistik p\u00ebr Shqip\u00ebrin\u00eb.<\/span><\/p>\n","protected":false,"gt_translate_keys":[{"key":"rendered","format":"html"}]},"excerpt":{"rendered":"<p>Kryeministrja italiane Meloni do mb\u00ebrrij\u00eb sot n\u00eb Shqip\u00ebri n\u00eb nj\u00eb vizit\u00eb me ftes\u00eb t\u00eb Ram\u00ebs. Ajo do vizitoj\u00eb Vlor\u00ebn nd\u00ebrsa b\u00ebhet fjal\u00eb p\u00ebr nj\u00eb vizit\u00eb private e jo zyrtare. Prej disa jav\u00ebsh media italiane i kan\u00eb kushtuar shum\u00eb shkrime Shqip\u00ebris\u00eb e ardhjes s\u00eb italian\u00ebve p\u00ebr pushime k\u00ebtu duke \u2018braktisur\u2019 Italin\u00eb. N\u00eb nj\u00eb shkrim t\u00eb \u2018La [&hellip;]<\/p>\n","protected":false,"gt_translate_keys":[{"key":"rendered","format":"html"}]},"author":51,"featured_media":610900,"comment_status":"closed","ping_status":"closed","sticky":false,"template":"","format":"standard","meta":{"footnotes":""},"categories":[65],"tags":[],"class_list":["post-610899","post","type-post","status-publish","format-standard","has-post-thumbnail","hentry","category-lajme"],"gt_translate_keys":[{"key":"link","format":"url"}],"_links":{"self":[{"href":"https:\/\/www.hashtag.al\/index.php\/wp-json\/wp\/v2\/posts\/610899","targetHints":{"allow":["GET"]}}],"collection":[{"href":"https:\/\/www.hashtag.al\/index.php\/wp-json\/wp\/v2\/posts"}],"about":[{"href":"https:\/\/www.hashtag.al\/index.php\/wp-json\/wp\/v2\/types\/post"}],"author":[{"embeddable":true,"href":"https:\/\/www.hashtag.al\/index.php\/wp-json\/wp\/v2\/users\/51"}],"replies":[{"embeddable":true,"href":"https:\/\/www.hashtag.al\/index.php\/wp-json\/wp\/v2\/comments?post=610899"}],"version-history":[{"count":0,"href":"https:\/\/www.hashtag.al\/index.php\/wp-json\/wp\/v2\/posts\/610899\/revisions"}],"wp:featuredmedia":[{"embeddable":true,"href":"https:\/\/www.hashtag.al\/index.php\/wp-json\/wp\/v2\/media\/610900"}],"wp:attachment":[{"href":"https:\/\/www.hashtag.al\/index.php\/wp-json\/wp\/v2\/media?parent=610899"}],"wp:term":[{"taxonomy":"category","embeddable":true,"href":"https:\/\/www.hashtag.al\/index.php\/wp-json\/wp\/v2\/categories?post=610899"},{"taxonomy":"post_tag","embeddable":true,"href":"https:\/\/www.hashtag.al\/index.php\/wp-json\/wp\/v2\/tags?post=610899"}],"curies":[{"name":"wp","href":"https:\/\/api.w.org\/{rel}","templated":true}]}}