{"id":610784,"date":"2023-08-13T13:17:30","date_gmt":"2023-08-13T11:17:30","guid":{"rendered":"https:\/\/www.hashtag.al\/?p=610784"},"modified":"2023-08-13T13:17:30","modified_gmt":"2023-08-13T11:17:30","slug":"udheheqesit-e-egjiptit-jordanise-dhe-palestines-takim-trepalesh-per-te-diskutuar-ceshtjet-rajonale","status":"publish","type":"post","link":"https:\/\/www.hashtag.al\/index.php\/2023\/08\/13\/udheheqesit-e-egjiptit-jordanise-dhe-palestines-takim-trepalesh-per-te-diskutuar-ceshtjet-rajonale\/","title":{"rendered":"Udh\u00ebheq\u00ebsit e Egjiptit, Jordanis\u00eb dhe Palestin\u00ebs, takim trepal\u00ebsh p\u00ebr t\u00eb diskutuar \u00e7\u00ebshtjet rajonale","gt_translate_keys":[{"key":"rendered","format":"text"}]},"content":{"rendered":"<p><a href=\"https:\/\/www.hashtag.al\/wp-content\/uploads\/2023\/08\/thumbs_b_c_765a468845c37ee3845e2012b79b37ec.jpg\"><img loading=\"lazy\" decoding=\"async\" class=\"aligncenter size-full wp-image-610785\" src=\"https:\/\/www.hashtag.al\/wp-content\/uploads\/2023\/08\/thumbs_b_c_765a468845c37ee3845e2012b79b37ec.jpg\" alt=\"\" width=\"864\" height=\"486\" srcset=\"https:\/\/www.hashtag.al\/wp-content\/uploads\/2023\/08\/thumbs_b_c_765a468845c37ee3845e2012b79b37ec.jpg 864w, https:\/\/www.hashtag.al\/wp-content\/uploads\/2023\/08\/thumbs_b_c_765a468845c37ee3845e2012b79b37ec-300x169.jpg 300w, https:\/\/www.hashtag.al\/wp-content\/uploads\/2023\/08\/thumbs_b_c_765a468845c37ee3845e2012b79b37ec-768x432.jpg 768w\" sizes=\"auto, (max-width: 864px) 100vw, 864px\" \/><\/a><\/p>\n<p>&nbsp;<\/p>\n<p><span style=\"color: #000000;\">Presidenti palestinez Mahmud Abbas, presidenti egjiptian Abdel Fattah al-Sisi dhe mbreti jordanez Abdullah II do t\u00eb takohen t\u00eb diel\u00ebn p\u00ebr t\u00eb diskutuar \u00e7\u00ebshtjet rajonale dhe nd\u00ebrkomb\u00ebtare.<\/span><\/p>\n<p><span style=\"color: #000000;\">Ambasadori palestinez n\u00eb Egjipt, Diab Allouh tha n\u00eb nj\u00eb deklarat\u00eb se lider\u00ebt do t\u00eb diskutojn\u00eb \u00e7\u00ebshtjet rajonale, nd\u00ebrkomb\u00ebtare dhe t\u00eb bot\u00ebs arabe dhe do t\u00eb p\u00ebrcaktojn\u00eb nj\u00eb q\u00ebndrim t\u00eb p\u00ebrbashk\u00ebt.<\/span><\/p>\n<p><span style=\"color: #000000;\">Samiti trepal\u00ebsh do t\u00eb mbahet n\u00eb qytetin bregdetar egjiptian El Alamein, sipas <span style=\"color: #0000ff;\"><a style=\"color: #0000ff;\" href=\"https:\/\/www.aa.com.tr\/en\/middle-east\/egyptian-jordanian-palestinian-leaders-to-discuss-regional-issues-at-tripartite-summit\/2966557\">AA.<\/a><\/span><\/span><\/p>\n<p><span style=\"color: #000000;\">Udh\u00ebheq\u00ebsit do t\u00eb diskutojn\u00eb gjithashtu zhvillimet e fundit n\u00eb Palestin\u00eb, si dhe marrjen e mb\u00ebshtetjes nd\u00ebrkomb\u00ebtare p\u00ebr t\u00eb drejt\u00ebn e palestinez\u00ebve p\u00ebr liri, pavar\u00ebsi dhe krijimin e shtetit t\u00eb tyre.<\/span><\/p>\n<p><span style=\"color: #000000;\">Udh\u00ebheq\u00ebsit e Egjiptit, Jordanis\u00eb dhe Palestin\u00ebs u takuan n\u00eb Kajro m\u00eb 17 janar si pjes\u00eb e samitit t\u00eb mbajtur p\u00ebr t\u00eb nj\u00ebjtin q\u00ebllim.<\/span><\/p>\n","protected":false,"gt_translate_keys":[{"key":"rendered","format":"html"}]},"excerpt":{"rendered":"<p>&nbsp; Presidenti palestinez Mahmud Abbas, presidenti egjiptian Abdel Fattah al-Sisi dhe mbreti jordanez Abdullah II do t\u00eb takohen t\u00eb diel\u00ebn p\u00ebr t\u00eb diskutuar \u00e7\u00ebshtjet rajonale dhe nd\u00ebrkomb\u00ebtare. Ambasadori palestinez n\u00eb Egjipt, Diab Allouh tha n\u00eb nj\u00eb deklarat\u00eb se lider\u00ebt do t\u00eb diskutojn\u00eb \u00e7\u00ebshtjet rajonale, nd\u00ebrkomb\u00ebtare dhe t\u00eb bot\u00ebs arabe dhe do t\u00eb p\u00ebrcaktojn\u00eb nj\u00eb q\u00ebndrim [&hellip;]<\/p>\n","protected":false,"gt_translate_keys":[{"key":"rendered","format":"html"}]},"author":30,"featured_media":610785,"comment_status":"closed","ping_status":"closed","sticky":false,"template":"","format":"standard","meta":{"footnotes":""},"categories":[6],"tags":[],"class_list":["post-610784","post","type-post","status-publish","format-standard","has-post-thumbnail","hentry","category-nderkombetare"],"gt_translate_keys":[{"key":"link","format":"url"}],"_links":{"self":[{"href":"https:\/\/www.hashtag.al\/index.php\/wp-json\/wp\/v2\/posts\/610784","targetHints":{"allow":["GET"]}}],"collection":[{"href":"https:\/\/www.hashtag.al\/index.php\/wp-json\/wp\/v2\/posts"}],"about":[{"href":"https:\/\/www.hashtag.al\/index.php\/wp-json\/wp\/v2\/types\/post"}],"author":[{"embeddable":true,"href":"https:\/\/www.hashtag.al\/index.php\/wp-json\/wp\/v2\/users\/30"}],"replies":[{"embeddable":true,"href":"https:\/\/www.hashtag.al\/index.php\/wp-json\/wp\/v2\/comments?post=610784"}],"version-history":[{"count":0,"href":"https:\/\/www.hashtag.al\/index.php\/wp-json\/wp\/v2\/posts\/610784\/revisions"}],"wp:featuredmedia":[{"embeddable":true,"href":"https:\/\/www.hashtag.al\/index.php\/wp-json\/wp\/v2\/media\/610785"}],"wp:attachment":[{"href":"https:\/\/www.hashtag.al\/index.php\/wp-json\/wp\/v2\/media?parent=610784"}],"wp:term":[{"taxonomy":"category","embeddable":true,"href":"https:\/\/www.hashtag.al\/index.php\/wp-json\/wp\/v2\/categories?post=610784"},{"taxonomy":"post_tag","embeddable":true,"href":"https:\/\/www.hashtag.al\/index.php\/wp-json\/wp\/v2\/tags?post=610784"}],"curies":[{"name":"wp","href":"https:\/\/api.w.org\/{rel}","templated":true}]}}