{"id":610769,"date":"2023-08-13T11:51:04","date_gmt":"2023-08-13T09:51:04","guid":{"rendered":"https:\/\/www.hashtag.al\/?p=610769"},"modified":"2023-08-13T11:51:04","modified_gmt":"2023-08-13T09:51:04","slug":"vuante-denimin-per-vjedhje-vdes-ne-burgun-e-rrogozhines-37-vjecari","status":"publish","type":"post","link":"https:\/\/www.hashtag.al\/index.php\/2023\/08\/13\/vuante-denimin-per-vjedhje-vdes-ne-burgun-e-rrogozhines-37-vjecari\/","title":{"rendered":"Vuante d\u00ebnimin p\u00ebr vjedhje, vdes n\u00eb burgun e Rrogozhin\u00ebs 37-vje\u00e7ari","gt_translate_keys":[{"key":"rendered","format":"text"}]},"content":{"rendered":"<p><span style=\"color: #000000;\"><a href=\"https:\/\/www.hashtag.al\/wp-content\/uploads\/2023\/08\/1690122248_burg.jpeg\"><img loading=\"lazy\" decoding=\"async\" class=\"aligncenter size-full wp-image-610770\" src=\"https:\/\/www.hashtag.al\/wp-content\/uploads\/2023\/08\/1690122248_burg.jpeg\" alt=\"\" width=\"780\" height=\"440\" srcset=\"https:\/\/www.hashtag.al\/wp-content\/uploads\/2023\/08\/1690122248_burg.jpeg 780w, https:\/\/www.hashtag.al\/wp-content\/uploads\/2023\/08\/1690122248_burg-300x169.jpeg 300w, https:\/\/www.hashtag.al\/wp-content\/uploads\/2023\/08\/1690122248_burg-768x433.jpeg 768w\" sizes=\"auto, (max-width: 780px) 100vw, 780px\" \/><\/a><\/span><\/p>\n<p><span style=\"color: #000000;\">Nj\u00eb 37 vje\u00e7ar i d\u00ebnuar p\u00ebr vjedhje ka nd\u00ebrruar jet\u00eb n\u00eb ambientet e burgut t\u00eb Rrogozhin\u00ebs ku po vuante d\u00ebnimin prej 13 janarit 2023.<\/span><\/p>\n<p><span style=\"color: #000000;\">Referuar deklarimeve t\u00eb banor\u00ebve t\u00eb dhom\u00ebs si dhe t\u00eb punonj\u00ebsit t\u00eb sh\u00ebrbimit, rreth or\u00ebs 20.30, i d\u00ebnuari Mariglen Alterziu \u00ebsht\u00eb futur n\u00eb tualet\u00a0 dhe pas disa minutash \u00ebsht\u00eb konstatuar pa ndjenja i r\u00ebn\u00eb n\u00eb dysheme. Menj\u00ebher\u00eb \u00ebsht\u00eb thirrur stafi sh\u00ebndet\u00ebsor i turnit, i cili ka shkuar tek pacienti n\u00eb or\u00ebn 20.38, p\u00ebr nj\u00eb koh\u00eb m\u00eb pak se 3 minuta dhe i ka dh\u00ebn\u00eb ndihm\u00ebn e par\u00eb, informon policia Drejtoria e Burgjeve<\/span><\/p>\n<p><span style=\"color: #000000;\">\u00cbsht\u00eb urdh\u00ebruar shoq\u00ebrimin i tij p\u00ebr n\u00eb Q\u00ebndr\u00ebn Sh\u00ebndetesore Rrogozhin\u00eb n\u00ebp\u00ebrmjet punoj\u00ebsve t\u00eb policis\u00eb t\u00eb grupit t\u00eb siguris\u00eb dhe stafit sh\u00ebndet\u00ebsor, t\u00eb cil\u00ebt ishin me sh\u00ebrbim. N\u00eb or\u00ebn 21.15 t\u00eb mbr\u00ebmjes s\u00eb 12 gushtit \u00ebsht\u00eb konfirmuar nga mjekja e sh\u00ebrbimit e Qendr\u00ebs Sh\u00ebndet\u00ebsore Rrogozhin\u00eb vdekja e tij.<\/span><\/p>\n<p><span style=\"color: #000000;\">\u00a0Nj\u00eb ekip i Drejtoris\u00eb s\u00eb P\u00ebrgjithshme dhe specialist\u00ebt e SHKBB kan\u00eb shkuar n\u00eb vendngjarje dhe kan\u00eb nisur hetimin lidhur me rrethanat e vdekjes. Nga vler\u00ebsimi paraprak &#8211; si dhe deklarimet e stafit sh\u00ebndet\u00ebsor &#8211; dyshohet p\u00ebr arrest kardiak, por kjo pritet t\u00eb konfirmohet nga ekspert\u00ebt e mjek\u00ebsis\u00eb ligjore.<\/span><\/p>\n<p><span style=\"color: #000000;\"><em>\u201cNga t\u00eb dh\u00ebnat, ky i burgosur \u00ebsht\u00eb klasifikuar si person i qet\u00eb dhe pa asnj\u00eb problematik\u00eb t\u00eb ve\u00e7ant\u00eb, \u2013 nuk ka asnj\u00eb evidenc\u00eb q\u00eb t\u00eb ket\u00eb pasur konflikte apo hasm\u00ebri me persona t\u00eb tjer\u00eb brenda regjimit, si dhe nuk ka t\u00eb dh\u00ebna si p\u00ebrdorues i l\u00ebnd\u00ebve narkotike apo psikotrope. Gjithashtu, q\u00eb nga nisja e d\u00ebnimit nuk ka pasur asnj\u00eb k\u00ebrkes\u00eb nga i ndjeri apo stafi mjek\u00ebsor p\u00ebr probleme t\u00eb mundshme sh\u00ebndet\u00ebsore\u201d <\/em>informon Drejtoria e P\u00ebrgjithshme e Burgjeve e cila e mbyll deklarat\u00ebn duke i shprehur ngush\u00ebllime familjar\u00ebve dhe t\u00eb af\u00ebrmve t\u00eb t\u00eb ndjerit.<\/span><\/p>\n","protected":false,"gt_translate_keys":[{"key":"rendered","format":"html"}]},"excerpt":{"rendered":"<p>Nj\u00eb 37 vje\u00e7ar i d\u00ebnuar p\u00ebr vjedhje ka nd\u00ebrruar jet\u00eb n\u00eb ambientet e burgut t\u00eb Rrogozhin\u00ebs ku po vuante d\u00ebnimin prej 13 janarit 2023. Referuar deklarimeve t\u00eb banor\u00ebve t\u00eb dhom\u00ebs si dhe t\u00eb punonj\u00ebsit t\u00eb sh\u00ebrbimit, rreth or\u00ebs 20.30, i d\u00ebnuari Mariglen Alterziu \u00ebsht\u00eb futur n\u00eb tualet\u00a0 dhe pas disa minutash \u00ebsht\u00eb konstatuar pa ndjenja [&hellip;]<\/p>\n","protected":false,"gt_translate_keys":[{"key":"rendered","format":"html"}]},"author":30,"featured_media":610770,"comment_status":"closed","ping_status":"closed","sticky":false,"template":"","format":"standard","meta":{"footnotes":""},"categories":[65],"tags":[],"class_list":["post-610769","post","type-post","status-publish","format-standard","has-post-thumbnail","hentry","category-lajme"],"gt_translate_keys":[{"key":"link","format":"url"}],"_links":{"self":[{"href":"https:\/\/www.hashtag.al\/index.php\/wp-json\/wp\/v2\/posts\/610769","targetHints":{"allow":["GET"]}}],"collection":[{"href":"https:\/\/www.hashtag.al\/index.php\/wp-json\/wp\/v2\/posts"}],"about":[{"href":"https:\/\/www.hashtag.al\/index.php\/wp-json\/wp\/v2\/types\/post"}],"author":[{"embeddable":true,"href":"https:\/\/www.hashtag.al\/index.php\/wp-json\/wp\/v2\/users\/30"}],"replies":[{"embeddable":true,"href":"https:\/\/www.hashtag.al\/index.php\/wp-json\/wp\/v2\/comments?post=610769"}],"version-history":[{"count":0,"href":"https:\/\/www.hashtag.al\/index.php\/wp-json\/wp\/v2\/posts\/610769\/revisions"}],"wp:featuredmedia":[{"embeddable":true,"href":"https:\/\/www.hashtag.al\/index.php\/wp-json\/wp\/v2\/media\/610770"}],"wp:attachment":[{"href":"https:\/\/www.hashtag.al\/index.php\/wp-json\/wp\/v2\/media?parent=610769"}],"wp:term":[{"taxonomy":"category","embeddable":true,"href":"https:\/\/www.hashtag.al\/index.php\/wp-json\/wp\/v2\/categories?post=610769"},{"taxonomy":"post_tag","embeddable":true,"href":"https:\/\/www.hashtag.al\/index.php\/wp-json\/wp\/v2\/tags?post=610769"}],"curies":[{"name":"wp","href":"https:\/\/api.w.org\/{rel}","templated":true}]}}