{"id":610670,"date":"2023-08-12T18:32:23","date_gmt":"2023-08-12T16:32:23","guid":{"rendered":"https:\/\/www.hashtag.al\/?p=610670"},"modified":"2023-08-12T18:36:14","modified_gmt":"2023-08-12T16:36:14","slug":"autokritike-edhe-per-ata-qe-jane-shqetesuar-per-edi-ramen","status":"publish","type":"post","link":"https:\/\/www.hashtag.al\/index.php\/2023\/08\/12\/autokritike-edhe-per-ata-qe-jane-shqetesuar-per-edi-ramen\/","title":{"rendered":"Autokritik\u00eb edhe p\u00ebr ata q\u00eb jan\u00eb shqet\u00ebsuar p\u00ebr Edi Ram\u00ebn","gt_translate_keys":[{"key":"rendered","format":"text"}]},"content":{"rendered":"<p><img loading=\"lazy\" decoding=\"async\" class=\"aligncenter size-full wp-image-546537\" src=\"https:\/\/www.hashtag.al\/wp-content\/uploads\/2022\/09\/merobaze-e1691517427636.jpg\" alt=\"\" width=\"1200\" height=\"723\" srcset=\"https:\/\/www.hashtag.al\/wp-content\/uploads\/2022\/09\/merobaze-e1691517427636.jpg 1200w, https:\/\/www.hashtag.al\/wp-content\/uploads\/2022\/09\/merobaze-e1691517427636-300x181.jpg 300w, https:\/\/www.hashtag.al\/wp-content\/uploads\/2022\/09\/merobaze-e1691517427636-1024x617.jpg 1024w, https:\/\/www.hashtag.al\/wp-content\/uploads\/2022\/09\/merobaze-e1691517427636-768x463.jpg 768w\" sizes=\"auto, (max-width: 1200px) 100vw, 1200px\" \/><\/p>\n<p><span style=\"color: #000000;\"><strong>Nga Mero Baze<\/strong><\/span><\/p>\n<p><span style=\"color: #000000;\">Tani m\u00eb duhet t\u00eb b\u00ebj edhe nj\u00eb autokritik\u00eb tjet\u00ebr t\u00eb thelluar p\u00ebr koleg\u00ebt gazetar\u00eb, mb\u00ebshtet\u00ebs t\u00eb Berish\u00ebs dhe opozitar\u00eb t\u00eb tjer\u00eb t\u00eb trembur q\u00eb p\u00ebrgjojn\u00eb p\u00ebrse ndodh kjo, kush po e sulmon Ram\u00ebn p\u00ebr kull\u00ebn, pse po e sulmojn\u00eb, \u00e7far\u00eb fshihet pas gjith\u00eb k\u00ebsaj etj.<\/span><\/p>\n<p><span style=\"color: #000000;\">Fillimisht ju k\u00ebrkoj ndjes\u00eb gazetar\u00ebve t\u00eb pal\u00ebkundur n\u00eb mbrojtje t\u00eb Berish\u00ebs, t\u00eb cil\u00ebt i detyrova t\u00eb l\u00ebvizin p\u00ebr nj\u00eb moment nga istikami i tyre ku ruajn\u00eb me pushk\u00eb Model 56, se mos u sulmon njeri Berish\u00ebn, dhe u hodh\u00ebn n\u00eb mbrojtje t\u00eb Edi Ram\u00ebs.<\/span><\/p>\n<p><span style=\"color: #000000;\">Nuk di a e kan\u00eb b\u00ebr\u00eb me leje a pa leje t\u00eb Berish\u00ebs k\u00ebt\u00eb dalje nga vija, por p\u00ebr mua kjo \u00ebsht\u00eb nj\u00eb vrasje nd\u00ebrgjegjeje pasi e di mir\u00eb \u00e7do t\u00eb thot\u00eb t\u00eb l\u00ebsh llogoren q\u00eb mbron Saliun e t\u00eb hidhesh t\u00eb mbrosh Ram\u00ebn nga \u201ct\u00eb vet\u00ebt\u201d.<\/span><\/p>\n<p><span style=\"color: #000000;\">N\u00ebse e kan\u00eb b\u00ebr\u00eb me leje t\u00eb Saliut, t\u00eb m\u00eb falin dhe t\u00eb mos e marrin n\u00eb konsiderat\u00eb k\u00ebt\u00eb autokratik\u00eb.<\/span><\/p>\n<p><span style=\"color: #000000;\">Por e di mir\u00eb sa t\u00eb sinqert\u00eb jan\u00eb n\u00eb k\u00ebt\u00eb gj\u00eb, pasi brenda Foltores, tradhtia e t\u00eb folurit kund\u00ebr t\u00eb parit \u00ebsht\u00eb mbi t\u00eb gjitha tradhtit\u00eb. Ndaj dhe jan\u00eb kaq t\u00eb ndjesh\u00ebm.<\/span><\/p>\n<p><span style=\"color: #000000;\">S\u00eb dyti, m\u00eb duhet t\u2019i k\u00ebrkoj falje Erion Veliajt, p\u00ebr t\u00eb cilin shumica e t\u00eb lartp\u00ebrmendurve kan\u00eb iden\u00eb se ka qen\u00eb kund\u00ebr kull\u00ebs dhe lejes s\u00eb saj dhe tani do t\u00eb marr\u00eb hak ndaj Ram\u00ebs p\u00ebrmes meje, pse Rama ka dh\u00ebn\u00eb lejen e kull\u00ebs.<\/span><\/p>\n<p><span style=\"color: #000000;\">E di q\u00eb nuk i kam hap ndonj\u00eb telash real, por ai me aq inteligjenc\u00eb sa ka, mund t&#8217;ia paraqes\u00eb Ram\u00ebs k\u00ebt\u00eb si nj\u00eb sh\u00ebrbim t\u00eb madh PR, pasi duke sakrifikuar veten dhe duke duruar thashethemet ndaj tij, ka b\u00ebr\u00eb t\u00eb mundur q\u00eb skalionet m\u00eb t\u00eb egra t\u00eb gazetar\u00ebve t\u00eb Saliut t\u2019i b\u00ebj\u00eb t\u2019u vij\u00eb keq p\u00ebr Ram\u00ebn dhe t\u00eb vajtojn\u00eb prej 24 or\u00ebsh q\u00eb po i bien m\u00eb qaf\u00eb \u201ct\u00eb vet\u00ebt\u201d.<\/span><\/p>\n<p><span style=\"color: #000000;\">K\u00ebt\u00eb dhe sikur nga nj\u00eb kull\u00eb t\u2019i jepje secilit, nuk do t\u00eb mund t\u00eb arrinte askush.<\/span><\/p>\n<p><span style=\"color: #000000;\">Dhe e gjith\u00eb kjo u mund\u00ebsua vet\u00ebm duke testuar a jan\u00eb v\u00ebrtet t\u00eb m\u00ebrzitur me Ram\u00ebn apo jo, njer\u00ebzit e Berish\u00ebs. Testi provoi jo vet\u00ebm q\u00eb nuk jan\u00eb t\u00eb m\u00ebrzitur me Ram\u00ebn, por jan\u00eb t\u00eb m\u00ebrzitur me k\u00ebdo q\u00eb guxon t\u00eb prek\u00eb Ram\u00ebn.<\/span><\/p>\n<p><span style=\"color: #000000;\">Ndaj i k\u00ebrkoj ndjes\u00eb q\u00eb ai u b\u00eb shkak q\u00eb t\u00eb na dekonspirohen dhe njer\u00ebzit tan\u00eb pran\u00eb Berish\u00ebs.<\/span><\/p>\n<p><span style=\"color: #000000;\">S\u00eb treti, m\u00eb duhet t\u2019i k\u00ebrkoj falje Gimit, Shtufit, kunatit t\u00eb Sandrit, Sandrit vet, shok\u00ebve t\u00eb Sandrit, ortak\u00ebve t\u00eb tyre dhe gjith\u00eb t\u00eb interesuarve t\u00eb \u201cM\u00ebhall\u00ebs s\u00eb Kull\u00ebs\u201d n\u00eb Rolling Hills.<\/span><\/p>\n<p><span style=\"color: #000000;\">Nuk kam gj\u00eb personale me ta. Nuk kan\u00eb pse d\u00ebrgojn\u00eb njer\u00ebz p\u00ebr negociata apo p\u00ebr dreka e darka, se nuk kam asnj\u00eb hall.<\/span><\/p>\n<p><span style=\"color: #000000;\">I njoh q\u00eb para tridhjet\u00eb vjet\u00ebsh, kur dikush e ka nis biznesin duke shit femra n\u00eb Bolonj\u00eb, t\u00eb tjer\u00eb duke shit uj\u00eb me sheqer e m\u00eb pas si gjith\u00eb shok\u00ebt e tyre, nga k\u00ebta q\u00eb merren me kulla.<\/span><\/p>\n<p><span style=\"color: #000000;\">Puna \u00ebsht\u00eb se tani do identifikohen me kull\u00ebn e Zenit, dhe p\u00ebrve\u00e7se do t\u2019u ndri\u00e7ohet p\u00ebr publikun \u00e7do gj\u00eb e tyre, do t\u2019u duhet t\u00eb marrin p\u00ebrsip\u00ebr ndonj\u00ebher\u00eb t\u00eb shajn\u00eb dhe sulmojn\u00eb dhe Zenin, se ndryshe mund t\u00eb humbasin gjith\u00e7ka.<\/span><\/p>\n<p><span style=\"color: #000000;\">P\u00ebr Gimen nuk kam shum\u00eb merak, se e ka b\u00ebr\u00eb sa her\u00eb i \u00ebsht\u00eb dashur kjo gj\u00eb, p\u00ebr k\u00ebta t\u00eb tjer\u00ebt, para Zenit.<\/span><\/p>\n<p><span style=\"color: #000000;\">Sa p\u00ebr Shtufin nuk kan\u00eb pse nxjerin zonj\u00ebn Garo ta mbroj\u00eb se ai mund t\u00eb mbrohet vet, se nuk i dor\u00ebzon lek\u00ebt n\u00eb PD por tek Zeni. Ose minimumi mund t\u00eb dal\u00eb Armina, se asaj i ka dh\u00ebn\u00eb formalisht vil\u00ebn q\u00eb b\u00ebn 10 mij\u00eb euro n\u00eb muaj me qira simbolike.<\/span><\/p>\n<p><span style=\"color: #000000;\">N\u00eb fund duhet ti k\u00ebrkoj ndjes\u00eb dhe Shk\u00eblzenit q\u00eb jo vet\u00ebm po reflekton p\u00ebr d\u00ebmet q\u00eb i ka b\u00ebr\u00eb Luli n\u00eb familje, por po shqet\u00ebsohet se mos t\u00eb nj\u00ebjt\u00ebn gj\u00eb i b\u00ebn dhe Erioni Edi Ram\u00ebs.<\/span><\/p>\n<p><span style=\"color: #000000;\">Nj\u00eb p\u00ebrkujdesje e till\u00eb p\u00ebr Ram\u00ebn na b\u00ebn t\u00eb skuqemi t\u00eb gjith\u00eb.<\/span><\/p>\n<p><span style=\"color: #000000;\">Dhe aq shum\u00eb \u00ebsht\u00eb dashuruar me k\u00ebt\u00eb ide sa n\u00eb reagimin sot\u00ebm p\u00ebrdorte dhe fjal\u00ebt e artikullit t\u00eb Ram\u00ebs, ku shquan fjala &#8220;derdimen&#8221; q\u00eb Zeni se ka as ne fjalor as n\u00eb krahin\u00eb. E ka vet\u00ebm n\u00eb karakter, por i duhet shpjeguar q\u00eb nuk \u00ebsht\u00eb fjal\u00eb e mir\u00eb. Mund tia thot\u00eb k\u00ebt\u00eb fjal\u00ebshkruesi i tij.<\/span><\/p>\n<p><span style=\"color: #000000;\">Dhe k\u00ebshtu nj\u00ebra pal\u00eb mbron kull\u00ebn, tjetra mbron ata q\u00eb mbrojn\u00eb kull\u00ebn dhe t\u00eb dy krah p\u00ebr krah po k\u00ebrkojn\u00eb t\u00eb gjejn\u00eb kush q\u00ebndron pas k\u00ebtij sherri.<\/span><\/p>\n<p><span style=\"color: #000000;\">Un\u00eb q\u00ebndroj n\u00ebse ju duhem!<\/span><\/p>\n<p><span style=\"color: #000000;\">Por puna \u00ebsht\u00eb, q\u00eb ju dhe armikun e doni fals. Si pronar\u00ebt e kull\u00ebs.<\/span><\/p>\n<p><span style=\"color: #ff0000;\"><strong>VINI RE<\/strong><\/span>: Ky material \u00ebsht\u00eb pron\u00ebsi intelektuale e <span style=\"color: #0000ff;\"><a style=\"color: #0000ff;\" href=\"https:\/\/www.gazetatema.net\/editorial\/autokritike-edhe-per-ata-qe-jane-shqetesuar-per-edi-ramen-i402253\">Gazeta Tema<\/a><\/span><\/p>\n","protected":false,"gt_translate_keys":[{"key":"rendered","format":"html"}]},"excerpt":{"rendered":"<p>Nga Mero Baze Tani m\u00eb duhet t\u00eb b\u00ebj edhe nj\u00eb autokritik\u00eb tjet\u00ebr t\u00eb thelluar p\u00ebr koleg\u00ebt gazetar\u00eb, mb\u00ebshtet\u00ebs t\u00eb Berish\u00ebs dhe opozitar\u00eb t\u00eb tjer\u00eb t\u00eb trembur q\u00eb p\u00ebrgjojn\u00eb p\u00ebrse ndodh kjo, kush po e sulmon Ram\u00ebn p\u00ebr kull\u00ebn, pse po e sulmojn\u00eb, \u00e7far\u00eb fshihet pas gjith\u00eb k\u00ebsaj etj. Fillimisht ju k\u00ebrkoj ndjes\u00eb gazetar\u00ebve t\u00eb pal\u00ebkundur [&hellip;]<\/p>\n","protected":false,"gt_translate_keys":[{"key":"rendered","format":"html"}]},"author":51,"featured_media":488988,"comment_status":"closed","ping_status":"closed","sticky":false,"template":"","format":"standard","meta":{"footnotes":""},"categories":[22],"tags":[],"class_list":["post-610670","post","type-post","status-publish","format-standard","has-post-thumbnail","hentry","category-ballina"],"gt_translate_keys":[{"key":"link","format":"url"}],"_links":{"self":[{"href":"https:\/\/www.hashtag.al\/index.php\/wp-json\/wp\/v2\/posts\/610670","targetHints":{"allow":["GET"]}}],"collection":[{"href":"https:\/\/www.hashtag.al\/index.php\/wp-json\/wp\/v2\/posts"}],"about":[{"href":"https:\/\/www.hashtag.al\/index.php\/wp-json\/wp\/v2\/types\/post"}],"author":[{"embeddable":true,"href":"https:\/\/www.hashtag.al\/index.php\/wp-json\/wp\/v2\/users\/51"}],"replies":[{"embeddable":true,"href":"https:\/\/www.hashtag.al\/index.php\/wp-json\/wp\/v2\/comments?post=610670"}],"version-history":[{"count":0,"href":"https:\/\/www.hashtag.al\/index.php\/wp-json\/wp\/v2\/posts\/610670\/revisions"}],"wp:featuredmedia":[{"embeddable":true,"href":"https:\/\/www.hashtag.al\/index.php\/wp-json\/wp\/v2\/media\/488988"}],"wp:attachment":[{"href":"https:\/\/www.hashtag.al\/index.php\/wp-json\/wp\/v2\/media?parent=610670"}],"wp:term":[{"taxonomy":"category","embeddable":true,"href":"https:\/\/www.hashtag.al\/index.php\/wp-json\/wp\/v2\/categories?post=610670"},{"taxonomy":"post_tag","embeddable":true,"href":"https:\/\/www.hashtag.al\/index.php\/wp-json\/wp\/v2\/tags?post=610670"}],"curies":[{"name":"wp","href":"https:\/\/api.w.org\/{rel}","templated":true}]}}