{"id":610411,"date":"2023-08-10T22:57:35","date_gmt":"2023-08-10T20:57:35","guid":{"rendered":"https:\/\/www.hashtag.al\/?p=610411"},"modified":"2023-08-10T22:59:38","modified_gmt":"2023-08-10T20:59:38","slug":"vriten-gjashte-ushtare-turq-nga-luftetaret-kurde-ne-irak","status":"publish","type":"post","link":"https:\/\/www.hashtag.al\/index.php\/2023\/08\/10\/vriten-gjashte-ushtare-turq-nga-luftetaret-kurde-ne-irak\/","title":{"rendered":"Vriten gjasht\u00eb ushtar\u00eb turq nga luft\u00ebtar\u00ebt kurd\u00eb n\u00eb Irak","gt_translate_keys":[{"key":"rendered","format":"text"}]},"content":{"rendered":"<p><a href=\"https:\/\/www.hashtag.al\/wp-content\/uploads\/2023\/08\/Screenshot-2023-08-10-225814.png\"><img loading=\"lazy\" decoding=\"async\" class=\"aligncenter size-full wp-image-610414\" src=\"https:\/\/www.hashtag.al\/wp-content\/uploads\/2023\/08\/Screenshot-2023-08-10-225814.png\" alt=\"\" width=\"1212\" height=\"653\" srcset=\"https:\/\/www.hashtag.al\/wp-content\/uploads\/2023\/08\/Screenshot-2023-08-10-225814.png 1212w, https:\/\/www.hashtag.al\/wp-content\/uploads\/2023\/08\/Screenshot-2023-08-10-225814-300x162.png 300w, https:\/\/www.hashtag.al\/wp-content\/uploads\/2023\/08\/Screenshot-2023-08-10-225814-1024x552.png 1024w, https:\/\/www.hashtag.al\/wp-content\/uploads\/2023\/08\/Screenshot-2023-08-10-225814-768x414.png 768w\" sizes=\"auto, (max-width: 1212px) 100vw, 1212px\" \/><\/a><\/p>\n<p><span style=\"color: #000000;\">Ministria e Mbrojtjes e Turqis\u00eb ka th\u00ebn\u00eb t\u00eb enjten se t\u00eb pakt\u00ebn gjasht\u00eb ushtar\u00eb turq jan\u00eb vrar\u00eb n\u00eb nj\u00eb seri sulmesh nga luft\u00ebtar\u00ebt kurd\u00eb n\u00eb veri t\u00eb Irakut.<\/span><\/p>\n<p><span style=\"color: #000000;\">K\u00ebto sulme e nxit\u00ebn Turqin\u00eb t\u00eb kryej\u00eb sulme ajrore n\u00eb shenj\u00eb hakmarrjeje, n\u00eb t\u00eb cilat u vran\u00eb kat\u00ebr an\u00ebtar\u00eb t\u00eb Partis\u00eb s\u00eb jasht\u00ebligjshme t\u00eb Pun\u00ebtor\u00ebve t\u00eb Kurdistanit (PPK) t\u00eb enjten, sipas Ministris\u00eb turke.<\/span><\/p>\n<p><span style=\"color: #000000;\">Situata mes Turqis\u00eb dhe grupeve t\u00eb mb\u00ebshtetura nga Turqia n\u00eb nj\u00ebr\u00ebn an\u00eb, dhe luft\u00ebtar\u00ebve kurd\u00eb n\u00eb an\u00ebn tjet\u00ebr n\u00eb Irak dhe Siri \u00ebsht\u00eb p\u00ebrshkall\u00ebzuar muajt e fundit.<\/span><\/p>\n<p><span style=\"color: #000000;\">Ankaraja e cil\u00ebson PPK-n\u00eb \u2013 e cila ka nisur nj\u00eb kryengritje brenda Turqis\u00eb tash e disa dekada \u2013 dhe grupet kurde n\u00eb Siri dhe Irak, si organizata terroriste, p\u00ebrcjell <span style=\"color: #0000ff;\"><a style=\"color: #0000ff;\" href=\"https:\/\/www.evropaelire.org\/a\/vriten-gjashte-ushtare-turq\/32542977.html\">REL.<\/a><\/span><\/span><\/p>\n<p><span style=\"color: #000000;\">Ajo thot\u00eb se an\u00ebtar\u00ebt e PPK-s\u00eb rregullisht gjej\u00eb streh\u00eb n\u00eb rajonin gjysm\u00eb-autonom kurd n\u00eb Irakun verior.<\/span><\/p>\n<p><span style=\"color: #000000;\">Qeveria qendrore e Irakut n\u00eb Bagdad nuk ka komentuar ende rreth k\u00ebtij rasti.<\/span><\/p>\n<p><span style=\"color: #000000;\">Turqia ka vendosur trupa n\u00eb nj\u00eb rajon kufitar n\u00eb Irak dhe rregullisht i sulmon ato q\u00eb i quan pozicione t\u00eb PPK-s\u00eb atje. Vitin e kaluar, Turqia e nisi nj\u00eb operacion tok\u00ebsor dhe ajror kund\u00ebr PPK-s\u00eb n\u00eb veri t\u00eb Irakut.<\/span><\/p>\n<p><span style=\"color: #000000;\">Zyrtar\u00ebt e siguris\u00eb n\u00eb Irak than\u00eb se sulmet ajrore t\u00eb enjten godit\u00ebn pozicionet n\u00eb veri t\u00eb qytetit Duhok. Ata fol\u00ebn n\u00eb kushte anonimiteti, p\u00ebr shkak se nuk ishin t\u00eb autorizuar p\u00ebr t\u00eb folur p\u00ebr media.<\/span><\/p>\n<p><span style=\"color: #000000;\">Koloneli turk, Zeki Akturk, u zotua p\u00ebr hakmarrje p\u00ebr ushtar\u00ebt e vrar\u00eb.<\/span><\/p>\n<p><span style=\"color: #000000;\"><em>\u201cUshtar\u00ebt tan\u00eb nuk do ta l\u00ebn\u00eb gjakun e martir\u00ebve n\u00eb tok\u00eb. Ne do ta vazhdojm\u00eb luft\u00ebn e tyre kund\u00ebr terrorizmit me p\u00ebrkushtimin e nj\u00ebjt\u00eb derisa t\u00eb mos mbetet asnj\u00eb terrorist<\/em>\u201d, tha ai n\u00eb nj\u00eb konferenc\u00eb p\u00ebr media t\u00eb enjten.<\/span><\/p>\n<p><span style=\"color: #000000;\">Dhjet\u00ebra mij\u00ebra njer\u00ebz jan\u00eb vrar\u00eb nga kryengritja e PPK-s\u00eb brenda Turqis\u00eb q\u00eb nga viti 1984.<\/span><\/p>\n","protected":false,"gt_translate_keys":[{"key":"rendered","format":"html"}]},"excerpt":{"rendered":"<p>Ministria e Mbrojtjes e Turqis\u00eb ka th\u00ebn\u00eb t\u00eb enjten se t\u00eb pakt\u00ebn gjasht\u00eb ushtar\u00eb turq jan\u00eb vrar\u00eb n\u00eb nj\u00eb seri sulmesh nga luft\u00ebtar\u00ebt kurd\u00eb n\u00eb veri t\u00eb Irakut. K\u00ebto sulme e nxit\u00ebn Turqin\u00eb t\u00eb kryej\u00eb sulme ajrore n\u00eb shenj\u00eb hakmarrjeje, n\u00eb t\u00eb cilat u vran\u00eb kat\u00ebr an\u00ebtar\u00eb t\u00eb Partis\u00eb s\u00eb jasht\u00ebligjshme t\u00eb Pun\u00ebtor\u00ebve t\u00eb Kurdistanit [&hellip;]<\/p>\n","protected":false,"gt_translate_keys":[{"key":"rendered","format":"html"}]},"author":30,"featured_media":610414,"comment_status":"closed","ping_status":"closed","sticky":false,"template":"","format":"standard","meta":{"footnotes":""},"categories":[6],"tags":[],"class_list":["post-610411","post","type-post","status-publish","format-standard","has-post-thumbnail","hentry","category-nderkombetare"],"gt_translate_keys":[{"key":"link","format":"url"}],"_links":{"self":[{"href":"https:\/\/www.hashtag.al\/index.php\/wp-json\/wp\/v2\/posts\/610411","targetHints":{"allow":["GET"]}}],"collection":[{"href":"https:\/\/www.hashtag.al\/index.php\/wp-json\/wp\/v2\/posts"}],"about":[{"href":"https:\/\/www.hashtag.al\/index.php\/wp-json\/wp\/v2\/types\/post"}],"author":[{"embeddable":true,"href":"https:\/\/www.hashtag.al\/index.php\/wp-json\/wp\/v2\/users\/30"}],"replies":[{"embeddable":true,"href":"https:\/\/www.hashtag.al\/index.php\/wp-json\/wp\/v2\/comments?post=610411"}],"version-history":[{"count":0,"href":"https:\/\/www.hashtag.al\/index.php\/wp-json\/wp\/v2\/posts\/610411\/revisions"}],"wp:featuredmedia":[{"embeddable":true,"href":"https:\/\/www.hashtag.al\/index.php\/wp-json\/wp\/v2\/media\/610414"}],"wp:attachment":[{"href":"https:\/\/www.hashtag.al\/index.php\/wp-json\/wp\/v2\/media?parent=610411"}],"wp:term":[{"taxonomy":"category","embeddable":true,"href":"https:\/\/www.hashtag.al\/index.php\/wp-json\/wp\/v2\/categories?post=610411"},{"taxonomy":"post_tag","embeddable":true,"href":"https:\/\/www.hashtag.al\/index.php\/wp-json\/wp\/v2\/tags?post=610411"}],"curies":[{"name":"wp","href":"https:\/\/api.w.org\/{rel}","templated":true}]}}