{"id":610280,"date":"2023-08-10T12:09:49","date_gmt":"2023-08-10T10:09:49","guid":{"rendered":"https:\/\/www.hashtag.al\/?p=610280"},"modified":"2023-08-10T12:28:27","modified_gmt":"2023-08-10T10:28:27","slug":"intervista-e-censuruar-si-e-zbertheu-altin-goxhaj-pazarin-per-kullen-64-kate-te-berishajve","status":"publish","type":"post","link":"https:\/\/www.hashtag.al\/index.php\/2023\/08\/10\/intervista-e-censuruar-si-e-zbertheu-altin-goxhaj-pazarin-per-kullen-64-kate-te-berishajve\/","title":{"rendered":"INTERVISTA E CENSURUAR &#8211; Si e zb\u00ebrtheu Altin Goxhaj pazarin p\u00ebr kull\u00ebn 64 kate t\u00eb Berishajve","gt_translate_keys":[{"key":"rendered","format":"text"}]},"content":{"rendered":"<p><img loading=\"lazy\" decoding=\"async\" class=\"aligncenter size-full wp-image-610283\" src=\"https:\/\/www.hashtag.al\/wp-content\/uploads\/2023\/08\/ipiccy_image.jpg\" alt=\"\" width=\"2000\" height=\"1058\" srcset=\"https:\/\/www.hashtag.al\/wp-content\/uploads\/2023\/08\/ipiccy_image.jpg 2000w, https:\/\/www.hashtag.al\/wp-content\/uploads\/2023\/08\/ipiccy_image-300x159.jpg 300w, https:\/\/www.hashtag.al\/wp-content\/uploads\/2023\/08\/ipiccy_image-1024x542.jpg 1024w, https:\/\/www.hashtag.al\/wp-content\/uploads\/2023\/08\/ipiccy_image-768x406.jpg 768w, https:\/\/www.hashtag.al\/wp-content\/uploads\/2023\/08\/ipiccy_image-1536x813.jpg 1536w\" sizes=\"auto, (max-width: 2000px) 100vw, 2000px\" \/><\/p>\n<p><span style=\"color: #000000;\">M\u00eb 14 maj, pak pas mbylljes s\u00eb votimit, avokati Altin Goxhaj denoncoi n\u00eb nj\u00eb intervist\u00eb televizive pazarin mes Ram\u00ebs e Veliajt e dyshes Berisha-Meta n\u00ebnmiratimin e atyre q\u00eb i quajti oligark\u00eb <\/span><span style=\"color: #000000;\">p\u00ebr shitjen e zgjedhjeve lokale n\u00eb Tiran\u00eb. <\/span><\/p>\n<p><span style=\"color: #000000;\">Q\u00eb n\u00eb fillim ai theksoi se e kishte denoncuar q\u00eb prej 5 dhjetorit 2022 k\u00ebt\u00eb marr\u00ebveshje q\u00eb do \u00e7onte n\u00eb p\u00ebrzgjedhjen e Belind K\u00eblli\u00e7it si rival t\u00eb Erion Veliajt n\u00eb zgjedhjet lokale e humbjen e tij e rezulton se predikimet e Goxhajt p\u00ebr kull\u00ebn 64 kat\u00ebshe t\u00eb Berishajve po rezultojn\u00eb tep\u00ebr t\u00eb sakta.<\/span><\/p>\n<p><span style=\"color: #000000;\">Ai tha se K\u00eblli\u00e7i u p\u00ebrzgjodh \u00a0p\u00ebr t\u00eb qen\u00eb kandidat humb\u00ebs dhe kulla n\u00eb qend\u00ebr t\u00eb Tiran\u00ebs \u00ebsht\u00eb monumenti i shitjes s\u00eb Tiran\u00ebs nga opozita.<\/span><\/p>\n<p><span style=\"color: #000000;\"><em>\u201cKjo nuk \u00ebsht\u00eb kulla thjesht e Erion Veliajt dhe Edi Ram\u00ebs, as kulla e opozit\u00ebs. Kjo \u00ebsht\u00eb kulla se si u ble Bashkia e Tiran\u00ebs nga Erion Veliaj te PD-ja. sepse k\u00ebt\u00eb e kam denoncuar m\u00eb 5 dhjetor 2022.\u201d<\/em> &#8211; deklaronte Goxhaj p\u00ebr JOQ m\u00eb 7 gusht.<\/span><\/p>\n<p><span style=\"color: #000000;\">Q\u00eb n\u00eb hyrje ai renditi 10 argumente q\u00eb sipas tij faktojn\u00eb shitjen e zgjedhjeve lokale duke theksuar se p\u00ebrzgjedhja e Belind K\u00eblli\u00e7it ishte pjes\u00eb e allishverisheve mes PS-PD-PL e oligark\u00ebve p\u00ebr t\u2019i v\u00ebn\u00eb Erion Veliajt rivalin q\u00eb donte.<\/span><\/p>\n<p><span style=\"color: #000000;\"><em>\u201cT\u00ebrheqja e PD-s\u00eb nga Fronti i Shp\u00ebtimit Komb\u00ebtar, manipulimi i Primareve p\u00ebr t\u00eb nxjerr\u00eb kandidatin q\u00eb donte Erion Veliaj, P\u00ebrfaq\u00ebsimi me Partin\u00eb e Liris\u00eb dhe me emrin e Ilir Met\u00ebs n\u00eb flet\u00ebn e votimit, mosnegocimi me grupimin e vul\u00ebmabjt\u00ebsve p\u00ebr t\u00eb siguruar nj\u00eb list\u00eb konsensuale me komisiner\u00eb, nisja me vones\u00eb e fushat\u00ebs elektorale, munges\u00eb totale programi realist dhe ndikues n\u00eb Tiran\u00eb e z. K\u00eblli\u00e7i, p\u00ebrkundrazi ai paraqiti nj\u00eb program pik\u00ebrisht ashtu si\u00e7 e donte Erion Veliaj, lista k\u00ebshillash bashkiak\u00eb n\u00ebp\u00ebr Shqip\u00ebri q\u00eb nuk shtonin vota gri, asnj\u00eb p\u00ebrpjekje p\u00ebr t\u00eb nxitur pjesmarrjen e qytetar\u00ebve n\u00eb votime sidomos elektoratit gri, ruajtja e statutkuos\u00eb s\u00eb flet\u00ebve t\u00eb votimit me bar kod q\u00eb i b\u00ebn t\u00eb lexueshme se kush dhe p\u00ebr k\u00eb voton, mosnd\u00ebrmarrja e asnj\u00eb aksioni p\u00ebr deligjitimin ligjor t\u00eb patronazhist\u00ebve.\u201d<\/em> &#8211; tha Goxhaj.<\/span><\/p>\n<p><span style=\"color: #000000;\">M\u00eb tej Goxhaj shpjegoi se Sali Berisha dhe Ilir Meta e kishin nisur prej koh\u00ebsh operacionin \u2018inxhinierik\u2019 p\u00ebr nj\u00eb forc\u00eb t\u00eb re politike q\u00eb do kishte pak nga t\u00eb dyja, q\u00eb n\u00eb Kuvendin Komb\u00ebtar t\u00eb PD-s\u00eb m\u00eb 30 prill 2022.<\/span><\/p>\n<p><span style=\"color: #000000;\">Sipas avokatit, PD-ja dhe Sali Berisha e tradhtuan Frontin e Rezistenc\u00ebs Komb\u00ebtare t\u00eb themeluar me qytetar\u00eb e aktivist\u00eb q\u00eb do ng\u00ebrthente gjith\u00eb frym\u00ebn opozitare n\u00eb vend e kjo p\u00ebr interesin personal t\u00eb Berish\u00ebs, pas shpalljes s\u00eb tij non grata edhe nga Britania dhe paralajm\u00ebrimit p\u00ebr nj\u00eb mas\u00eb t\u00eb till\u00eb edhe nga BE-ja. <\/span><\/p>\n<p><span style=\"color: #000000;\">Goxhaj denoncoi m\u00eb tej gazetarin Blendi Fevziu se ka punuar p\u00ebr llogari t\u00eb Erion\u00a0 Veliajt q\u00eb n\u00eb krye t\u00eb her\u00ebs dhe \u00ebsht\u00eb nj\u00eb nga agjent\u00ebt m\u00eb t\u00eb r\u00ebnd\u00ebsish\u00ebm t\u00eb kryebashkiakut n\u00eb tregun meditik duke p\u00ebrmendur promovimin e Belind K\u00eblli\u00e7it para zgjedhjeve lokale t\u00eb 14 majit. Ai e quajti Fevziun negociatorin e medias sorosiane n\u00eb Tiran\u00eb.<\/span><\/p>\n<p><span style=\"color: #000000;\">Avokati tha gjithashtu se pjes\u00eb e operacionit inxhinierik t\u00eb Sali Berish\u00ebs e Ilir Met\u00ebs ka qen\u00eb edhe gazetari \u00c7im Peka i cili sipas tij, ka vepruar si korrier i dyshes Berisha-Meta me Erion Veliajn p\u00ebr caktimin e Belind K\u00eblli\u00e7it, me miratimin e Samir Manes e Aleksand\u00ebr Frangajt, si kandidat t\u00eb opozit\u00ebs n\u00eb zgjedhjet e 14 majit.<\/span><\/p>\n<p><span style=\"color: #000000;\"><em>\u201cA ma shpjegoni pak si mundet Blendi Fevziu p\u00ebr t\u00eb promovuar 4 dhjetorin e kandidatit Belind K\u00eblli\u00e7i, t\u00eb na shpallka K\u00eblli\u00e7in politikanin e vitit 2022. Nd\u00ebrkoh\u00eb q\u00eb t\u00eb gjith\u00eb e din\u00eb se Blend Fevziu gjithnj\u00eb ka punuar p\u00ebr Erion Veliajn. Dhe kjo situat\u00eb e rreme p\u00ebr t\u00eb prodhuar k\u00ebt\u00eb imazh t\u00eb rrem\u00eb \u00ebsht\u00eb pjes\u00eb e nj\u00eb operacioni inxhinierik ku \u00c7im Peka si korrieri i Sali Berish\u00ebs me Erion Veliajn, i deklaruar nga Sali Berisha, ku Blendi Fevziu si negociatori kryesor i medias sorosiane n\u00eb Tiran\u00eb, ku Samir Mane, Aleksand\u00ebr Frangaj dhe t\u00eb tjer\u00eb oligark\u00eb q\u00eb financojn\u00eb PD-n\u00eb p\u00ebrcaktuan Belind\u00a0 K\u00eblli\u00e7in. Ku Ilir Meta q\u00eb e ka tashm\u00eb nj\u00eb nga njer\u00ebzit kryesor\u00eb t\u00eb partis\u00eb Belind K\u00eblli\u00e7in promovonte dhe vendoste kushte p\u00ebr k\u00ebt\u00eb.\u201d<\/em> &#8211; shtoi Goxhaj.<\/span><\/p>\n<p><span style=\"color: #000000;\">M\u00eb tej Goxhaj renditi 5 pika t\u00eb programit t\u00eb K\u00eblli\u00e7it n\u00eb fushat\u00eb t\u00eb cilat i quajti t\u00eb r\u00ebndomta dhe si t\u00eb p\u00ebrgatitura kastile p\u00ebr t\u00eb vulosur humbje. Ai renditi moscekjen e prishjes s\u00eb pallateve 50-vje\u00e7are n\u00eb Tiran\u00eb e Shqip\u00ebri q\u00eb sipas tij jan\u00eb 600 mij\u00eb vota. <\/span><\/p>\n<p><span style=\"color: #000000;\">Goxhaj tha se prishja e pallateve 50-vje\u00e7are \u00ebsht\u00eb pjes\u00eb e projektit m\u00eb t\u00eb madh p\u00ebr p\u00ebrz\u00ebnien e shqiptar\u00ebve, nd\u00ebrtimin e nj\u00eb Tirane t\u00eb re me aziatik\u00eb. <\/span><\/p>\n<p><span style=\"color: #000000;\">Ai p\u00ebrmendi gjithashtu mosv\u00ebnien si projekt t\u00eb korridorit lindje-per\u00ebndim n\u00eb qend\u00ebr t\u00eb Tiran\u00ebs po vet\u00ebm t\u00eb atij veri-jug duke theksuar se ai lindje-per\u00ebndim \u00ebsht\u00eb shum\u00eb m\u00eb i r\u00ebnd\u00ebsish\u00ebm si ai veri-jug. Goxhaj tha se e gjitha kjo u b\u00eb p\u00ebr t\u00eb mos prishur parkingjet e kullat e oligark\u00ebve n\u00eb qend\u00ebr dhe p\u00ebr t\u00eb mos prekur simbolet masonerike t\u00eb Edi Ram\u00ebs n\u00eb qend\u00ebr.<\/span><\/p>\n<p><span style=\"color: #000000;\">Goxhaj e quajti Belind K\u00eblli\u00e7in si versionin e PD-s\u00eb p\u00ebr Erion Veliajn duke th\u00ebn\u00eb se jan\u00eb t\u00eb nj\u00ebjt\u00ebt nd\u00ebrsa theksoi se klasa politike shqiptare \u00ebsht\u00eb e gjitha e skaduar, e gjitha bashk\u00eb p\u00ebr zhb\u00ebrjen e Shqip\u00ebris\u00eb, kund\u00ebr shqiptar\u00ebve.<\/span><\/p>\n<div style=\"width: 360px;\" class=\"wp-video\"><video class=\"wp-video-shortcode\" id=\"video-610280-1\" width=\"360\" height=\"360\" preload=\"metadata\" controls=\"controls\"><source type=\"video\/mp4\" src=\"https:\/\/www.hashtag.al\/wp-content\/uploads\/2023\/08\/10000000_301091615747594_8760206013402763206_n.mp4?_=1\" \/><a href=\"https:\/\/www.hashtag.al\/wp-content\/uploads\/2023\/08\/10000000_301091615747594_8760206013402763206_n.mp4\">https:\/\/www.hashtag.al\/wp-content\/uploads\/2023\/08\/10000000_301091615747594_8760206013402763206_n.mp4<\/a><\/video><\/div>\n<p><span style=\"color: #000000;\"><strong>Intervista e plot\u00eb e Goxhajt<\/strong><\/span><\/p>\n<p><em><span style=\"color: #000000;\">Un\u00eb k\u00ebtu kam sjell\u00eb raportin tim q\u00eb \u00ebsht\u00eb me 5 faqe, paraprak. N\u00eb t\u00eb un\u00eb kam paraqitur 10 pik\u00eb, 10 arsye t\u00eb shitjes s\u00eb zgjdhjeve, sipas denoncimit q\u00eb kam b\u00ebr\u00eb q\u00eb n\u00eb 5 dhjetor 2022.<\/span><\/em><\/p>\n<p><em><span style=\"color: #000000;\">T\u00ebrheqja e PD-s\u00eb nga Fronti i Shp\u00ebtimit Komb\u00ebtar.<\/span><\/em><\/p>\n<p><em><span style=\"color: #000000;\">Manipulimi i Primareve p\u00ebr t\u00eb nxjerr\u00eb kandidatin q\u00eb donte Erion Veliaj.<\/span><\/em><\/p>\n<p><em><span style=\"color: #000000;\">P\u00ebrfaq\u00ebsimi me Partin\u00eb e Liris\u00eb dhe me emrin e Ilir Met\u00ebs n\u00eb flet\u00ebn e votimit.<\/span><\/em><\/p>\n<p><em><span style=\"color: #000000;\">Mosnegocimi me Grupimin e vul\u00ebmabjt\u00ebsve p\u00ebr t\u00eb siguruar nj\u00eb list\u00eb konsensuale me komisiner\u00eb..<\/span><\/em><\/p>\n<p><em><span style=\"color: #000000;\">Nisja me vones\u00eb e fushat\u00ebs elektorale.<\/span><\/em><\/p>\n<p><em><span style=\"color: #000000;\">Munges\u00eb totale programi realist dhe ndikues n\u00eb Tiran\u00eb e z. K\u00eblli\u00e7i, p\u00ebrkundrazi ai paraqiti nj\u00eb program pik\u00ebrisht ashtu si\u00e7 e donte Erion Veliaj.<\/span><\/em><\/p>\n<p><em><span style=\"color: #000000;\">Lista k\u00ebshillash bashkiak\u00eb n\u00ebp\u00ebr Shqip\u00ebri q\u00eb nuk shtonin vota gri.<\/span><\/em><\/p>\n<p><em><span style=\"color: #000000;\">Asnj\u00eb p\u00ebrpjekje p\u00ebr t\u00eb nxitur pjesmarrjen e qytetar\u00ebve n\u00eb votime sidomos elektoratit gri.<\/span><\/em><\/p>\n<p><em><span style=\"color: #000000;\">Ruajtja e statutkuos\u00eb s\u00eb flet\u00ebve t\u00eb votimit me bar kod q\u00eb i b\u00ebn t\u00eb lexueshme se kush dhe p\u00ebr k\u00eb voton.<\/span><\/em><\/p>\n<p><em><span style=\"color: #000000;\">Mosnd\u00ebrmarrja e asnj\u00eb aksioni p\u00ebr deligjitimin ligjor t\u00eb patronazhist\u00ebve.<\/span><\/em><\/p>\n<p><em><span style=\"color: #000000;\">K\u00ebto 10 pik\u00eb ishin 10 veprime q\u00eb duhet t\u00eb ishin b\u00ebr\u00eb ose duhet t\u00eb ishin b\u00ebr\u00eb ndryshe, q\u00eb q\u00ebllimisht PD-ja dhe forcat opozitare nuk i b\u00ebn\u00eb. Dhe kush \u00ebsht\u00eb shkaku i k\u00ebsaj historie. Shkaku \u00ebsht\u00eb, q\u00eb t\u00eb kthehemi n\u00eb koh\u00eb, 30 prill 2022, kur u b\u00eb Kuvendi Komb\u00ebtar i PD-s\u00eb. N\u00eb sfond ishte nj\u00eb logo e \u00e7uditshme, e fshehur n\u00eb drit\u00ebhije. Q\u00eb ishte logoja e Partis\u00eb s\u00eb Liris\u00eb, q\u00eb do ishte n\u00eb t\u00eb ardhmen.<\/span><\/em><\/p>\n<p><em><span style=\"color: #000000;\"> Sali Berisha e Ilir Meta kan\u00eb pasur nj\u00eb operacion inxhinierik, p\u00ebr t\u00eb implementuar nj\u00eb forc\u00eb t\u00eb re politike, q\u00eb her\u00ebt, para se t\u00eb diskutohej p\u00ebr vula dhe veprimet ligjore t\u00eb PD-s\u00eb n\u00eb gjykat\u00eb kan\u00eb\u00a0 qen\u00eb totalisht t\u00eb d\u00ebshtuara q\u00ebllimisht sepse edhe stafi teknik ligjor q\u00eb p\u00ebrdor Sali Berisha \u00ebsht\u00eb i nj\u00ebjti q\u00eb ka humbur t\u00eb gjitha betejat ligjore n\u00eb m\u00ebnyr\u00eb t\u00eb orgaizuar, t\u00eb q\u00ebllimt\u00eb, prej vitit 2013 e deri sot. Nj\u00eb parti q\u00eb i ka t\u00eb dyja nga pak sepse inxhinieria e tyre kishte k\u00ebshilla bashkiak\u00eb t\u00eb p\u00ebrbashk\u00ebt, t\u00eb punojm\u00eb n\u00eb fushat\u00eb pak nga pak bashk\u00eb, sepse plani i Berish\u00ebs i fshehur i 30 prillit n\u00eb at\u00eb logo, tregon gjith\u00e7ka ka ndodhur m\u00eb von\u00eb.<\/span><\/em><\/p>\n<p><em><span style=\"color: #000000;\">E dyta q\u00eb \u00ebsht\u00eb gj\u00ebja e r\u00ebnd\u00ebsishme, kur Sali Berisha deshi t\u00eb marr\u00eb nj\u00eb reagim publik n\u00eb favor t\u00eb tij q\u00eb ishte 7 korriku, plani ishte tjet\u00ebr dhe ne i propozuam nj\u00eb t\u00eb ri, q\u00eb ishte fronti i p\u00ebrbashkuar i rezistenc\u00ebs dhe Berisha q\u00eb emrin t\u00eb mos e kishte rezistenc\u00eb, po shp\u00ebtim. Ishte Fronti i Rezistenc\u00ebs Komb\u00ebtare u\u00a0 b\u00eb i Shp\u00ebtimit Komb\u00ebtar. <\/span><\/em><\/p>\n<p><em><span style=\"color: #000000;\">Ne i propozuam Berish\u00ebs t\u00eb bashkojm\u00eb t\u00eb gjith\u00eb z\u00ebrat kritik\u00eb, qytetar\u00eb, parti politike, gjith\u00eb elementin opozitar n\u00eb nj\u00eb front komb\u00ebtar kund\u00ebr rilindjes. Sali Berisha e p\u00eblqeu shum\u00eb dhe 7 korriku nuk vjen m\u00eb, sepse\u00eb 7 korriku solli er\u00ebn e qytetit q\u00eb ai s\u2019e pa m\u00eb me sy dhe nuk do e shoh\u00eb m\u00eb me sy. <\/span><\/em><\/p>\n<p><em><span style=\"color: #000000;\">Ajo q\u00eb b\u00ebri Sali Berisha frik\u00ebsoi gjith\u00eb dynjan\u00eb p\u00ebr fitoren n\u00eb zgjedhjet lokale. B\u00ebra nj\u00eb editorial n\u00eb at\u00eb koh\u00eb q\u00eb shkruajta, Sali Berisha sot po mendon t\u00eb fitoj\u00eb Tiran\u00ebn p\u00ebrmes Frontit t\u00eb Shp\u00ebtimit Komb\u00ebtar Menj\u00ebher\u00eb Berisha mori nj\u00eb goditje nga Anglia dhe parallajm\u00ebrim nga Evropa. Sepse ai e ka t\u00eb ndaluar t\u00eb jet\u00eb m\u00eb i rreziksh\u00ebm se \u00e7\u2019duhet. Berisha ka nj\u00eb projekt t\u00eb vetin q\u00eb duhet t\u00eb jet\u00eb aq i rreziksh\u00ebm sa duhet po jo m\u00eb shum\u00eb se \u00e7\u2019duhet.<\/span><\/em><\/p>\n<p><em><span style=\"color: #000000;\">Q\u00eb do t\u00eb thot\u00eb kurr\u00eb me fitu m\u00eb.<\/span><\/em><\/p>\n<p><em><span style=\"color: #000000;\">Plani i Berish\u00ebs u t\u00ebrhoq nga fronti dhe jo p\u00ebrballja, sepse interesi personal prevalon mbi interesin publik. Dhe ajo q\u00eb na tha se nuk do shiten m\u00eb kauza doli krejet e pav\u00ebrtet\u00eb sepse Primaret n\u00eb Tiran\u00eb ishin t\u00eb gjitha t\u00eb manipuluara. Po merren me Tiran\u00ebn q\u00eb e kam studiuar dhe e them me plot goj\u00ebn. P\u00ebr t\u00eb ndodhur ajo q\u00eb ndodhi q\u00eb u zgjodh K\u00eblli\u00e7i dhe jo Alimehmeti jan\u00eb futur brenda n\u00eb k\u00ebt\u00eb teat\u00ebr oligark\u00eb, sepse oligark\u00eb n\u00eb Shqip\u00ebri nuk ka Rama, oligark\u00eb ka PD-ja. Rama i ka ushtar\u00eb. Berisha, Ilir Meta i kan\u00eb oligark\u00eb, japin e marrin me ta. Koncepti i oligarkis\u00eb funksionon n\u00eb opozit\u00eb, oligarku i vet\u00ebm i k\u00ebtij pushteti quhet Goerge Soros. K\u00ebta t\u00eb tjer\u00ebt jan\u00eb negociator\u00eb q\u00eb ai i i p\u00ebrdor p\u00ebr q\u00ebllimet e veta. <\/span><\/em><\/p>\n<p><em><span style=\"color: #000000;\">Tani do tregoj nj\u00eb detaj q\u00eb \u00ebsht\u00eb shum\u00eb i r\u00ebnd\u00ebsish\u00ebm p\u00ebr t\u00eb gjith\u00eb. Blendi Fevziu n\u00eb k\u00ebndv\u00ebshtrimin tim si Altin Goxhaj nuk \u00ebsht\u00eb ai q\u00eb njohin t\u00eb tjer\u00ebt. Un\u00eb e njoh q\u00eb n\u00eb vitin 1984. Dhe n\u00eb vitin 2003 Fevziu ka qen\u00eb person baz\u00eb, agjenti i tij tregtar n\u00eb marketingun mediatik. Dhe ai \u00ebsht\u00eb nj\u00eb nga njer\u00ebzit m\u00eb t\u00eb r\u00ebnd\u00ebsish\u00ebm t\u00eb Erion Velis\u00eb n\u00eb median shqiptare. A ma shpjegoni pak si mundet Blendi Fevziu p\u00ebr t\u00eb promovuar 4 dhjetorin e kandidatit Belind K\u00eblli\u00e7i, t\u00eb na shpallka K\u00eblli\u00e7in politikanin e vitit 2022. Nd\u00ebrkoh\u00eb q\u00eb t\u00eb gjith\u00eb e din\u00eb se Blend Fevziu gjithnj\u00eb ka punuar p\u00ebr Erion Veliajn. <\/span><\/em><\/p>\n<p><em><span style=\"color: #000000;\">Dhe kjo situat\u00eb e rreme p\u00ebr t\u00eb prodhuar k\u00ebt\u00eb imazh t\u00eb rrem\u00eb \u00ebsht\u00eb pjes\u00eb e nj\u00eb operacioni inxhinierik ku \u00c7im Peka si korrieri i Sali Berish\u00ebs me Erion Veliajn, i deklaruar nga Sali Berisha, ku Blendi Fevziu si negociatori kryesor i medias sorosiane n\u00eb Tiran\u00eb, ku Samir Mane, Aleksand\u00ebr Frangaj dhe t\u00eb tjer\u00eb oligark\u00eb q\u00eb financojn\u00eb PD-n\u00eb p\u00ebrcaktuan Belind\u00a0 K\u00eblli\u00e7in. Ku Ilir Meta q\u00eb e ka tashm\u00eb nj\u00eb nga njer\u00ebzit kryesor\u00eb t\u00eb partis\u00eb Belind K\u00eblli\u00e7in promovonte dhe vendoste kushte p\u00ebr k\u00ebt\u00eb. Ku Sali Berisha e mori paralajm\u00ebrimin nga Anglia, q\u00eb do vinte edhe nga Evropa n\u00ebse ai rrug\u00ebn e Frontit t\u00eb Shp\u00ebtimit Komb\u00ebtar p\u00ebr t\u00eb fituar zgjedhje lokale. T\u00eb gjitha k\u00eb\u00ebto prodhuan rrug\u00ebs allishverishe, dhe pastaj vjen finalja e nj\u00eb Belind K\u00eblli\u00e7i me nj\u00eb program elektoral fake, q\u00eb kishte 5 pika t\u00eb r\u00ebndomta pa asnj\u00eb goditje e duke fshehur 5 pikat baz\u00eb. A mund t\u2019ua num\u00ebroj 5 pikat baz\u00eb q\u00eb fshehu Belind K\u00eblli\u00e7i q\u00eb kishin t\u00eb b\u00ebnin me elektoratin grid dhe kishin \u00ebt\u00eb b\u00ebnin me besimin e publikut shqiptar. \u00c7far\u00eb nuk b\u00ebri Belind K\u00eblli\u00e7i q\u00ebllimisht.<\/span><\/em><\/p>\n<p><em><span style=\"color: #000000;\">Belind K\u00eblli\u00e7i fshehu n\u00eb m\u00ebnyr\u00eb zyrtare pik\u00ebn m\u00eb t\u00eb dob\u00ebt t\u00eb Erion Veliajt q\u00eb prodhonte gjith\u00eb urrejtjen e popullit t\u00eb Tiran\u00ebs p\u00ebr t\u00eb. Policia Bashkiake. Policia Bashkiake \u00ebsht\u00eb\u00a0 banda m\u00eb e posht\u00ebr n\u00eb 100 vjet q\u00eb s\u2019ka l\u00ebn\u00eb fshatar, t\u00eb moshuar, fukara, rom, viktima t\u00eb shoq\u00ebris\u00eb shqiptare duke prodhuar video pafund\u00a0 n\u00eb JOQ q\u00eb ka qen\u00eb e vetmja media q\u00eb s\u2019i \u00ebsht\u00eb ndar\u00eb polic\u00ebve bashkiak\u00eb nga dita e par\u00eb q\u00eb ka ardhur Erion Veliaj deri m\u00eb sot dhe K\u00eblli\u00e7i nuk i p\u00ebrmendi. Jo q\u00eb t\u00eb nxirrte videot e tyre t\u00eb vjetra \u00e7do dit\u00eb, jo vet\u00ebm t\u00eb akuzonte po duhet t\u00eb jepte sloganin e tij elektoral. Dit\u00ebn q\u00eb do vij un\u00eb n\u00eb krye t\u00eb bashkis\u00eb do pushoj nga puna nga i pari te i fundit gjith\u00eb band\u00ebn e gjobaxhinjve dhe xhelat\u00ebve t\u00eb popullit t\u00eb Tiran\u00ebs. Nuk e tha kurr\u00eb. Nuk e tha sepse nuk e lejuan ta thot\u00eb.<\/span><\/em><\/p>\n<p><em><span style=\"color: #000000;\">Sepse nuk \u00ebsht\u00eb kandidat, person i lir\u00eb. \u00cbsht\u00eb nj\u00eb kukull e vendosur nga k\u00ebta oligark\u00eb, k\u00ebto pazare, nga Sali Berisha e Ilir Meta p\u00ebr t\u2019i qen\u00eb korrekt pazareve me Erion Veliajn dhe me shum\u00eb oligark\u00eb e shum\u00eb pazare t\u00eb tjera. Dhe p\u00ebr t\u00eb qen\u00eb i t\u00ebrhequr n\u00eb raport me Sorosin q\u00eb k\u00eb Sorosi duhet t\u00eb shajm\u00eb me lib\u00ebr rruge \u00e7do gj\u00eb po kurr\u00eb t\u00eb japim fakte dhe prova duke na censuruar edhe ne faktet dhe provat p\u00ebr Sorosin.<\/span><\/em><\/p>\n<p><em><span style=\"color: #000000;\">Ndalimi total i prishjes s\u00eb godinave 50-vje\u00e7are. \u00c7far\u00eb jan\u00eb godinat 50-vje\u00e7are q\u00eb do prishen n\u00eb Shqip\u00ebri. Jan\u00eb projekti m\u00eb i r\u00ebnd\u00ebsish\u00ebm i shpopullimit t\u00eb Shqip\u00ebris\u00eb q\u00eb ka si arkitekt kryesor vjehrrin e Belind K\u00eblli\u00e7it, nj\u00ebriu i vet\u00ebm q\u00eb vendos me vul\u00eb se kush do prishet e kush jo dhe kur do prishen t\u00eb gjitha. Dua t\u00eb shpjegoj pak k\u00ebt\u00eb\u00a0 se Belindi ka dal\u00eb n\u00eb TV dhe ka th\u00ebn\u00eb nuk do e lejoj.<\/span><\/em><\/p>\n<p><em><span style=\"color: #000000;\">Qytetar\u00ebt ende nuk e din\u00eb se do ua prishin. Ne e kishim propozuar, kam dal\u00eb n\u00eb video, s\u2019kam l\u00ebn\u00eb gj\u00eb pa b\u00ebr\u00eb 3\u00a0 muaj rresht. Duhet t\u00eb flisni p\u00ebr pallatet 50-vje\u00e7are. Kam shkuar n\u00eb Durr\u00ebs para pallateve 50-vje\u00e7are dhe u kam b\u00ebr\u00eb gjith\u00eb kandidat\u00ebve t\u00eb PD-s\u00eb, mos u kompleksoni nga urdhrat q\u00eb jep Tirana p\u00ebr t\u00eb mbrojt Belindin ngaq\u00eb ai nuk flet dot, po ju flisni se kjo \u00ebsht\u00eb \u00e7\u00ebshtja. Ku \u00ebsht\u00eb sekreti. Nuk e din\u00eb qytetar\u00ebt se do u prishen sht\u00ebpit\u00eb. Kisha propozuar t\u00eb pakt\u00ebn\u00a0 4 or\u00eb fushat\u00eb n\u00eb dit\u00eb, der\u00eb m\u00eb der\u00eb, pallat m\u00eb pallat, lagje m\u00eb lagje, duke ua shpjeguar se do ua prishin dhe ne nuk do e lejojm\u00eb. <\/span><\/em><\/p>\n<p><em><span style=\"color: #000000;\">Dhe k\u00ebt\u00eb Belindi nuk e tha kurr\u00eb. Le t\u00eb b\u00ebjm\u00eb ca llogari sa vota jan\u00eb se kan\u00eb b\u00ebr\u00eb ironi me mua kur kan\u00eb b\u00ebr\u00eb takimin e idelogjis\u00eb s\u00eb djatht\u00eb, kazanit t\u00eb djatht\u00eb, q\u00eb \u00ebsht\u00eb nj\u00eb p\u00ebrrall\u00eb, g\u00ebnjesht\u00ebr, fasad\u00eb\u00a0 e nj\u00eb partie krejt\u00ebsisht t\u00eb qendr\u00ebs q\u00eb s\u2019ka asnj\u00eb lidhje me t\u00eb djatht\u00ebn konservatore. N\u00eb Tiran\u00eb dhe n\u00eb Shqip\u00ebri b\u00ebhet fjal\u00eb p\u00ebr 600 mij\u00eb vota q\u00eb p\u00ebrcaktojn\u00eb fatin e zgjedhjeve. 600 mij\u00eb vota q\u00eb u luhet jeta, pasuria, q\u00eb n\u00eb m\u00ebnyr\u00eb pak komike k\u00ebto pallate ua ka firmosur Sali Berisha n\u00eb vitin 1993. K\u00ebta i kan\u00eb marr\u00eb nga Sali Berisha dhe kandidati i Sali Berish\u00ebs nuk guxonte t\u2019i mbronte. Q\u00eb t\u2019i marr\u00eb rilindja t\u2019i prish\u00eb, sepse projekti i s\u00eb ardhmes s\u00eb Tiran\u00ebs nuk \u00ebsht\u00eb p\u00ebr ne. \u00cbsht\u00eb\u00a0 p\u00ebr afrikan\u00eb, arab\u00eb, pakistanez\u00eb, bangladeshas, dhe k\u00ebta kan\u00eb nd\u00ebrmend t\u00eb prishin t\u00eb gjith\u00eb gj\u00ebrat e vjetra p\u00ebr t\u00eb b\u00ebr\u00eb k\u00ebto qytetet e reja dhe Belind K\u00eblli\u00e7i nuk vajti t\u00eb merrte k\u00ebto vota por d\u00ebmtoi t\u00eb gjith\u00eb kandidat\u00ebt e rretheve sepse partia i kompleksoi duke th\u00ebn\u00eb, jo, se na del emri i Artan Shkrelit. <\/span><\/em><\/p>\n<p><em><span style=\"color: #000000;\">Kandidati p\u00ebrkat\u00ebs q\u00eb dilte e fliste p\u00ebr transport falas duhet t\u00eb ishte marr\u00eb me transportin skandaloz q\u00eb duhet rregulluar dhe maksimumi t\u00eb mos kap\u00ebrcente as Arlind Qorin i cili thoshte jo falas, p\u00ebr ndonj\u00eb kategori po. Kur komunist\u00ebt dhe Enver Hoxha nuk e b\u00ebnin falas, edhe pse kishin plot gj\u00ebra falas sepse transporti publik nuk mund t\u00eb b\u00ebhet falas p\u00ebr shkak t\u00eb organizimit t\u00eb struktur\u00ebs dhe sasis\u00eb s\u00eb njer\u00ebzve q\u00eb q\u00ebndrojn\u00eb aty. Nd\u00ebrkoh\u00eb mund t\u00eb futeshin politika falas p\u00ebr grupe t\u00eb subvencionuara. T\u00eb moshuar, pensionist\u00eb, t\u00eb pambrojtur, me kategori t\u00eb caktuara. Halli nuk ishte bileta, ishte q\u00eb ne s\u2019marrim sh\u00ebrbim. Ai do kishte fituar shum\u00eb pik\u00eb .<\/span><\/em><\/p>\n<p><em><span style=\"color: #000000;\">Pika e kat\u00ebrt. Ai tha p\u00ebr n\u00ebnkalimin n\u00eb Sheshin Sk\u00ebnderbej. Un\u00eb kam q\u00eb n\u00eb koh\u00eb t\u00eb Olldashit, Lul Bash\u00ebs,\u00a0 por mbi t\u00eb gjitha kam denoncuar me Armir Shkurtin dit\u00ebn q\u00eb kan\u00eb nisur punimet n\u00eb Sheshin Sk\u00ebnderbej dhe kur \u00ebsht\u00eb p\u00ebruruar q\u00eb ky \u00ebsht\u00eb nj\u00eb krim m\u00eb i madh q\u00eb po i b\u00ebhet Tiran\u00ebs, ky sheh se po i heq mund\u00ebsin\u00eb q\u00eb t\u00eb b\u00ebjm\u00eb kalimin n\u00ebntok\u00ebsor veri-jug dhe lindje-per\u00ebndim, kur lindje-per\u00ebndim \u00ebsht\u00eb p\u00ebrcaktuese p\u00ebr trafikun dhe jo veri-jug. Lindje-per\u00ebndim nuk ka kuptim pa veri-jug. Pse doli Belindi vet\u00ebm p\u00ebr veri-jug, q\u00eb t\u00eb mos prekte sheshin e Edi Ram\u00ebs. Q\u00eb t\u00eb mos prekte parkingjet e oligark\u00ebve, pallateve q\u00eb kan\u00eb ata rreth e rrotull.\u00a0 <\/span><\/em><\/p>\n<p><em><span style=\"color: #000000;\">Dhe \u00e7\u2019\u00ebsht\u00eb m\u00eb e r\u00ebnd\u00ebsishmja, nuk mund t\u00eb prekte madh\u00ebshtin\u00eb e Ram\u00ebs, t\u00eb masoneris\u00eb. Kushdo t\u00eb shkoj\u00eb sot n\u00eb Sheshin Sk\u00ebnderbej apo nes\u00ebr, do shoh\u00eb tre element\u00eb t\u00eb simbolikave t\u00eb masoneris\u00eb. \u00cbsht\u00eb nj\u00eb grup kolonash q\u00eb jan\u00eb thelbi i \u00e7do veprimi masonerie. Jan\u00eb m\u2019u p\u00ebrball\u00eb Hotel Tiran\u00ebs. \u00cbsht\u00eb nj\u00eb kompas dhe nj\u00eb rreth m\u2019u p\u00ebrball\u00eb Hotel Tiran\u00ebs dhe mbi t\u00eb gjitha vet\u00eb Sheshi Sk\u00ebnderbej \u00ebsht\u00eb n\u00eb form\u00eb e nj\u00eb piramide. Madje po ta hapni m\u00eb tep\u00ebr hart\u00ebn do shoh\u00eb edhe sqepin e shqiponj\u00ebs q\u00eb \u00ebsht\u00eb tek Plaza. <\/span><\/em><\/p>\n<p><em><span style=\"color: #000000;\">Por t\u00eb rrim\u00eb te k\u00ebto t\u00eb treja. A mund t\u00eb guxoj\u00eb Belindi t\u00eb prek\u00eb simbolet e masoneris\u00eb si nj\u00eb shkat\u00ebrrues i simboleve t\u00eb masoneris\u00eb? K\u00ebt\u00eb kurr\u00eb s\u2019e b\u00ebn Belindi. Sepse Belindi i p\u00ebrket t\u00eb nj\u00ebjtit rrjet. Sepse Belindi nuk ka asnj\u00eb ndryshim nga Erion Veliaj, as n\u00eb sjellje, as n\u00eb paraqitje, as n\u00eb format, as n\u00eb komunikim, as n\u00eb shkollim po mbi t\u00eb gjitha as konflikt interesi. A kam deklaruar publiksht me video e prova para Primareve q\u00eb Belind K\u00eblli\u00e7i \u00ebsht\u00eb n\u00eb konflikt t\u00eb plot\u00eb interesa sepse v\u00ebllai i tij \u00ebsht\u00eb nga konsulent\u00ebt kryesor\u00eb t\u00eb Portit t\u00eb Durr\u00ebsit.<\/span><\/em><\/p>\n<p><em><span style=\"color: #000000;\">U v\u00ebrtetua p\u00ebrfundimisht q\u00eb kjo klas\u00eb politike p\u00ebrfundimisht ka skaduar. Sali Berisha \u00ebsht\u00eb fajtor po jo i vetmi. E urrej narrativ\u00ebn q\u00eb fajin e ka Saliu. Aty nuk ka njeri q\u00eb nuk \u00ebsht\u00eb fajtor. Jan\u00eb bashk\u00eb t\u00eb gjith\u00eb. P\u00ebr t\u00eb shkat\u00ebrruar nj\u00eb kandidat qytetar\u00eb q\u00eb kishte vota atu ku Belindi s\u2019kishte dhe q\u00eb do b\u00ebnte at\u00eb q\u00eb donin qytetar\u00ebt duke bashkuar qytetar\u00ebt n\u00eb front p\u00ebr t\u00eb b\u00ebr\u00eb zgjedhje dhe jo PD-n\u00eb duke qen\u00eb se ne ia k\u00ebrkuam Berish\u00ebs zyrtarisht q\u00eb t\u00eb votonin t\u00eb gjith\u00eb qytetar\u00ebt e Tiran\u00ebs n\u00eb Primare dhe jo vet\u00ebm ata q\u00eb manipulonte Belindi me listat e FRPD-s\u00eb ne besojm\u00eb q\u00eb kjo kals\u00eb politike p\u00ebrfundimisht ka skaduar totalisht. <\/span><\/em><\/p>\n<p><em><span style=\"color: #000000;\">K\u00ebto zgjedhje i kan\u00eb fituar vet\u00ebm 2 vet\u00eb. Nj\u00ebri quhet Erion Veliaj, tjetri quhet Ilir Meta. Ilir Meta sot \u00ebsht\u00eb numri dy i Shqip\u00ebris\u00eb. Ta them me plot goj\u00ebn, Sali Berisha, Ilir Meta, gjith\u00eb politika e partive p\u00ebrkat\u00ebse q\u00eb kan\u00eb k\u00ebta, p\u00ebrfundimisht n\u00eb k\u00ebto zgjedhje p\u00ebrfundoi dat\u00ebn e skadenc\u00ebs dhe \u00ebsht\u00eb mall i skaduar. Sot n\u00eb Shqip\u00ebri nuk ka nj\u00eb klas\u00eb politike q\u00eb p\u00ebrfaq\u00ebson shqiptar\u00ebt dhe un\u00eb po them k\u00ebto zgjedhje ka\u00eb treguar se kush jan\u00eb qytetar\u00ebt e pap\u00ebrfaq\u00ebsuar. <\/span><\/em><\/p>\n<p><em><span style=\"color: #000000;\">T\u00eb pashpres\u00ebt, ata q\u00eb ju nuk keni par\u00eb ende nj\u00eb rezultat shum\u00eb interesant, votat e pavlefshme q\u00eb duhen num\u00ebruar nj\u00eb m\u00eb nj\u00eb. Nuk jan\u00eb vota t\u00eb pavlefshme, jan\u00eb votat m\u00eb me vler\u00eb q\u00eb ka par\u00eb ndonj\u00ebher\u00eb Shqip\u00ebria. Jan\u00eb votat e revolt\u00ebs t\u00eb t\u00eb pashpres\u00ebve p\u00ebrball\u00eb munges\u00ebs totale t\u00eb alternativave sepse t\u00eb gjith\u00eb \u00e7far\u00eb kemi par\u00eb ka qen\u00eb nj\u00eb klas\u00eb politike me nj\u00ebr\u00ebn pal\u00eb q\u00eb merr mandat p\u00ebr t\u00eb zhb\u00ebr\u00eb Shqip\u00ebrin\u00eb, tjetra p\u00ebr t\u00eb shitur p\u00ebr skrap Shqip\u00ebrin\u00eb te ata q\u00eb po e prishin. Do e mbyll me fjal\u00ebt e m\u00ebdha t\u00eb padre Zef Pllumit i cili tha se duhet me ia ndryshu mendjen k\u00ebtij populli, nj\u00eb \u00e7et\u00eb intelektuale. <\/span><\/em><\/p>\n<p><em><span style=\"color: #000000;\">Ju siguroj q\u00eb Altin Goxhaj \u00ebsht\u00eb k\u00ebtu p\u00ebrpara jush bashk\u00eb me shok\u00eb e koleg\u00eb q\u00eb kan\u00eb qen\u00eb edhe k\u00eb Fronti i Shp\u00ebtimit Komb\u00ebtar m\u00eb 7 korrik, i tradhtuar nga PD-ja dhe Sali Berisha. Ne do fillojm\u00eb q\u00eb nes\u00ebr, q\u00eb pasnes\u00ebr, q\u00eb k\u00ebt\u00eb jav\u00eb, q\u00eb k\u00ebt\u00eb muaj t\u00eb b\u00ebjm\u00eb at\u00eb q\u00eb na ka m\u00ebsu padre Zef Pllumi, t\u00eb b\u00ebjm\u00eb at\u00eb \u00e7et\u00ebn e intelektual\u00ebve q\u00eb shqiptar\u00ebt t\u00eb mos grisin m\u00eb flet\u00ebn e votimit, t\u00eb mos zhgarravisin m\u00eb flet\u00ebn e votimit, t\u00eb mos rrin\u00eb m\u00eb n\u00eb sht\u00ebpi po t\u00eb shkojn\u00eb e t\u00eb p\u00ebrfaq\u00ebsohen si nj\u00eb popull p\u00ebrball\u00eb t\u00eb keqes m\u00eb t\u00eb madhe, zhdukjes s\u00eb Shqip\u00ebris\u00eb nga faqja e dheut.<\/span><\/em><\/p>\n<p><span style=\"color: #000000;\"><em><strong>\/Hashtag.al<\/strong><\/em><\/span><\/p>\n","protected":false,"gt_translate_keys":[{"key":"rendered","format":"html"}]},"excerpt":{"rendered":"<p>M\u00eb 14 maj, pak pas mbylljes s\u00eb votimit, avokati Altin Goxhaj denoncoi n\u00eb nj\u00eb intervist\u00eb televizive pazarin mes Ram\u00ebs e Veliajt e dyshes Berisha-Meta n\u00ebnmiratimin e atyre q\u00eb i quajti oligark\u00eb p\u00ebr shitjen e zgjedhjeve lokale n\u00eb Tiran\u00eb. Q\u00eb n\u00eb fillim ai theksoi se e kishte denoncuar q\u00eb prej 5 dhjetorit 2022 k\u00ebt\u00eb marr\u00ebveshje q\u00eb [&hellip;]<\/p>\n","protected":false,"gt_translate_keys":[{"key":"rendered","format":"html"}]},"author":51,"featured_media":610283,"comment_status":"closed","ping_status":"closed","sticky":false,"template":"","format":"standard","meta":{"footnotes":""},"categories":[22,11],"tags":[],"class_list":["post-610280","post","type-post","status-publish","format-standard","has-post-thumbnail","hentry","category-ballina","category-super-click"],"gt_translate_keys":[{"key":"link","format":"url"}],"_links":{"self":[{"href":"https:\/\/www.hashtag.al\/index.php\/wp-json\/wp\/v2\/posts\/610280","targetHints":{"allow":["GET"]}}],"collection":[{"href":"https:\/\/www.hashtag.al\/index.php\/wp-json\/wp\/v2\/posts"}],"about":[{"href":"https:\/\/www.hashtag.al\/index.php\/wp-json\/wp\/v2\/types\/post"}],"author":[{"embeddable":true,"href":"https:\/\/www.hashtag.al\/index.php\/wp-json\/wp\/v2\/users\/51"}],"replies":[{"embeddable":true,"href":"https:\/\/www.hashtag.al\/index.php\/wp-json\/wp\/v2\/comments?post=610280"}],"version-history":[{"count":0,"href":"https:\/\/www.hashtag.al\/index.php\/wp-json\/wp\/v2\/posts\/610280\/revisions"}],"wp:featuredmedia":[{"embeddable":true,"href":"https:\/\/www.hashtag.al\/index.php\/wp-json\/wp\/v2\/media\/610283"}],"wp:attachment":[{"href":"https:\/\/www.hashtag.al\/index.php\/wp-json\/wp\/v2\/media?parent=610280"}],"wp:term":[{"taxonomy":"category","embeddable":true,"href":"https:\/\/www.hashtag.al\/index.php\/wp-json\/wp\/v2\/categories?post=610280"},{"taxonomy":"post_tag","embeddable":true,"href":"https:\/\/www.hashtag.al\/index.php\/wp-json\/wp\/v2\/tags?post=610280"}],"curies":[{"name":"wp","href":"https:\/\/api.w.org\/{rel}","templated":true}]}}