{"id":610156,"date":"2023-08-09T16:09:45","date_gmt":"2023-08-09T14:09:45","guid":{"rendered":"https:\/\/www.hashtag.al\/?p=610156"},"modified":"2023-08-09T18:15:35","modified_gmt":"2023-08-09T16:15:35","slug":"balla-viziton-ne-spital-efektiven-e-plagosur-nga-perplasja-apelon-per-te-respektuar-rregullat-e-qarkullimit-rrugor","status":"publish","type":"post","link":"https:\/\/www.hashtag.al\/index.php\/2023\/08\/09\/balla-viziton-ne-spital-efektiven-e-plagosur-nga-perplasja-apelon-per-te-respektuar-rregullat-e-qarkullimit-rrugor\/","title":{"rendered":"Balla viziton n\u00eb spital efektiven e plagosur nga p\u00ebrplasja","gt_translate_keys":[{"key":"rendered","format":"text"}]},"content":{"rendered":"<p><span style=\"color: #000000;\"><a href=\"https:\/\/www.hashtag.al\/wp-content\/uploads\/2023\/08\/45d002cf-ff4f-4891-81bd-f412acf6dd31-768x513-1.jpg\"><img loading=\"lazy\" decoding=\"async\" class=\"aligncenter size-full wp-image-610157\" src=\"https:\/\/www.hashtag.al\/wp-content\/uploads\/2023\/08\/45d002cf-ff4f-4891-81bd-f412acf6dd31-768x513-1.jpg\" alt=\"\" width=\"768\" height=\"513\" srcset=\"https:\/\/www.hashtag.al\/wp-content\/uploads\/2023\/08\/45d002cf-ff4f-4891-81bd-f412acf6dd31-768x513-1.jpg 768w, https:\/\/www.hashtag.al\/wp-content\/uploads\/2023\/08\/45d002cf-ff4f-4891-81bd-f412acf6dd31-768x513-1-300x200.jpg 300w\" sizes=\"auto, (max-width: 768px) 100vw, 768px\" \/><\/a><\/span><\/p>\n<p><span style=\"color: #000000;\">Ministri i Brendsh\u00ebm Taulant Balla vizitoi sot n\u00eb Spitalin e Traum\u00ebs efektiven e Policis\u00eb Rrugore, Arta Shurbi, e cila mbeti e plagosur paradite si pasoj\u00eb e p\u00ebrplasjes s\u00eb dy mjeteve n\u00eb Vor\u00eb.<\/span><\/p>\n<p><span style=\"color: #000000;\">Gjat\u00eb nj\u00eb prononcimi p\u00ebr mediat, ministri Balla u shpreh se gjendja sh\u00ebndet\u00ebsore e punonj\u00ebses \u00ebsht\u00eb e stabilizuar, e n\u00ebn kujdesin intensiv t\u00eb mjek\u00ebve.<\/span><\/p>\n<p><span style=\"color: #000000;\"><em>\u201cBashk\u00eb me Drejtorin e P\u00ebrgjithsh\u00ebm t\u00eb Policis\u00eb jemi k\u00ebtu p\u00ebr t\u00eb par\u00eb nga af\u00ebr situat\u00ebn sh\u00ebndet\u00ebsore t\u00eb nj\u00eb prej vajzave t\u00eb forc\u00ebs son\u00eb t\u00eb Policis\u00eb s\u00eb Qarkullimit Rrugor. P\u00ebr fat t\u00eb mir\u00eb gjendje sh\u00ebndet\u00ebsore \u00ebsht\u00eb jasht\u00eb rrezikut p\u00ebr jet\u00ebn. Por natyrsh\u00ebm, sikurse u informuam nga drejtuesit e Spitalit t\u00eb Traum\u00ebs, do t\u00eb vazhdoj\u00eb kujdesi intensiv n\u00eb or\u00ebt n\u00eb vijim, sepse ka pasur disa d\u00ebmtime. Nuk po hyj n\u00eb detajet e gjendjes sh\u00ebndet\u00ebsore, por lajmi i mir\u00eb \u00ebsht\u00eb se \u00ebsht\u00eb jasht\u00eb rrezikut p\u00ebr jet\u00ebn. Ka qen\u00eb nj\u00eb rast aksidental, por ju sqaroj se punonj\u00ebsja e Policis\u00eb ka mb\u00ebrritur aty pasi ka ndodhur nj\u00eb aksident. M\u00eb pas ka ardhur nj\u00eb automjet tjet\u00ebr, i cili ka aksidentuar punonj\u00ebsen e Policis\u00eb Rrugore. Ajo q\u00eb dua t\u2019ju them \u00ebsht\u00eb se ne do t\u00eb vazhdojm\u00eb t\u00eb kujdesimi p\u00ebr t\u00eb gjith\u00eb punonj\u00ebsit e Policis\u00eb s\u00eb Shtetit<\/em>\u201d, tha ministri.<\/span><\/p>\n<p><span style=\"color: #000000;\">Balla theksoi se prioritet i pun\u00ebs s\u00eb tij mbetet p\u00ebrkujdesi ndaj \u00e7do punonj\u00ebsi policie.<\/span><\/p>\n<p><span style=\"color: #000000;\"><em>\u201cDua ta them edhe nj\u00ebher\u00eb, si\u00e7 e kam th\u00ebn\u00eb prej dit\u00ebs s\u00eb par\u00eb timen n\u00eb k\u00ebt\u00eb detyr\u00eb q\u00eb Ministri i Brendsh\u00ebm \u00ebsht\u00eb nj\u00eb prej gjith\u00eb struktur\u00ebs s\u00eb Policis\u00eb dhe suksesi i misionit tim n\u00eb krye t\u00eb k\u00ebsaj Ministrie varet nga p\u00ebrkujdesja ndaj gjith\u00eb oficer\u00ebve, punonj\u00ebsve t\u00eb t\u00eb gjith\u00eb struktur\u00ebs s\u00eb Policis\u00eb s\u00eb Shtetit. Natyrsh\u00ebm, sikurse jam sot k\u00ebtu, do t\u00eb jem gjithmon\u00eb duke u kujdesur p\u00ebr secilin nga an\u00ebtar\u00ebt e organizat\u00ebs s\u00eb Policis\u00eb s\u00eb Shtetit.\u201d<\/em><\/span><\/p>\n<p><span style=\"color: #000000;\">Balla apeloi p\u00ebr \u00e7do drejtues mjeti p\u00ebr t\u00eb qen\u00eb t\u00eb kujdessh\u00ebm dhe n\u00eb respekt t\u00eb Kodit Rrugor, p\u00ebr t\u00eb shmangur ngjarje me pasoja.<\/span><\/p>\n<p><span style=\"color: #000000;\"><em>\u201cDua t\u2019i b\u00ebj nj\u00eb apel publikut, kemi nevoj\u00eb edhe p\u00ebr mb\u00ebshtetjen e mir\u00ebkuptimin tuaj! Punonj\u00ebsit e Policis\u00eb jan\u00eb aty p\u00ebr t\u2019u kujdesur p\u00ebr sigurin\u00eb rrugore. E ndaj, apeli ndaj atyre q\u00eb jan\u00eb n\u00eb timon \u00ebsht\u00eb q\u00eb ju lutem respektoni rregullat e qarkullimit rrugor, limitet e shpejt\u00ebsis\u00eb e t\u00eb gjitha parashikimet q\u00eb ka Kodi Rrugor. Jemi aty jo p\u00ebr t\u00eb vendosur gjoba, por p\u00ebr t\u00eb nd\u00ebrgjegj\u00ebsuar t\u00eb gjith\u00eb ata q\u00eb jan\u00eb n\u00eb timon q\u00eb t\u00eb respektojn\u00eb normat dhe k\u00ebrkesat e Kodit Rrugor\u201d, <\/em>n\u00ebnvizoi Balla.<\/span><\/p>\n<p>&nbsp;<\/p>\n","protected":false,"gt_translate_keys":[{"key":"rendered","format":"html"}]},"excerpt":{"rendered":"<p>Ministri i Brendsh\u00ebm Taulant Balla vizitoi sot n\u00eb Spitalin e Traum\u00ebs efektiven e Policis\u00eb Rrugore, Arta Shurbi, e cila mbeti e plagosur paradite si pasoj\u00eb e p\u00ebrplasjes s\u00eb dy mjeteve n\u00eb Vor\u00eb. Gjat\u00eb nj\u00eb prononcimi p\u00ebr mediat, ministri Balla u shpreh se gjendja sh\u00ebndet\u00ebsore e punonj\u00ebses \u00ebsht\u00eb e stabilizuar, e n\u00ebn kujdesin intensiv t\u00eb mjek\u00ebve. [&hellip;]<\/p>\n","protected":false,"gt_translate_keys":[{"key":"rendered","format":"html"}]},"author":30,"featured_media":610157,"comment_status":"closed","ping_status":"closed","sticky":false,"template":"","format":"standard","meta":{"footnotes":""},"categories":[65],"tags":[],"class_list":["post-610156","post","type-post","status-publish","format-standard","has-post-thumbnail","hentry","category-lajme"],"gt_translate_keys":[{"key":"link","format":"url"}],"_links":{"self":[{"href":"https:\/\/www.hashtag.al\/index.php\/wp-json\/wp\/v2\/posts\/610156","targetHints":{"allow":["GET"]}}],"collection":[{"href":"https:\/\/www.hashtag.al\/index.php\/wp-json\/wp\/v2\/posts"}],"about":[{"href":"https:\/\/www.hashtag.al\/index.php\/wp-json\/wp\/v2\/types\/post"}],"author":[{"embeddable":true,"href":"https:\/\/www.hashtag.al\/index.php\/wp-json\/wp\/v2\/users\/30"}],"replies":[{"embeddable":true,"href":"https:\/\/www.hashtag.al\/index.php\/wp-json\/wp\/v2\/comments?post=610156"}],"version-history":[{"count":0,"href":"https:\/\/www.hashtag.al\/index.php\/wp-json\/wp\/v2\/posts\/610156\/revisions"}],"wp:featuredmedia":[{"embeddable":true,"href":"https:\/\/www.hashtag.al\/index.php\/wp-json\/wp\/v2\/media\/610157"}],"wp:attachment":[{"href":"https:\/\/www.hashtag.al\/index.php\/wp-json\/wp\/v2\/media?parent=610156"}],"wp:term":[{"taxonomy":"category","embeddable":true,"href":"https:\/\/www.hashtag.al\/index.php\/wp-json\/wp\/v2\/categories?post=610156"},{"taxonomy":"post_tag","embeddable":true,"href":"https:\/\/www.hashtag.al\/index.php\/wp-json\/wp\/v2\/tags?post=610156"}],"curies":[{"name":"wp","href":"https:\/\/api.w.org\/{rel}","templated":true}]}}