{"id":609758,"date":"2023-08-07T11:52:27","date_gmt":"2023-08-07T09:52:27","guid":{"rendered":"https:\/\/www.hashtag.al\/?p=609758"},"modified":"2023-08-07T11:57:27","modified_gmt":"2023-08-07T09:57:27","slug":"mero-baze-i-pergjigjet-shkelzenit-rama-eshte-me-ty-thuaj-mikut-tend-te-dorezoje-lejen","status":"publish","type":"post","link":"https:\/\/www.hashtag.al\/index.php\/2023\/08\/07\/mero-baze-i-pergjigjet-shkelzenit-rama-eshte-me-ty-thuaj-mikut-tend-te-dorezoje-lejen\/","title":{"rendered":"Mero Baze i p\u00ebrgjigjet Shk\u00eblzenit: Rama \u00ebsht\u00eb me ty, thuaj mikut t\u00ebnd t\u00eb dor\u00ebzoj\u00eb lejen","gt_translate_keys":[{"key":"rendered","format":"text"}]},"content":{"rendered":"<p><span style=\"color: #000000;\"><img loading=\"lazy\" decoding=\"async\" class=\"aligncenter size-full wp-image-609759\" src=\"https:\/\/www.hashtag.al\/wp-content\/uploads\/2023\/08\/WhatsApp-Image-2023-08-07-at-11.43.58.jpeg\" alt=\"\" width=\"640\" height=\"336\" srcset=\"https:\/\/www.hashtag.al\/wp-content\/uploads\/2023\/08\/WhatsApp-Image-2023-08-07-at-11.43.58.jpeg 640w, https:\/\/www.hashtag.al\/wp-content\/uploads\/2023\/08\/WhatsApp-Image-2023-08-07-at-11.43.58-300x158.jpeg 300w\" sizes=\"auto, (max-width: 640px) 100vw, 640px\" \/><\/span><\/p>\n<p><span style=\"color: #000000;\">Publicisti Mero Baze i \u00ebsht\u00eb p\u00ebrgjigjur Shk\u00eblzen Berish\u00ebs, pasi ky i fundi pak m\u00eb her\u00ebt sfidoi kryeministrin Rama duke i b\u00ebr\u00eb thirrje \u2018t\u00eb revokoj\u00eb lejen p\u00ebr kull\u00ebn pas Teatrit t\u00eb Operas e Baletit, ose t\u00eb haj\u00eb me nder\u2019. <\/span><\/p>\n<p><span style=\"color: #000000;\">N\u00eb nj\u00eb sh\u00ebnim n\u00eb Facebook, Baze shkruan se Rama e ka dh\u00ebn\u00eb me vet\u00ebdije lejen p\u00ebr kull\u00ebn n\u00eb qend\u00ebr p\u00ebr ta mbajtur n\u00eb loj\u00eb Berish\u00ebn si klan politik shkat\u00ebrrues p\u00ebr opozit\u00ebn. <\/span><\/p>\n<p><span style=\"color: #000000;\">N\u00eb reagimim e tij publicisti thekson se \u00ebsht\u00eb i bindur se Shk\u00eblzen Berisha q\u00ebndron pas dy projekteve t\u00eb m\u00ebdha, nj\u00ebri te hoteli n\u00eb Gjirin e Lalzit dhe tjetri te kulla pas TOB-it. <\/span><\/p>\n<p><span style=\"color: #000000;\">N\u00eb fund t\u00eb shkrimit t\u00eb tij, Baze thekson se Shk\u00eblzen Berisha nuk ka pse sfidon kryeministrin Rama, pasi ky i fundit nuk ka asnj\u00eb ankes\u00eb, por duhet t\u00eb sqaroj\u00eb aktor\u00ebt e tjer\u00eb t\u00eb opozit\u00ebs q\u00eb kan\u00eb reaguar kund\u00ebr saj. <\/span><\/p>\n<p><span style=\"color: #000000;\">Baze e mbyll sh\u00ebnimin e tij duke shkruar se se Berisha n\u00eb vend q\u00eb t\u00eb sfidoj\u00eb Ram\u00ebn mund t\u2019i k\u00ebrkoj\u00eb mikut t\u00eb tij Ilir Shtufi,t\u00eb cilin e p\u00ebrdor prej 30 vitesh p\u00ebr \u00e7do hall, q\u00eb t\u00eb heq\u00eb dor\u00eb\u00a0 nga kulla.<\/span><\/p>\n<p><span style=\"color: #000000;\"><em>\u201cPo n\u00eb fakt Shk\u00eblzeni do dhe kull\u00ebn dhe opozit\u00ebn. Dhe Edi Rama ja ka dh\u00ebn\u00eb t\u00eb dyja. Ska pse m\u00ebrzitet me t\u00eb dhe ska pse e sfidon duke b\u00ebr\u00eb loj\u00eb luftash. Luft\u00ebn e ka me opozit\u00ebn q\u00eb ndjehet e shitur.\u201d<\/em> &#8211; mbyll sh\u00ebnimin Baze.<\/span><\/p>\n<p><span style=\"color: #000000;\"><strong>Sh\u00ebnimi i plot\u00eb i Bazes<\/strong><\/span><\/p>\n<p><span style=\"color: #000000;\"><em>&#8220;Shk\u00eblqen Berisha m\u00eb n\u00eb fund ka sfiduar Edi Ram\u00ebn p\u00ebr kull\u00ebn n\u00eb qend\u00ebr t\u00eb Tiran\u00ebs duke i th\u00ebn\u00eb :\u00a0 \u201canuloje po ta mbajti\u201d lejen p\u00ebr kull\u00ebn.\u00a0<\/em><\/span><\/p>\n<p><span style=\"color: #000000;\"><em>Ana qesharake e k\u00ebtij reagimi \u00ebsht\u00eb se askush nuk po thot\u00eb q\u00eb Edi Rama po ankohet pse ka dh\u00ebn\u00eb leje p\u00ebr kull\u00eb. Edi Rama e ka dh\u00ebn\u00eb me plot vet\u00ebdije lejen p\u00ebr kull\u00eb dhe ndoshta brenda gjith\u00eb ligjeve dhe vizonit t\u00eb tij p\u00ebr qytetin.<\/em><\/span><\/p>\n<p><span style=\"color: #000000;\"><em>Edi Rama nuk e ka sfiduar Shk\u00eblzen Berish\u00ebn duke I th\u00ebn\u00eb q\u00eb t\u00eb kam dh\u00ebn\u00eb kull\u00eb. Nuk e ka sfiduar askush brenda qeveris\u00eb. Ja kan\u00eb dh\u00ebn\u00eb gjith\u00eb qejf.<\/em><\/span><\/p>\n<p><span style=\"color: #000000;\"><em>I pari q\u00eb e kam sfiduar jam un\u00eb qyshkur se \u00ebsht\u00eb dh\u00ebn\u00eb leja e kull\u00ebs. Dhe e p\u00ebrs\u00ebris pa asnj\u00eb m\u00ebdyshje se Shk\u00eblzen Berisha q\u00ebndron pas dy projekteve t\u00eb m\u00ebdha asaj t\u00eb hotelit tek Gjiri I Lalzit, dhe Kull\u00ebs s\u00eb Tiran\u00ebs. N\u00eb Lal\u00ebz i ka n\u00ebn emrin e t\u00eb gjith\u00ebgjendurit\u00a0 t\u00eb tij q\u00eb nga tokat e Teqes s\u00eb Zallit me gjyqe false n\u00eb\u00a0 Ksamil dhe tokat e familjes Delvina n\u00eb Sarand\u00eb e deri n\u00eb Lal\u00ebz. Ai\u00a0 shfaqet kudo si TVSH e Shk\u00eblzen Berish\u00ebs\u00a0 me 20 p\u00ebr qind. Dhe tani tek projekti I kull\u00ebs s\u00eb\u00a0 Tiran\u00ebs shfaqet I ngarkuari p\u00ebr beton I familjes si pronar I kull\u00ebs 64 kate.<\/em><\/span><\/p>\n<p><span style=\"color: #000000;\"><em>T\u00eb gjith\u00eb e kemi t\u00eb qart\u00eb p\u00ebrse Edi Rama ja jep k\u00ebt\u00eb ndihm\u00eb Shk\u00eblzen Sali Berish\u00ebs. Ja jep se i duhet t\u00eb q\u00ebndroj n\u00eb loj\u00eb si klan politik shkat\u00ebrrues p\u00ebr opozit\u00ebn. Ose m\u00eb thjesht\u00eb blen me lek nj\u00eb mall q\u00eb helmon opozit\u00ebn. Natyrisht q\u00eb ka faj, por jo m\u00eb shum\u00eb se faj se k\u00ebta q\u00eb shesin opozitarizmin p\u00ebr byth\u00ebn e familjes s\u00eb tyre dhe milionat q\u00eb fitojn\u00eb nga firma e Edi Ram\u00ebs.<\/em><\/span><\/p>\n<p><span style=\"color: #000000;\"><em>Edi Rama jo vet\u00ebm q\u00eb nuk \u00ebsht\u00eb I m\u00ebrzitur q\u00eb po I jep leje, por \u00ebsht\u00eb shum\u00eb I k\u00ebnaqur. Po aq I k\u00ebnaqur sa Shk\u00eblzeni. Ndaj ky I fundit nuk ka pse e sfidon at\u00eb q\u00eb I ka dh\u00ebn\u00eb leje duke I th\u00ebn\u00eb \u201canuloje\u201d. Ai nuk ka asnj\u00eb ankes\u00eb. Ata q\u00eb po ankohen jan\u00eb aktor\u00eb t\u00eb opozit\u00ebs Arlind Qorri, Lulzim Basha dhe dhjet\u00ebra t\u00eb tjer\u00eb. Natyrisht dhe shtypi q\u00eb ka t\u00eb drejt t\u00eb ngrej\u00eb pik\u00ebpyetje p\u00ebr moralin e k\u00ebsaj familje hajdut\u00ebsh t\u00eb certifikuar nga dy shtetet m\u00eb t\u00eb m\u00ebdha demokratike t\u00eb bot\u00ebs, SHBA dhe Britania e Madhe.<\/em><\/span><\/p>\n<p><span style=\"color: #000000;\"><em>Ndaj Shk\u00eblzeni nuk ka pse b\u00ebn sikur sfidon Edi Ram\u00ebn duke I th\u00ebn\u00eb anulo kull\u00ebn. Ai mund ti thot\u00eb Ilir Shtufit, biznesmenit q\u00eb ka 30 vjet q\u00eb e p\u00ebrdor p\u00ebr \u00e7do hall q\u00eb ka t\u00eb heq dor\u00eb nga kulla, n\u00ebse e ka seriozisht. Ai e ka konfidenc\u00ebn me Shk\u00eblzenin dhe i bindet p\u00ebr \u00e7do gj\u00eb.\u00a0<\/em><\/span><\/p>\n<p><span style=\"color: #000000;\"><em>Mund ti bindet dhe p\u00ebr k\u00ebt\u00eb n\u00ebse v\u00ebrtet Shk\u00eblzeni se do kull\u00ebn. Po n\u00eb fakt Shk\u00eblzeni do dhe kull\u00ebn dhe opozit\u00ebn . Dhe Edi Rama ja ka dh\u00ebn\u00eb t\u00eb dyja. Ska pse m\u00ebrzitet me t\u00eb dhe ska pse e sfidon duke b\u00ebr\u00eb loj\u00eb luftash. Luft\u00ebn e ka me opozit\u00ebn q\u00eb ndjehet e shitur.&#8221;<\/em><\/span><\/p>\n","protected":false,"gt_translate_keys":[{"key":"rendered","format":"html"}]},"excerpt":{"rendered":"<p>Publicisti Mero Baze i \u00ebsht\u00eb p\u00ebrgjigjur Shk\u00eblzen Berish\u00ebs, pasi ky i fundi pak m\u00eb her\u00ebt sfidoi kryeministrin Rama duke i b\u00ebr\u00eb thirrje \u2018t\u00eb revokoj\u00eb lejen p\u00ebr kull\u00ebn pas Teatrit t\u00eb Operas e Baletit, ose t\u00eb haj\u00eb me nder\u2019. N\u00eb nj\u00eb sh\u00ebnim n\u00eb Facebook, Baze shkruan se Rama e ka dh\u00ebn\u00eb me vet\u00ebdije lejen p\u00ebr kull\u00ebn [&hellip;]<\/p>\n","protected":false,"gt_translate_keys":[{"key":"rendered","format":"html"}]},"author":51,"featured_media":609759,"comment_status":"closed","ping_status":"closed","sticky":false,"template":"","format":"standard","meta":{"footnotes":""},"categories":[22],"tags":[],"class_list":["post-609758","post","type-post","status-publish","format-standard","has-post-thumbnail","hentry","category-ballina"],"gt_translate_keys":[{"key":"link","format":"url"}],"_links":{"self":[{"href":"https:\/\/www.hashtag.al\/index.php\/wp-json\/wp\/v2\/posts\/609758","targetHints":{"allow":["GET"]}}],"collection":[{"href":"https:\/\/www.hashtag.al\/index.php\/wp-json\/wp\/v2\/posts"}],"about":[{"href":"https:\/\/www.hashtag.al\/index.php\/wp-json\/wp\/v2\/types\/post"}],"author":[{"embeddable":true,"href":"https:\/\/www.hashtag.al\/index.php\/wp-json\/wp\/v2\/users\/51"}],"replies":[{"embeddable":true,"href":"https:\/\/www.hashtag.al\/index.php\/wp-json\/wp\/v2\/comments?post=609758"}],"version-history":[{"count":0,"href":"https:\/\/www.hashtag.al\/index.php\/wp-json\/wp\/v2\/posts\/609758\/revisions"}],"wp:featuredmedia":[{"embeddable":true,"href":"https:\/\/www.hashtag.al\/index.php\/wp-json\/wp\/v2\/media\/609759"}],"wp:attachment":[{"href":"https:\/\/www.hashtag.al\/index.php\/wp-json\/wp\/v2\/media?parent=609758"}],"wp:term":[{"taxonomy":"category","embeddable":true,"href":"https:\/\/www.hashtag.al\/index.php\/wp-json\/wp\/v2\/categories?post=609758"},{"taxonomy":"post_tag","embeddable":true,"href":"https:\/\/www.hashtag.al\/index.php\/wp-json\/wp\/v2\/tags?post=609758"}],"curies":[{"name":"wp","href":"https:\/\/api.w.org\/{rel}","templated":true}]}}