{"id":609624,"date":"2023-08-06T13:49:25","date_gmt":"2023-08-06T11:49:25","guid":{"rendered":"https:\/\/www.hashtag.al\/?p=609624"},"modified":"2023-08-06T13:49:25","modified_gmt":"2023-08-06T11:49:25","slug":"ne-gusht-nisin-te-gjitha-fluturimet-kosove-shqiperi","status":"publish","type":"post","link":"https:\/\/www.hashtag.al\/index.php\/2023\/08\/06\/ne-gusht-nisin-te-gjitha-fluturimet-kosove-shqiperi\/","title":{"rendered":"\u200bN\u00eb gusht nisin t\u00eb gjitha fluturimet Kosov\u00eb-Shqip\u00ebri","gt_translate_keys":[{"key":"rendered","format":"text"}]},"content":{"rendered":"<p><a href=\"https:\/\/www.hashtag.al\/wp-content\/uploads\/2023\/08\/1691320760_liburnaliu.jpg\"><img loading=\"lazy\" decoding=\"async\" class=\"aligncenter size-full wp-image-609625\" src=\"https:\/\/www.hashtag.al\/wp-content\/uploads\/2023\/08\/1691320760_liburnaliu.jpg\" alt=\"\" width=\"780\" height=\"440\" srcset=\"https:\/\/www.hashtag.al\/wp-content\/uploads\/2023\/08\/1691320760_liburnaliu.jpg 780w, https:\/\/www.hashtag.al\/wp-content\/uploads\/2023\/08\/1691320760_liburnaliu-300x169.jpg 300w, https:\/\/www.hashtag.al\/wp-content\/uploads\/2023\/08\/1691320760_liburnaliu-768x433.jpg 768w\" sizes=\"auto, (max-width: 780px) 100vw, 780px\" \/><\/a><\/p>\n<p>&nbsp;<\/p>\n<p><span style=\"color: #000000;\">Marr\u00ebveshja e firmosur n\u00eb vitin 2020, p\u00ebr korridorin ajror nd\u00ebrmjet Kosov\u00ebs dhe Shqip\u00ebris\u00eb pritet t\u00eb ndodh\u00eb gjat\u00eb k\u00ebtij muaji. Lajmin e ka dh\u00ebn\u00eb ministri i Mjedisit, Planifikimit Hap\u00ebsinor dhe Infrastruktur\u00ebs, Liburn Aliu, sipas t\u00eb cilit korridoret jan\u00eb t\u00eb p\u00ebrcaktuara.<\/span><\/p>\n<p><span style=\"color: #000000;\">Nd\u00ebrkoh\u00eb Agjencia e Sh\u00ebrbimeve t\u00eb Navigacionit Ajror n\u00eb Kosov\u00eb kan\u00eb th\u00ebn\u00eb p\u00ebr <span style=\"color: #0000ff;\">KosovaPress<\/span> se me publikimin e pikave ajrore n\u00eb AIP t\u00eb Shqip\u00ebris\u00eb n\u00eb korrik t\u00eb vitit 2023, pritet nd\u00ebrrimi i atributeve t\u00eb k\u00ebtyre pikave nga Eurocontrol, respektivisht nga Net\u00ebork Manager q\u00eb t\u00eb b\u00ebhen edhe \u201cflight plannable\u201d s\u00eb shpejti.<\/span><\/p>\n<p><span style=\"color: #000000;\">Nd\u00ebrkoh\u00eb Agjencia e Sh\u00ebrbimeve t\u00eb Navigacionit Ajror n\u00eb Kosov\u00eb kan\u00eb th\u00ebn\u00eb se me publikimin e pikave ajrore n\u00eb AIP t\u00eb Shqip\u00ebris\u00eb n\u00eb korrik t\u00eb vitit 2023, pritet nd\u00ebrrimi i atributeve t\u00eb k\u00ebtyre pikave nga Eurocontrol, respektivisht nga Net\u00ebork Manager q\u00eb t\u00eb b\u00ebhen edhe \u201cflight plannable\u201d s\u00eb shpejti.<\/span><\/p>\n<p><span style=\"color: #000000;\"><em>\u201cSa i p\u00ebrket korridoreve me Republik\u00ebn e Shqip\u00ebris\u00eb, korridoret jan\u00eb t\u00eb p\u00ebrcaktuara, tashm\u00eb kan\u00eb dal\u00eb edhe n\u00eb ueb faqe. Ende nuk jan\u00eb, nuk i di k\u00ebto shprehjet teknike q\u00eb i kan\u00eb ekspert\u00ebt ajror\u00eb, por duhet q\u00eb ato t\u00eb konfirmohen si t\u00eb tilla, n\u00eb m\u00ebnyr\u00eb q\u00eb t\u00eb b\u00ebhen t\u00eb planifikueshme n\u00eb fluturimet nd\u00ebrkomb\u00ebtare\u2026N\u00eb shumic\u00ebn e fluturimeve nd\u00ebrkomb\u00ebtare q\u00eb b\u00ebhen nga Aeroporti i Prishtin\u00ebs p\u00ebr n\u00eb aeroporte t\u00eb tjera e q\u00eb \u00ebsht\u00eb rruga m\u00eb shkurt\u00ebr nga ato pikat q\u00eb jan\u00eb m\u00eb Republik\u00ebn e Shqip\u00ebris\u00eb realizohen. N\u00eb kthim nj\u00eb pjes\u00eb e tyre realizohen, nj\u00eb pjes\u00eb e tyre nuk realizohen p\u00ebr shkak se shpesh jan\u00eb t\u00eb paplanifikuara<\/em>\u201d, ka th\u00ebn\u00eb Aliu.<\/span><\/p>\n<p><span style=\"color: #000000;\">Para kat\u00ebr muajsh, Kosova dhe Mali i Zi kan\u00eb n\u00ebnshkruar marr\u00ebveshjen bilaterale p\u00ebr korridorin ajror q\u00eb mund\u00ebson lejimin e shfryt\u00ebzimit t\u00eb hap\u00ebsir\u00ebs ajrore t\u00eb Malit t\u00eb Zi nga aeroplan\u00ebt q\u00eb fluturojn\u00eb nga Aeroporti i Prishtin\u00ebs.<\/span><\/p>\n","protected":false,"gt_translate_keys":[{"key":"rendered","format":"html"}]},"excerpt":{"rendered":"<p>&nbsp; Marr\u00ebveshja e firmosur n\u00eb vitin 2020, p\u00ebr korridorin ajror nd\u00ebrmjet Kosov\u00ebs dhe Shqip\u00ebris\u00eb pritet t\u00eb ndodh\u00eb gjat\u00eb k\u00ebtij muaji. Lajmin e ka dh\u00ebn\u00eb ministri i Mjedisit, Planifikimit Hap\u00ebsinor dhe Infrastruktur\u00ebs, Liburn Aliu, sipas t\u00eb cilit korridoret jan\u00eb t\u00eb p\u00ebrcaktuara. Nd\u00ebrkoh\u00eb Agjencia e Sh\u00ebrbimeve t\u00eb Navigacionit Ajror n\u00eb Kosov\u00eb kan\u00eb th\u00ebn\u00eb p\u00ebr KosovaPress se me [&hellip;]<\/p>\n","protected":false,"gt_translate_keys":[{"key":"rendered","format":"html"}]},"author":30,"featured_media":609625,"comment_status":"closed","ping_status":"closed","sticky":false,"template":"","format":"standard","meta":{"footnotes":""},"categories":[149],"tags":[],"class_list":["post-609624","post","type-post","status-publish","format-standard","has-post-thumbnail","hentry","category-kosoverajon"],"gt_translate_keys":[{"key":"link","format":"url"}],"_links":{"self":[{"href":"https:\/\/www.hashtag.al\/index.php\/wp-json\/wp\/v2\/posts\/609624","targetHints":{"allow":["GET"]}}],"collection":[{"href":"https:\/\/www.hashtag.al\/index.php\/wp-json\/wp\/v2\/posts"}],"about":[{"href":"https:\/\/www.hashtag.al\/index.php\/wp-json\/wp\/v2\/types\/post"}],"author":[{"embeddable":true,"href":"https:\/\/www.hashtag.al\/index.php\/wp-json\/wp\/v2\/users\/30"}],"replies":[{"embeddable":true,"href":"https:\/\/www.hashtag.al\/index.php\/wp-json\/wp\/v2\/comments?post=609624"}],"version-history":[{"count":0,"href":"https:\/\/www.hashtag.al\/index.php\/wp-json\/wp\/v2\/posts\/609624\/revisions"}],"wp:featuredmedia":[{"embeddable":true,"href":"https:\/\/www.hashtag.al\/index.php\/wp-json\/wp\/v2\/media\/609625"}],"wp:attachment":[{"href":"https:\/\/www.hashtag.al\/index.php\/wp-json\/wp\/v2\/media?parent=609624"}],"wp:term":[{"taxonomy":"category","embeddable":true,"href":"https:\/\/www.hashtag.al\/index.php\/wp-json\/wp\/v2\/categories?post=609624"},{"taxonomy":"post_tag","embeddable":true,"href":"https:\/\/www.hashtag.al\/index.php\/wp-json\/wp\/v2\/tags?post=609624"}],"curies":[{"name":"wp","href":"https:\/\/api.w.org\/{rel}","templated":true}]}}