{"id":609598,"date":"2023-08-06T11:24:30","date_gmt":"2023-08-06T09:24:30","guid":{"rendered":"https:\/\/www.hashtag.al\/?p=609598"},"modified":"2023-08-06T11:24:30","modified_gmt":"2023-08-06T09:24:30","slug":"sllovakia-i-jep-leje-qytetareve-te-saj-te-sherbejne-ne-ushtrine-ukrainase","status":"publish","type":"post","link":"https:\/\/www.hashtag.al\/index.php\/2023\/08\/06\/sllovakia-i-jep-leje-qytetareve-te-saj-te-sherbejne-ne-ushtrine-ukrainase\/","title":{"rendered":"Sllovakia i jep leje qytetar\u00ebve t\u00eb saj t\u00eb sh\u00ebrbejn\u00eb n\u00eb ushtrin\u00eb ukrainase","gt_translate_keys":[{"key":"rendered","format":"text"}]},"content":{"rendered":"<p><span style=\"color: #000000;\"><a style=\"color: #000000;\" href=\"https:\/\/www.hashtag.al\/wp-content\/uploads\/2023\/08\/zelensky.png\"><img loading=\"lazy\" decoding=\"async\" class=\"aligncenter size-full wp-image-609599\" src=\"https:\/\/www.hashtag.al\/wp-content\/uploads\/2023\/08\/zelensky.png\" alt=\"\" width=\"1088\" height=\"627\" srcset=\"https:\/\/www.hashtag.al\/wp-content\/uploads\/2023\/08\/zelensky.png 1088w, https:\/\/www.hashtag.al\/wp-content\/uploads\/2023\/08\/zelensky-300x173.png 300w, https:\/\/www.hashtag.al\/wp-content\/uploads\/2023\/08\/zelensky-1024x590.png 1024w, https:\/\/www.hashtag.al\/wp-content\/uploads\/2023\/08\/zelensky-768x443.png 768w, https:\/\/www.hashtag.al\/wp-content\/uploads\/2023\/08\/zelensky-250x145.png 250w\" sizes=\"auto, (max-width: 1088px) 100vw, 1088px\" \/><\/a><\/span><\/p>\n<p><span style=\"color: #000000;\">Presidentja e Sllovakis\u00eb, Zuzana Caputova, u ka dh\u00ebn\u00eb leje n\u00ebnt\u00eb qytetar\u00ebve sllovak\u00eb p\u00ebr t\u00eb sh\u00ebrbyer n\u00eb ushtrin\u00eb ukrainase, e cila \u00ebsht\u00eb duke luftuar kund\u00ebr pushtimit rus.<\/span><\/p>\n<p><span style=\"color: #000000;\">Mediat sllovake raportuan m\u00eb 5 gusht se Caputova i vler\u00ebsoi 35 k\u00ebrkesa t\u00eb qytetar\u00ebve p\u00ebr t\u00eb luftuar p\u00ebrkrah ushtris\u00eb ukrainase, dhe i pranoi n\u00ebnt\u00eb prej tyre.<\/span><\/p>\n<p><span style=\"color: #000000;\">Arsyet e pranimit apo refuzimit t\u00eb k\u00ebrkesave nuk jan\u00eb dh\u00ebn\u00eb.<\/span><\/p>\n<p><span style=\"color: #000000;\">Sipas ligjit n\u00eb fuqi n\u00eb Sllovaki, qytetar\u00ebt sllovak\u00eb kan\u00eb t\u00eb drejt\u00eb t\u2019i bashkohen ushtris\u00eb s\u00eb nj\u00eb vendi t\u00eb huaj vet\u00ebm me lejen e presidentit t\u00eb vendit. Pa nj\u00eb leje t\u00eb till\u00eb, sllovak\u00ebt p\u00ebrballen me ndjekje penale.<\/span><\/p>\n<p><span style=\"color: #000000;\">N\u00eb fillim t\u00eb k\u00ebtij muaji, Republika e \u00c7ekis\u00eb njoftoi se u ka dh\u00ebn\u00eb leje t\u00eb ngjashme 146 qytetar\u00ebve t\u00eb vet q\u00ebkur nisi pushtimi rus i Ukrain\u00ebs n\u00eb shkurt 2022.<\/span><\/p>\n","protected":false,"gt_translate_keys":[{"key":"rendered","format":"html"}]},"excerpt":{"rendered":"<p>Presidentja e Sllovakis\u00eb, Zuzana Caputova, u ka dh\u00ebn\u00eb leje n\u00ebnt\u00eb qytetar\u00ebve sllovak\u00eb p\u00ebr t\u00eb sh\u00ebrbyer n\u00eb ushtrin\u00eb ukrainase, e cila \u00ebsht\u00eb duke luftuar kund\u00ebr pushtimit rus. Mediat sllovake raportuan m\u00eb 5 gusht se Caputova i vler\u00ebsoi 35 k\u00ebrkesa t\u00eb qytetar\u00ebve p\u00ebr t\u00eb luftuar p\u00ebrkrah ushtris\u00eb ukrainase, dhe i pranoi n\u00ebnt\u00eb prej tyre. Arsyet e pranimit [&hellip;]<\/p>\n","protected":false,"gt_translate_keys":[{"key":"rendered","format":"html"}]},"author":32,"featured_media":609599,"comment_status":"closed","ping_status":"closed","sticky":false,"template":"","format":"standard","meta":{"footnotes":""},"categories":[6,13],"tags":[],"class_list":["post-609598","post","type-post","status-publish","format-standard","has-post-thumbnail","hentry","category-nderkombetare","category-te-fundit"],"gt_translate_keys":[{"key":"link","format":"url"}],"_links":{"self":[{"href":"https:\/\/www.hashtag.al\/index.php\/wp-json\/wp\/v2\/posts\/609598","targetHints":{"allow":["GET"]}}],"collection":[{"href":"https:\/\/www.hashtag.al\/index.php\/wp-json\/wp\/v2\/posts"}],"about":[{"href":"https:\/\/www.hashtag.al\/index.php\/wp-json\/wp\/v2\/types\/post"}],"author":[{"embeddable":true,"href":"https:\/\/www.hashtag.al\/index.php\/wp-json\/wp\/v2\/users\/32"}],"replies":[{"embeddable":true,"href":"https:\/\/www.hashtag.al\/index.php\/wp-json\/wp\/v2\/comments?post=609598"}],"version-history":[{"count":0,"href":"https:\/\/www.hashtag.al\/index.php\/wp-json\/wp\/v2\/posts\/609598\/revisions"}],"wp:featuredmedia":[{"embeddable":true,"href":"https:\/\/www.hashtag.al\/index.php\/wp-json\/wp\/v2\/media\/609599"}],"wp:attachment":[{"href":"https:\/\/www.hashtag.al\/index.php\/wp-json\/wp\/v2\/media?parent=609598"}],"wp:term":[{"taxonomy":"category","embeddable":true,"href":"https:\/\/www.hashtag.al\/index.php\/wp-json\/wp\/v2\/categories?post=609598"},{"taxonomy":"post_tag","embeddable":true,"href":"https:\/\/www.hashtag.al\/index.php\/wp-json\/wp\/v2\/tags?post=609598"}],"curies":[{"name":"wp","href":"https:\/\/api.w.org\/{rel}","templated":true}]}}