{"id":609596,"date":"2023-08-06T11:03:26","date_gmt":"2023-08-06T09:03:26","guid":{"rendered":"https:\/\/www.hashtag.al\/?p=609596"},"modified":"2023-08-06T11:03:26","modified_gmt":"2023-08-06T09:03:26","slug":"sot-eshte-paralajmeruar-proteste-para-kryeministrise-kerkohet-lirimi-i-dritan-goxhajt","status":"publish","type":"post","link":"https:\/\/www.hashtag.al\/index.php\/2023\/08\/06\/sot-eshte-paralajmeruar-proteste-para-kryeministrise-kerkohet-lirimi-i-dritan-goxhajt\/","title":{"rendered":"Sot \u00ebsht\u00eb paralajm\u00ebruar protest\u00eb para kryeministris\u00eb, k\u00ebrkohet lirimi i Dritan Goxhajt","gt_translate_keys":[{"key":"rendered","format":"text"}]},"content":{"rendered":"<p><span style=\"color: #000000;\"><a style=\"color: #000000;\" href=\"https:\/\/www.hashtag.al\/wp-content\/uploads\/2023\/07\/1690807626_dritangoxhaj.jpg\"><img loading=\"lazy\" decoding=\"async\" class=\"aligncenter size-full wp-image-608917\" src=\"https:\/\/www.hashtag.al\/wp-content\/uploads\/2023\/07\/1690807626_dritangoxhaj.jpg\" alt=\"\" width=\"780\" height=\"440\" srcset=\"https:\/\/www.hashtag.al\/wp-content\/uploads\/2023\/07\/1690807626_dritangoxhaj.jpg 780w, https:\/\/www.hashtag.al\/wp-content\/uploads\/2023\/07\/1690807626_dritangoxhaj-300x169.jpg 300w, https:\/\/www.hashtag.al\/wp-content\/uploads\/2023\/07\/1690807626_dritangoxhaj-768x433.jpg 768w\" sizes=\"auto, (max-width: 780px) 100vw, 780px\" \/><\/a><\/span><\/p>\n<p><span style=\"color: #000000;\">Nj\u00eb protest\u00eb para kryeministris\u00eb \u00ebsht\u00eb paralajm\u00ebruar sot n\u00eb or\u00ebn 16:00 kund\u00ebr arrestimit te ish-luft\u00ebtarit t\u00eb U\u00c7K-s\u00eb, Dritan Goxhaj.<\/span><\/p>\n<p><span style=\"color: #000000;\">Protesta e thirrur nga grupi \u201cKrahu i Shqiponj\u00ebs\u201d, k\u00ebrkon lirimin e ish-luft\u00ebtarit t\u00eb U\u00c7K-s\u00eb dhe mos-ekstradimin e tij drejt Hag\u00ebs, n\u00eb Dhomat e Specializuara.<\/span><\/p>\n<p><span style=\"color: #000000;\">Dritan Goxhaj u arrestua m\u00eb 31 korrik nga Policia e Tiran\u00ebs, p\u00ebr llogari t\u00eb Gjykat\u00ebs Speciale t\u00eb Kosov\u00ebs, me zyra n\u00eb Hag\u00eb.<\/span><\/p>\n<p><span style=\"color: #000000;\">Mbi t\u00eb r\u00ebndojn\u00eb dy akuza ajo e \u201cFrik\u00ebsimit gjat\u00eb procedur\u00ebs penale\u201d dhe \u201cPengimit t\u00eb personit zyrtar n\u00eb kryerjen e detyrave\u201d. Avokati i Goxhajt, Bashkim Nikolla e ka cil\u00ebsuar si vendim me prapavij\u00eb politike arrestimin e klientit t\u00eb tij, nd\u00ebrsa shton se ai \u00ebsht\u00eb i pafajsh\u00ebm.<\/span><\/p>\n<p><span style=\"color: #000000;\">Dritan Goxha, \u00ebsht\u00eb djali i ushtarakut Dilaver Goxhaj, i cili iu bashkua vullnetarisht U\u00c7K-se dhe iu besua detyra e zv\/Shefit t\u00eb Shtabit t\u00eb P\u00ebrgjithsh\u00ebm t\u00eb U\u00c7K-s\u00eb.<\/span><\/p>\n","protected":false,"gt_translate_keys":[{"key":"rendered","format":"html"}]},"excerpt":{"rendered":"<p>Nj\u00eb protest\u00eb para kryeministris\u00eb \u00ebsht\u00eb paralajm\u00ebruar sot n\u00eb or\u00ebn 16:00 kund\u00ebr arrestimit te ish-luft\u00ebtarit t\u00eb U\u00c7K-s\u00eb, Dritan Goxhaj. Protesta e thirrur nga grupi \u201cKrahu i Shqiponj\u00ebs\u201d, k\u00ebrkon lirimin e ish-luft\u00ebtarit t\u00eb U\u00c7K-s\u00eb dhe mos-ekstradimin e tij drejt Hag\u00ebs, n\u00eb Dhomat e Specializuara. Dritan Goxhaj u arrestua m\u00eb 31 korrik nga Policia e Tiran\u00ebs, p\u00ebr llogari [&hellip;]<\/p>\n","protected":false,"gt_translate_keys":[{"key":"rendered","format":"html"}]},"author":32,"featured_media":608917,"comment_status":"closed","ping_status":"closed","sticky":false,"template":"","format":"standard","meta":{"footnotes":""},"categories":[65,13],"tags":[],"class_list":["post-609596","post","type-post","status-publish","format-standard","has-post-thumbnail","hentry","category-lajme","category-te-fundit"],"gt_translate_keys":[{"key":"link","format":"url"}],"_links":{"self":[{"href":"https:\/\/www.hashtag.al\/index.php\/wp-json\/wp\/v2\/posts\/609596","targetHints":{"allow":["GET"]}}],"collection":[{"href":"https:\/\/www.hashtag.al\/index.php\/wp-json\/wp\/v2\/posts"}],"about":[{"href":"https:\/\/www.hashtag.al\/index.php\/wp-json\/wp\/v2\/types\/post"}],"author":[{"embeddable":true,"href":"https:\/\/www.hashtag.al\/index.php\/wp-json\/wp\/v2\/users\/32"}],"replies":[{"embeddable":true,"href":"https:\/\/www.hashtag.al\/index.php\/wp-json\/wp\/v2\/comments?post=609596"}],"version-history":[{"count":0,"href":"https:\/\/www.hashtag.al\/index.php\/wp-json\/wp\/v2\/posts\/609596\/revisions"}],"wp:featuredmedia":[{"embeddable":true,"href":"https:\/\/www.hashtag.al\/index.php\/wp-json\/wp\/v2\/media\/608917"}],"wp:attachment":[{"href":"https:\/\/www.hashtag.al\/index.php\/wp-json\/wp\/v2\/media?parent=609596"}],"wp:term":[{"taxonomy":"category","embeddable":true,"href":"https:\/\/www.hashtag.al\/index.php\/wp-json\/wp\/v2\/categories?post=609596"},{"taxonomy":"post_tag","embeddable":true,"href":"https:\/\/www.hashtag.al\/index.php\/wp-json\/wp\/v2\/tags?post=609596"}],"curies":[{"name":"wp","href":"https:\/\/api.w.org\/{rel}","templated":true}]}}