{"id":609424,"date":"2023-08-04T17:54:25","date_gmt":"2023-08-04T15:54:25","guid":{"rendered":"https:\/\/www.hashtag.al\/?p=609424"},"modified":"2023-08-04T17:55:34","modified_gmt":"2023-08-04T15:55:34","slug":"foto-e-tahirit-me-balilin-dhe-bajrin-ne-qeli-reagon-drejtoria-e-burgjeve-keta-te-burgosur-kane-qene-ne-te-njejtin-sektor-ushqimi-sherbehet-ne-dhome","status":"publish","type":"post","link":"https:\/\/www.hashtag.al\/index.php\/2023\/08\/04\/foto-e-tahirit-me-balilin-dhe-bajrin-ne-qeli-reagon-drejtoria-e-burgjeve-keta-te-burgosur-kane-qene-ne-te-njejtin-sektor-ushqimi-sherbehet-ne-dhome\/","title":{"rendered":"Foto e Tahirit me Balilin dhe Bajrin n\u00eb qeli, reagon Drejtoria e Burgjeve: Kan\u00eb qen\u00eb t\u00eb akomoduar n\u00eb t\u00eb nj\u00ebjtin sektor, ushqimi sh\u00ebrbehet n\u00eb dhom\u00eb","gt_translate_keys":[{"key":"rendered","format":"text"}]},"content":{"rendered":"<p><span style=\"color: #000000;\"><a href=\"https:\/\/www.hashtag.al\/wp-content\/uploads\/2023\/08\/363379597_10160650965854457_1327006765071852767_n.jpg\"><img loading=\"lazy\" decoding=\"async\" class=\"aligncenter size-full wp-image-609389\" src=\"https:\/\/www.hashtag.al\/wp-content\/uploads\/2023\/08\/363379597_10160650965854457_1327006765071852767_n.jpg\" alt=\"\" width=\"1600\" height=\"739\" srcset=\"https:\/\/www.hashtag.al\/wp-content\/uploads\/2023\/08\/363379597_10160650965854457_1327006765071852767_n.jpg 1600w, https:\/\/www.hashtag.al\/wp-content\/uploads\/2023\/08\/363379597_10160650965854457_1327006765071852767_n-300x139.jpg 300w, https:\/\/www.hashtag.al\/wp-content\/uploads\/2023\/08\/363379597_10160650965854457_1327006765071852767_n-1024x473.jpg 1024w, https:\/\/www.hashtag.al\/wp-content\/uploads\/2023\/08\/363379597_10160650965854457_1327006765071852767_n-768x355.jpg 768w, https:\/\/www.hashtag.al\/wp-content\/uploads\/2023\/08\/363379597_10160650965854457_1327006765071852767_n-1536x709.jpg 1536w\" sizes=\"auto, (max-width: 1600px) 100vw, 1600px\" \/><\/a><\/span><\/p>\n<p><span style=\"color: #000000;\">Pas publikimit t\u00eb fotos nga gazetari Flamur Vezaj, ku shihet Saimir Tahiri n\u00eb qeli bashk\u00eb me Klement Balilin dhe Safet Bajrin, s\u00ebbashku n\u00eb nj\u00eb tavolin\u00eb ngr\u00ebnieje, ka reaguar Drejtoria e P\u00ebrgjithshme e Burgjeve.<\/span><\/p>\n<p><span style=\"color: #000000;\">N\u00eb nj\u00eb reagim zyrtar, kjo drejtori shprehet se ata gjat\u00eb koh\u00ebs s\u00eb vuajtjes s\u00eb d\u00ebnimit, kan\u00eb qen\u00eb t\u00eb gjith\u00eb t\u00eb akomoduar n\u00eb t\u00eb nj\u00ebjtin sektor dhe se fotografia n\u00eb fjal\u00eb ka q\u00ebn\u00eb pjes\u00eb e disa fotografive t\u00eb b\u00ebra nga personeli i IEVP \u201cKosov\u00eb e Lushnjes\u201d, sipas rregullores.<\/span><\/p>\n<p><span style=\"color: #000000;\">Gjithashtu n\u00eb reagim thuhet se sa i takon ushqimit q\u00eb ata jan\u00eb duke e konsumuar n\u00eb qeli, deklaron se ushqimi sh\u00ebrbehet gjithmon\u00eb n\u00eb dhoma pasi nuk ka nj\u00eb menz\u00eb.<\/span><\/p>\n<p>&nbsp;<\/p>\n<p><span style=\"color: #000000;\">Reagimi i plot\u00eb:<\/span><\/p>\n<p>&nbsp;<\/p>\n<p><span style=\"color: #000000;\"><em>Sqarim i opinionit publik!<\/em><\/span><\/p>\n<p><span style=\"color: #000000;\"><em>D\u00ebshirojm\u00eb t\u2019ju informojm\u00eb se personat n\u00eb fotografi, n\u00eb koh\u00ebn kur \u00ebsht\u00eb b\u00ebr\u00eb kjo foto, vuanin d\u00ebnimin me statusin e \u2018t\u00eb burgosurit\u2019 n\u00eb IEVP \u2018Kosova e Lushnjes\u2019.<\/em><\/span><\/p>\n<p><span style=\"color: #000000;\"><em>K\u00ebta t\u00eb burgosur kan\u00eb qen\u00eb t\u00eb akomoduar n\u00eb t\u00eb nj\u00ebjtin sektor dhe \u00ebsht\u00eb e r\u00ebnd\u00ebsishme t\u00eb theksojm\u00eb se n\u00eb k\u00ebt\u00eb IEVP, ushqimi sh\u00ebrbehet gjithmon\u00eb n\u00eb dhomat e t\u00eb d\u00ebnuarve, pasi nuk ekziston nj\u00eb ambient i ve\u00e7ant\u00eb (menz\u00eb kolektive) p\u00ebr ngr\u00ebnien e ushqimit, por konsumohet vet\u00ebm n\u00eb dhomat e tyre.<\/em><\/span><\/p>\n<p><span style=\"color: #000000;\"><em>N\u00eb lidhje me pretendimet p\u00ebr pije alkoolike, \u00ebsht\u00eb e dukshme q\u00eb n\u00eb tavolin\u00eb jan\u00eb shishe me uj\u00eb, si dhe gota me pije freskuese.<\/em><\/span><\/p>\n<p><span style=\"color: #000000;\"><em>N\u00eb asnj\u00eb rast nuk ka pasur shkelje, dhe n\u00eb baz\u00eb t\u00eb rregulloreve, konsumimi i ver\u00ebs apo pijeve alkoolike \u00ebsht\u00eb i ndaluar n\u00eb t\u00eb gjitha IEVP-t\u00eb n\u00eb vendin ton\u00eb.<\/em><\/span><\/p>\n<p><span style=\"color: #000000;\"><em>Fotografia n\u00eb fjal\u00eb ka q\u00ebn\u00eb pjes\u00eb e disa fotografive t\u00eb b\u00ebra nga personeli i IEVP \u201cKosov\u00eb e Lushnjes\u201d, gjat\u00eb ndjekjes s\u00eb nj\u00eb dite normale n\u00eb Institucion, konform rregulloreve ne fuqi.<\/em><\/span><\/p>\n<p><span style=\"color: #000000;\"><em>N\u00eb t\u00eb nj\u00ebjt\u00ebn koh\u00eb, d\u00ebshirojm\u00eb t\u00eb b\u00ebjm\u00eb t\u00eb ditur se ky institucion \u00ebsht\u00eb p\u00ebrgjat\u00eb gjith\u00eb koh\u00ebs i monitoruar nga SHKBB dhe mekanizmat monitorues.<\/em><\/span><\/p>\n<p><span style=\"color: #000000;\"><em>Drejtoria e Burgjeve ju falenderon p\u00ebr ndjeshm\u00ebrin\u00eb dhe \u00ebsht\u00eb e hapur p\u00ebr adresimin e sakt\u00eb t\u00eb \u00e7do shqet\u00ebsimi me ndjeshm\u00ebri t\u00eb lart\u00eb publike.<\/em><\/span><\/p>\n<p><span style=\"color: #000000;\"><em>Duke ju falenderuar p\u00ebr mir\u00ebkuptimin, Me respekt, Drejtoria e P\u00ebrgjithshme e Burgjeve\u201d<\/em><\/span><\/p>\n","protected":false,"gt_translate_keys":[{"key":"rendered","format":"html"}]},"excerpt":{"rendered":"<p>Pas publikimit t\u00eb fotos nga gazetari Flamur Vezaj, ku shihet Saimir Tahiri n\u00eb qeli bashk\u00eb me Klement Balilin dhe Safet Bajrin, s\u00ebbashku n\u00eb nj\u00eb tavolin\u00eb ngr\u00ebnieje, ka reaguar Drejtoria e P\u00ebrgjithshme e Burgjeve. N\u00eb nj\u00eb reagim zyrtar, kjo drejtori shprehet se ata gjat\u00eb koh\u00ebs s\u00eb vuajtjes s\u00eb d\u00ebnimit, kan\u00eb qen\u00eb t\u00eb gjith\u00eb t\u00eb akomoduar n\u00eb [&hellip;]<\/p>\n","protected":false,"gt_translate_keys":[{"key":"rendered","format":"html"}]},"author":30,"featured_media":609389,"comment_status":"closed","ping_status":"closed","sticky":false,"template":"","format":"standard","meta":{"footnotes":""},"categories":[65],"tags":[],"class_list":["post-609424","post","type-post","status-publish","format-standard","has-post-thumbnail","hentry","category-lajme"],"gt_translate_keys":[{"key":"link","format":"url"}],"_links":{"self":[{"href":"https:\/\/www.hashtag.al\/index.php\/wp-json\/wp\/v2\/posts\/609424","targetHints":{"allow":["GET"]}}],"collection":[{"href":"https:\/\/www.hashtag.al\/index.php\/wp-json\/wp\/v2\/posts"}],"about":[{"href":"https:\/\/www.hashtag.al\/index.php\/wp-json\/wp\/v2\/types\/post"}],"author":[{"embeddable":true,"href":"https:\/\/www.hashtag.al\/index.php\/wp-json\/wp\/v2\/users\/30"}],"replies":[{"embeddable":true,"href":"https:\/\/www.hashtag.al\/index.php\/wp-json\/wp\/v2\/comments?post=609424"}],"version-history":[{"count":0,"href":"https:\/\/www.hashtag.al\/index.php\/wp-json\/wp\/v2\/posts\/609424\/revisions"}],"wp:featuredmedia":[{"embeddable":true,"href":"https:\/\/www.hashtag.al\/index.php\/wp-json\/wp\/v2\/media\/609389"}],"wp:attachment":[{"href":"https:\/\/www.hashtag.al\/index.php\/wp-json\/wp\/v2\/media?parent=609424"}],"wp:term":[{"taxonomy":"category","embeddable":true,"href":"https:\/\/www.hashtag.al\/index.php\/wp-json\/wp\/v2\/categories?post=609424"},{"taxonomy":"post_tag","embeddable":true,"href":"https:\/\/www.hashtag.al\/index.php\/wp-json\/wp\/v2\/tags?post=609424"}],"curies":[{"name":"wp","href":"https:\/\/api.w.org\/{rel}","templated":true}]}}