{"id":609414,"date":"2023-08-04T16:55:48","date_gmt":"2023-08-04T14:55:48","guid":{"rendered":"https:\/\/www.hashtag.al\/?p=609414"},"modified":"2023-08-04T16:55:48","modified_gmt":"2023-08-04T14:55:48","slug":"aksident-ne-aksin-cerrik-gramsh-raportohet-per-4-te-plagosur","status":"publish","type":"post","link":"https:\/\/www.hashtag.al\/index.php\/2023\/08\/04\/aksident-ne-aksin-cerrik-gramsh-raportohet-per-4-te-plagosur\/","title":{"rendered":"Aksident n\u00eb aksin C\u00ebrrik-Gramsh, raportohet p\u00ebr 4 t\u00eb plagosur","gt_translate_keys":[{"key":"rendered","format":"text"}]},"content":{"rendered":"<p><span style=\"color: #000000;\"><a href=\"https:\/\/www.hashtag.al\/wp-content\/uploads\/2021\/12\/ambulanca-1.jpg\"><img loading=\"lazy\" decoding=\"async\" class=\"aligncenter size-full wp-image-493972\" src=\"https:\/\/www.hashtag.al\/wp-content\/uploads\/2021\/12\/ambulanca-1.jpg\" alt=\"\" width=\"780\" height=\"405\" srcset=\"https:\/\/www.hashtag.al\/wp-content\/uploads\/2021\/12\/ambulanca-1.jpg 780w, https:\/\/www.hashtag.al\/wp-content\/uploads\/2021\/12\/ambulanca-1-300x156.jpg 300w, https:\/\/www.hashtag.al\/wp-content\/uploads\/2021\/12\/ambulanca-1-768x399.jpg 768w\" sizes=\"auto, (max-width: 780px) 100vw, 780px\" \/><\/a><\/span><\/p>\n<p><span style=\"color: #000000;\">Nj\u00eb aksident ka ndodhur n\u00eb aksin rrugor C\u00ebrrik -Gramsh, me pasoj\u00eb 4 t\u00eb plagosur.<\/span><\/p>\n<p><span style=\"color: #000000;\">Raportimet p\u00ebr mediat me dije se aksidenti ka ndodhur n\u00eb af\u00ebrsi t\u00eb fshatit Cekin ku dy automjete jan\u00eb p\u00ebrplasur me nj\u00ebra-tjetr\u00ebn, e si pasoj\u00eb e aksidentit jan\u00eb plagosur kat\u00ebr persona.<\/span><\/p>\n<p><span style=\"color: #000000;\">T\u00eb aksidentuarit jan\u00eb d\u00ebrguar n\u00eb spitalin e Gramshit t\u00eb cil\u00ebt ndodhen n\u00ebn kujdesin e mjek\u00ebve jasht\u00eb rrezikut p\u00ebr jet\u00ebn. N\u00eb vendin e ngjarjes kan\u00eb mb\u00ebrritur forcat e policis\u00eb ku po hetojn\u00eb p\u00ebr shkaqet e aksidentit.<\/span><\/p>\n","protected":false,"gt_translate_keys":[{"key":"rendered","format":"html"}]},"excerpt":{"rendered":"<p>Nj\u00eb aksident ka ndodhur n\u00eb aksin rrugor C\u00ebrrik -Gramsh, me pasoj\u00eb 4 t\u00eb plagosur. Raportimet p\u00ebr mediat me dije se aksidenti ka ndodhur n\u00eb af\u00ebrsi t\u00eb fshatit Cekin ku dy automjete jan\u00eb p\u00ebrplasur me nj\u00ebra-tjetr\u00ebn, e si pasoj\u00eb e aksidentit jan\u00eb plagosur kat\u00ebr persona. T\u00eb aksidentuarit jan\u00eb d\u00ebrguar n\u00eb spitalin e Gramshit t\u00eb cil\u00ebt ndodhen [&hellip;]<\/p>\n","protected":false,"gt_translate_keys":[{"key":"rendered","format":"html"}]},"author":30,"featured_media":493972,"comment_status":"closed","ping_status":"closed","sticky":false,"template":"","format":"standard","meta":{"footnotes":""},"categories":[65],"tags":[],"class_list":["post-609414","post","type-post","status-publish","format-standard","has-post-thumbnail","hentry","category-lajme"],"gt_translate_keys":[{"key":"link","format":"url"}],"_links":{"self":[{"href":"https:\/\/www.hashtag.al\/index.php\/wp-json\/wp\/v2\/posts\/609414","targetHints":{"allow":["GET"]}}],"collection":[{"href":"https:\/\/www.hashtag.al\/index.php\/wp-json\/wp\/v2\/posts"}],"about":[{"href":"https:\/\/www.hashtag.al\/index.php\/wp-json\/wp\/v2\/types\/post"}],"author":[{"embeddable":true,"href":"https:\/\/www.hashtag.al\/index.php\/wp-json\/wp\/v2\/users\/30"}],"replies":[{"embeddable":true,"href":"https:\/\/www.hashtag.al\/index.php\/wp-json\/wp\/v2\/comments?post=609414"}],"version-history":[{"count":0,"href":"https:\/\/www.hashtag.al\/index.php\/wp-json\/wp\/v2\/posts\/609414\/revisions"}],"wp:featuredmedia":[{"embeddable":true,"href":"https:\/\/www.hashtag.al\/index.php\/wp-json\/wp\/v2\/media\/493972"}],"wp:attachment":[{"href":"https:\/\/www.hashtag.al\/index.php\/wp-json\/wp\/v2\/media?parent=609414"}],"wp:term":[{"taxonomy":"category","embeddable":true,"href":"https:\/\/www.hashtag.al\/index.php\/wp-json\/wp\/v2\/categories?post=609414"},{"taxonomy":"post_tag","embeddable":true,"href":"https:\/\/www.hashtag.al\/index.php\/wp-json\/wp\/v2\/tags?post=609414"}],"curies":[{"name":"wp","href":"https:\/\/api.w.org\/{rel}","templated":true}]}}