{"id":609351,"date":"2023-08-04T10:28:22","date_gmt":"2023-08-04T08:28:22","guid":{"rendered":"https:\/\/www.hashtag.al\/?p=609351"},"modified":"2023-08-04T10:28:22","modified_gmt":"2023-08-04T08:28:22","slug":"papa-francesku-mund-te-vizitoje-kosoven","status":"publish","type":"post","link":"https:\/\/www.hashtag.al\/index.php\/2023\/08\/04\/papa-francesku-mund-te-vizitoje-kosoven\/","title":{"rendered":"Papa Fran\u00e7esku mund t\u00eb vizitoj\u00eb Kosov\u00ebn","gt_translate_keys":[{"key":"rendered","format":"text"}]},"content":{"rendered":"<p><span style=\"color: #000000;\"><a href=\"https:\/\/www.hashtag.al\/wp-content\/uploads\/2023\/08\/Osmani-Papa.jpg\"><img loading=\"lazy\" decoding=\"async\" class=\"aligncenter size-full wp-image-609352\" src=\"https:\/\/www.hashtag.al\/wp-content\/uploads\/2023\/08\/Osmani-Papa.jpg\" alt=\"\" width=\"2048\" height=\"1366\" srcset=\"https:\/\/www.hashtag.al\/wp-content\/uploads\/2023\/08\/Osmani-Papa.jpg 2048w, https:\/\/www.hashtag.al\/wp-content\/uploads\/2023\/08\/Osmani-Papa-300x200.jpg 300w, https:\/\/www.hashtag.al\/wp-content\/uploads\/2023\/08\/Osmani-Papa-1024x683.jpg 1024w, https:\/\/www.hashtag.al\/wp-content\/uploads\/2023\/08\/Osmani-Papa-768x512.jpg 768w, https:\/\/www.hashtag.al\/wp-content\/uploads\/2023\/08\/Osmani-Papa-1536x1025.jpg 1536w\" sizes=\"auto, (max-width: 2048px) 100vw, 2048px\" \/><\/a><\/span><\/p>\n<p><span style=\"color: #000000;\">Papa Fran\u00e7esku synon q\u00eb s\u00eb shpejti t\u00eb realizoj\u00eb nj\u00eb vizit\u00eb n\u00eb Kosov\u00eb.<\/span><\/p>\n<p><span style=\"color: #000000;\">K\u00ebshtu ka th\u00ebn\u00eb vet ai n\u00eb nj\u00eb intervist\u00eb p\u00ebr revist\u00ebn spanjolle\u00a0<a style=\"color: #000000;\" href=\"https:\/\/www.vidanuevadigital.com\/2023\/08\/04\/el-papa-francisco-a-vida-nueva-soy-una-victima-del-espiritu-santo\/\">Vida Nueva<\/a>, t\u00eb botuar sot.<\/span><\/p>\n<p><span style=\"color: #000000;\">\u201cJemi duke punuar p\u00ebr vizit\u00eb n\u00eb Kosov\u00eb, por asgj\u00eb nuk \u00ebsht\u00eb vendosur\u201d, tha Papa Fran\u00e7esku.<\/span><\/p>\n<p><span style=\"color: #000000;\">Ai po ashtu ka paralajm\u00ebruar vizita n\u00eb Argjentin\u00eb, si dhe Uruguaj.<\/span><\/p>\n","protected":false,"gt_translate_keys":[{"key":"rendered","format":"html"}]},"excerpt":{"rendered":"<p>Papa Fran\u00e7esku synon q\u00eb s\u00eb shpejti t\u00eb realizoj\u00eb nj\u00eb vizit\u00eb n\u00eb Kosov\u00eb. K\u00ebshtu ka th\u00ebn\u00eb vet ai n\u00eb nj\u00eb intervist\u00eb p\u00ebr revist\u00ebn spanjolle\u00a0Vida Nueva, t\u00eb botuar sot. \u201cJemi duke punuar p\u00ebr vizit\u00eb n\u00eb Kosov\u00eb, por asgj\u00eb nuk \u00ebsht\u00eb vendosur\u201d, tha Papa Fran\u00e7esku. Ai po ashtu ka paralajm\u00ebruar vizita n\u00eb Argjentin\u00eb, si dhe Uruguaj.<\/p>\n","protected":false,"gt_translate_keys":[{"key":"rendered","format":"html"}]},"author":32,"featured_media":609352,"comment_status":"closed","ping_status":"closed","sticky":false,"template":"","format":"standard","meta":{"footnotes":""},"categories":[149,13],"tags":[],"class_list":["post-609351","post","type-post","status-publish","format-standard","has-post-thumbnail","hentry","category-kosoverajon","category-te-fundit"],"gt_translate_keys":[{"key":"link","format":"url"}],"_links":{"self":[{"href":"https:\/\/www.hashtag.al\/index.php\/wp-json\/wp\/v2\/posts\/609351","targetHints":{"allow":["GET"]}}],"collection":[{"href":"https:\/\/www.hashtag.al\/index.php\/wp-json\/wp\/v2\/posts"}],"about":[{"href":"https:\/\/www.hashtag.al\/index.php\/wp-json\/wp\/v2\/types\/post"}],"author":[{"embeddable":true,"href":"https:\/\/www.hashtag.al\/index.php\/wp-json\/wp\/v2\/users\/32"}],"replies":[{"embeddable":true,"href":"https:\/\/www.hashtag.al\/index.php\/wp-json\/wp\/v2\/comments?post=609351"}],"version-history":[{"count":0,"href":"https:\/\/www.hashtag.al\/index.php\/wp-json\/wp\/v2\/posts\/609351\/revisions"}],"wp:featuredmedia":[{"embeddable":true,"href":"https:\/\/www.hashtag.al\/index.php\/wp-json\/wp\/v2\/media\/609352"}],"wp:attachment":[{"href":"https:\/\/www.hashtag.al\/index.php\/wp-json\/wp\/v2\/media?parent=609351"}],"wp:term":[{"taxonomy":"category","embeddable":true,"href":"https:\/\/www.hashtag.al\/index.php\/wp-json\/wp\/v2\/categories?post=609351"},{"taxonomy":"post_tag","embeddable":true,"href":"https:\/\/www.hashtag.al\/index.php\/wp-json\/wp\/v2\/tags?post=609351"}],"curies":[{"name":"wp","href":"https:\/\/api.w.org\/{rel}","templated":true}]}}