{"id":609047,"date":"2023-08-01T16:57:58","date_gmt":"2023-08-01T14:57:58","guid":{"rendered":"https:\/\/www.hashtag.al\/?p=609047"},"modified":"2023-08-01T16:57:58","modified_gmt":"2023-08-01T14:57:58","slug":"franca-nisi-evakuimin-per-qytetaret-e-saj-dhe-te-vendeve-te-tjera-evropiane-ne-nigeri","status":"publish","type":"post","link":"https:\/\/www.hashtag.al\/index.php\/2023\/08\/01\/franca-nisi-evakuimin-per-qytetaret-e-saj-dhe-te-vendeve-te-tjera-evropiane-ne-nigeri\/","title":{"rendered":"Franca nisi evakuimin p\u00ebr qytetar\u00ebt e saj dhe t\u00eb vendeve t\u00eb tjera evropiane n\u00eb Nigeri","gt_translate_keys":[{"key":"rendered","format":"text"}]},"content":{"rendered":"<p><span style=\"color: #000000;\"><a href=\"https:\/\/www.hashtag.al\/wp-content\/uploads\/2023\/08\/Screenshot-2023-08-01-165514.png\"><img loading=\"lazy\" decoding=\"async\" class=\"aligncenter size-full wp-image-609048\" src=\"https:\/\/www.hashtag.al\/wp-content\/uploads\/2023\/08\/Screenshot-2023-08-01-165514.png\" alt=\"\" width=\"1192\" height=\"662\" srcset=\"https:\/\/www.hashtag.al\/wp-content\/uploads\/2023\/08\/Screenshot-2023-08-01-165514.png 1192w, https:\/\/www.hashtag.al\/wp-content\/uploads\/2023\/08\/Screenshot-2023-08-01-165514-300x167.png 300w, https:\/\/www.hashtag.al\/wp-content\/uploads\/2023\/08\/Screenshot-2023-08-01-165514-1024x569.png 1024w, https:\/\/www.hashtag.al\/wp-content\/uploads\/2023\/08\/Screenshot-2023-08-01-165514-768x427.png 768w, https:\/\/www.hashtag.al\/wp-content\/uploads\/2023\/08\/Screenshot-2023-08-01-165514-1170x650.png 1170w\" sizes=\"auto, (max-width: 1192px) 100vw, 1192px\" \/><\/a><\/span><\/p>\n<p><span style=\"color: #000000;\">Franca nisi evakuimin p\u00ebr qytetar\u00ebt e saj dhe qytetar\u00ebt e vendeve t\u00eb tjera evropiane nga Nigeri, gati nj\u00eb jav\u00eb pasi junta ushtarake mori pushtetin. Vler\u00ebsohet se disa qindra qytetar\u00eb francez\u00eb ndodhen n\u00eb Niger p\u00ebr momentin. Shtetet e Bashkuara dhe Bashkimi Evropian kan\u00eb k\u00ebrkuar gjithashtu q\u00eb qeveria e presidentit Mohamed Bazoum t\u00eb rikthehet menj\u00ebher\u00eb n\u00eb pushtet.<\/span><\/p>\n<p><span style=\"color: #000000;\">Ministria e Jashtme franceze tha se vendimi p\u00ebr fillmin e evakuimeve u nxit nga dhuna ndaj ambasad\u00ebs franceze n\u00eb kryeqytetin Niamey dhe mbyllja e hap\u00ebsir\u00ebs ajrore t\u00eb Nigerit. Franca planifikon t\u00eb evakuoj\u00eb qindra qytetar\u00eb francez\u00eb dhe evropian\u00eb nga Nigeri gjat\u00eb 24 or\u00ebve t\u00eb ardhshme.<\/span><\/p>\n<p><span style=\"color: #000000;\">Ministri i Jasht\u00ebm italian Antonio Tajani tha n\u00eb mediat sociale t\u00eb mart\u00ebn se Italia gjithashtu do t\u2019u ofroj\u00eb qytetar\u00ebve t\u00eb saj n\u00eb Niamey fluturime evakuimi.<\/span><\/p>\n<p><span style=\"color: #000000;\">Organizata rajonale e Afrik\u00ebs Per\u00ebndimore, e njohur si ECOWAS, njoftoi se ka vendosur sanksione kund\u00ebr krer\u00ebve t\u00eb grushtit t\u00eb shtetit n\u00eb Niger dhe se mund t\u00eb p\u00ebrdor\u00eb forc\u00ebn p\u00ebr t\u00eb rikthyer presidentin Mohamed Bazoum n\u00eb pushtet.<\/span><\/p>\n<p><span style=\"color: #000000;\">Shtetet e Bashkuara dhe Bashkimi Evropian kan\u00eb k\u00ebrkuar gjithashtu q\u00eb qeveria e zotit Bazoum t\u00eb rikthehet menj\u00ebher\u00eb.<\/span><\/p>\n<p><span style=\"color: #000000;\">Burkina Faso dhe Mali, dy nga fqinj\u00ebt e Nigerit, q\u00eb veprojn\u00eb n\u00ebn qeverit\u00eb ushtarake, l\u00ebshuan nj\u00eb deklarat\u00eb t\u00eb p\u00ebrbashk\u00ebt t\u00eb h\u00ebn\u00ebn duke th\u00ebn\u00eb se \u00e7do veprim ushtarak kund\u00ebr Nigerit do t\u00eb konsiderohet <em>&#8220;nj\u00eb shpallje lufte kund\u00ebr Burkina Fasos dhe Malit&#8221;.<\/em><\/span><\/p>\n<p><span style=\"color: #000000;\">Guinea, nj\u00eb tjet\u00ebr vend fqinj i udh\u00ebhequr nga junta ushtarake, shprehu kund\u00ebrshtimin e saj ndaj sanksioneve t\u00eb ECOWAS-it dhe mund\u00ebsis\u00eb p\u00ebr nd\u00ebrhyrje ushtarake.<\/span><\/p>\n<p><span style=\"color: #000000;\">BE-ja nuk po planifikon t\u00eb evakuoj\u00eb zyrtarisht personelin e saj nga Nigeri, megjith\u00ebse ata jan\u00eb t\u00eb lir\u00eb t\u00eb largohen, tha nj\u00eb z\u00ebdh\u00ebn\u00ebs i Komisionit t\u00eb mart\u00ebn (1 gusht), duke shtuar se zyrtar\u00ebt po i ndjekin nga af\u00ebr zhvillimet.\/<span style=\"color: #0000ff;\"><a style=\"color: #0000ff;\" href=\"https:\/\/www.zeriamerikes.com\/a\/7206698.html\">VOA.<\/a><\/span><\/span><\/p>\n","protected":false,"gt_translate_keys":[{"key":"rendered","format":"html"}]},"excerpt":{"rendered":"<p>Franca nisi evakuimin p\u00ebr qytetar\u00ebt e saj dhe qytetar\u00ebt e vendeve t\u00eb tjera evropiane nga Nigeri, gati nj\u00eb jav\u00eb pasi junta ushtarake mori pushtetin. Vler\u00ebsohet se disa qindra qytetar\u00eb francez\u00eb ndodhen n\u00eb Niger p\u00ebr momentin. Shtetet e Bashkuara dhe Bashkimi Evropian kan\u00eb k\u00ebrkuar gjithashtu q\u00eb qeveria e presidentit Mohamed Bazoum t\u00eb rikthehet menj\u00ebher\u00eb n\u00eb pushtet. [&hellip;]<\/p>\n","protected":false,"gt_translate_keys":[{"key":"rendered","format":"html"}]},"author":30,"featured_media":609048,"comment_status":"closed","ping_status":"closed","sticky":false,"template":"","format":"standard","meta":{"footnotes":""},"categories":[6],"tags":[],"class_list":["post-609047","post","type-post","status-publish","format-standard","has-post-thumbnail","hentry","category-nderkombetare"],"gt_translate_keys":[{"key":"link","format":"url"}],"_links":{"self":[{"href":"https:\/\/www.hashtag.al\/index.php\/wp-json\/wp\/v2\/posts\/609047","targetHints":{"allow":["GET"]}}],"collection":[{"href":"https:\/\/www.hashtag.al\/index.php\/wp-json\/wp\/v2\/posts"}],"about":[{"href":"https:\/\/www.hashtag.al\/index.php\/wp-json\/wp\/v2\/types\/post"}],"author":[{"embeddable":true,"href":"https:\/\/www.hashtag.al\/index.php\/wp-json\/wp\/v2\/users\/30"}],"replies":[{"embeddable":true,"href":"https:\/\/www.hashtag.al\/index.php\/wp-json\/wp\/v2\/comments?post=609047"}],"version-history":[{"count":0,"href":"https:\/\/www.hashtag.al\/index.php\/wp-json\/wp\/v2\/posts\/609047\/revisions"}],"wp:featuredmedia":[{"embeddable":true,"href":"https:\/\/www.hashtag.al\/index.php\/wp-json\/wp\/v2\/media\/609048"}],"wp:attachment":[{"href":"https:\/\/www.hashtag.al\/index.php\/wp-json\/wp\/v2\/media?parent=609047"}],"wp:term":[{"taxonomy":"category","embeddable":true,"href":"https:\/\/www.hashtag.al\/index.php\/wp-json\/wp\/v2\/categories?post=609047"},{"taxonomy":"post_tag","embeddable":true,"href":"https:\/\/www.hashtag.al\/index.php\/wp-json\/wp\/v2\/tags?post=609047"}],"curies":[{"name":"wp","href":"https:\/\/api.w.org\/{rel}","templated":true}]}}