{"id":608639,"date":"2023-07-29T14:27:07","date_gmt":"2023-07-29T12:27:07","guid":{"rendered":"https:\/\/www.hashtag.al\/?p=608639"},"modified":"2023-07-29T14:27:07","modified_gmt":"2023-07-29T12:27:07","slug":"shkarkimi-i-gjiknurit-rama-e-ka-bere-punen-mire-levizjet-behen-per-ta-cuar-punen-ne-nivel-tjeter","status":"publish","type":"post","link":"https:\/\/www.hashtag.al\/index.php\/2023\/07\/29\/shkarkimi-i-gjiknurit-rama-e-ka-bere-punen-mire-levizjet-behen-per-ta-cuar-punen-ne-nivel-tjeter\/","title":{"rendered":"Shkarkimi i Gjiknurit, Rama: E ka b\u00ebr\u00eb pun\u00ebn mir\u00eb, l\u00ebvizjet b\u00ebhen p\u00ebr ta \u00e7uar pun\u00ebn n\u00eb nivel tjet\u00ebr","gt_translate_keys":[{"key":"rendered","format":"text"}]},"content":{"rendered":"<p><span style=\"color: #000000;\"><a href=\"https:\/\/www.hashtag.al\/wp-content\/uploads\/2023\/07\/edi-rama-aa.jpg\"><img loading=\"lazy\" decoding=\"async\" class=\"aligncenter size-full wp-image-608634\" src=\"https:\/\/www.hashtag.al\/wp-content\/uploads\/2023\/07\/edi-rama-aa.jpg\" alt=\"\" width=\"999\" height=\"571\" srcset=\"https:\/\/www.hashtag.al\/wp-content\/uploads\/2023\/07\/edi-rama-aa.jpg 999w, https:\/\/www.hashtag.al\/wp-content\/uploads\/2023\/07\/edi-rama-aa-300x171.jpg 300w, https:\/\/www.hashtag.al\/wp-content\/uploads\/2023\/07\/edi-rama-aa-768x439.jpg 768w\" sizes=\"auto, (max-width: 999px) 100vw, 999px\" \/><\/a><\/span><\/p>\n<p><span style=\"color: #000000;\">N\u00eb vijim t\u00eb deklarat\u00ebs s\u00eb tij p\u00ebr mediat, kryeministri Rama komentoi shkarkimin e t\u00eb gjith\u00eb sekretariatit, p\u00ebrfshir\u00eb k\u00ebtu edhe Damian Gjiknurin.<\/span><\/p>\n<p><span style=\"color: #000000;\">Rama tha se shkarkimi i tij nuk ka lidhje me spekulimet q\u00eb jan\u00eb b\u00ebr\u00eb p\u00ebr dosjen e incenerator\u00ebve.<\/span><\/p>\n<p><span style=\"color: #000000;\">Kreu i qeveris\u00eb thekson se partia \u00ebsht\u00eb n\u00eb nj\u00eb proces reformimi dhe l\u00ebvizjet jan\u00eb b\u00ebr\u00eb p\u00ebr ta \u00e7uar pun\u00ebn n\u00eb nj\u00eb nivel tjet\u00ebr. Rama theksoi se raporti i PS me drejt\u00ebsin\u00eb \u00ebsht\u00eb i qart\u00eb, nd\u00ebrsa vler\u00ebsoi pun\u00ebn e b\u00ebr\u00eb nga Gjiknuri.<\/span><\/p>\n<p><span style=\"color: #000000;\"><em>\u201cPo t\u00eb nisemi n\u00eb vendimmarrjet tona nga thashethemet apo nga p\u00ebrfshirjet paraprake t\u00eb kujtdo qoft\u00eb n\u00eb nj\u00eb proces analize hetimore, un\u00eb s\u2019di kush mbetet n\u00eb k\u00ebt\u00eb vend pa u b\u00ebr\u00eb pis. Po u them q\u00eb nd\u00ebrkoh\u00eb q\u00eb raportin ton\u00eb me drejt\u00ebsin\u00eb e kemi b\u00ebr\u00eb t\u00eb qart\u00eb, l\u00ebvizja e t\u00eb gjith\u00eb sekretariati nuk ka t\u00eb b\u00ebj\u00eb aspak me \u00e7far\u00eb \u00ebsht\u00eb spekuluar me Damianin. E ka b\u00ebr\u00eb pun\u00ebn mir\u00eb, derisa edhe rezultatet kan\u00eb folur mir\u00eb p\u00ebr PS, por kam besuar gjithmon\u00eb q\u00eb para se t\u00eb t\u00eb v\u00ebn\u00eb t\u00eb tjer\u00ebt n\u00eb pozit\u00ebn q\u00eb ti duhet t\u00eb kuptosh se ca duhet t\u00eb b\u00ebsh p\u00ebr t\u00eb qen\u00eb mbi t\u00eb tjer\u00ebt, duhet ta b\u00ebsh ti vet\u00eb. PS \u00ebsht\u00eb k\u00ebtu prej 10 vitesh se ket\u00eb gj\u00eb kan\u00eb b\u00ebr\u00eb. T\u00eb tjer\u00ebt s\u2019kan\u00eb par\u00eb kurr\u00eb nga vetja dhe prandaj jan\u00eb aty ku jan\u00eb. Raporti me drejt\u00ebsin\u00eb \u00ebsht\u00eb i qart\u00eb. L\u00ebvizjet tek n\u00eb b\u00ebhen vet\u00ebm p\u00ebr arsye t\u00eb nevoj\u00ebs p\u00ebr ta \u00e7uar pun\u00ebn n\u00eb nj\u00eb nivel tjet\u00ebr\u201d,<\/em> tha Rama.<\/span><\/p>\n","protected":false,"gt_translate_keys":[{"key":"rendered","format":"html"}]},"excerpt":{"rendered":"<p>N\u00eb vijim t\u00eb deklarat\u00ebs s\u00eb tij p\u00ebr mediat, kryeministri Rama komentoi shkarkimin e t\u00eb gjith\u00eb sekretariatit, p\u00ebrfshir\u00eb k\u00ebtu edhe Damian Gjiknurin. Rama tha se shkarkimi i tij nuk ka lidhje me spekulimet q\u00eb jan\u00eb b\u00ebr\u00eb p\u00ebr dosjen e incenerator\u00ebve. Kreu i qeveris\u00eb thekson se partia \u00ebsht\u00eb n\u00eb nj\u00eb proces reformimi dhe l\u00ebvizjet jan\u00eb b\u00ebr\u00eb p\u00ebr [&hellip;]<\/p>\n","protected":false,"gt_translate_keys":[{"key":"rendered","format":"html"}]},"author":30,"featured_media":608634,"comment_status":"closed","ping_status":"closed","sticky":false,"template":"","format":"standard","meta":{"footnotes":""},"categories":[65],"tags":[],"class_list":["post-608639","post","type-post","status-publish","format-standard","has-post-thumbnail","hentry","category-lajme"],"gt_translate_keys":[{"key":"link","format":"url"}],"_links":{"self":[{"href":"https:\/\/www.hashtag.al\/index.php\/wp-json\/wp\/v2\/posts\/608639","targetHints":{"allow":["GET"]}}],"collection":[{"href":"https:\/\/www.hashtag.al\/index.php\/wp-json\/wp\/v2\/posts"}],"about":[{"href":"https:\/\/www.hashtag.al\/index.php\/wp-json\/wp\/v2\/types\/post"}],"author":[{"embeddable":true,"href":"https:\/\/www.hashtag.al\/index.php\/wp-json\/wp\/v2\/users\/30"}],"replies":[{"embeddable":true,"href":"https:\/\/www.hashtag.al\/index.php\/wp-json\/wp\/v2\/comments?post=608639"}],"version-history":[{"count":0,"href":"https:\/\/www.hashtag.al\/index.php\/wp-json\/wp\/v2\/posts\/608639\/revisions"}],"wp:featuredmedia":[{"embeddable":true,"href":"https:\/\/www.hashtag.al\/index.php\/wp-json\/wp\/v2\/media\/608634"}],"wp:attachment":[{"href":"https:\/\/www.hashtag.al\/index.php\/wp-json\/wp\/v2\/media?parent=608639"}],"wp:term":[{"taxonomy":"category","embeddable":true,"href":"https:\/\/www.hashtag.al\/index.php\/wp-json\/wp\/v2\/categories?post=608639"},{"taxonomy":"post_tag","embeddable":true,"href":"https:\/\/www.hashtag.al\/index.php\/wp-json\/wp\/v2\/tags?post=608639"}],"curies":[{"name":"wp","href":"https:\/\/api.w.org\/{rel}","templated":true}]}}