{"id":608529,"date":"2023-07-28T19:28:16","date_gmt":"2023-07-28T17:28:16","guid":{"rendered":"https:\/\/www.hashtag.al\/?p=608529"},"modified":"2023-07-28T19:28:16","modified_gmt":"2023-07-28T17:28:16","slug":"refuzohet-ankesa-e-klan-kosova-per-pezullimin-e-certifikates-se-biznesit","status":"publish","type":"post","link":"https:\/\/www.hashtag.al\/index.php\/2023\/07\/28\/refuzohet-ankesa-e-klan-kosova-per-pezullimin-e-certifikates-se-biznesit\/","title":{"rendered":"Refuzohet ankesa e Klan Kosova p\u00ebr pezullimin e certifikat\u00ebs s\u00eb biznesit","gt_translate_keys":[{"key":"rendered","format":"text"}]},"content":{"rendered":"<p><img loading=\"lazy\" decoding=\"async\" class=\"aligncenter size-full wp-image-608530\" src=\"https:\/\/www.hashtag.al\/wp-content\/uploads\/2023\/07\/klankosova.jpg\" alt=\"\" width=\"1170\" height=\"696\" srcset=\"https:\/\/www.hashtag.al\/wp-content\/uploads\/2023\/07\/klankosova.jpg 1170w, https:\/\/www.hashtag.al\/wp-content\/uploads\/2023\/07\/klankosova-300x178.jpg 300w, https:\/\/www.hashtag.al\/wp-content\/uploads\/2023\/07\/klankosova-1024x609.jpg 1024w, https:\/\/www.hashtag.al\/wp-content\/uploads\/2023\/07\/klankosova-768x457.jpg 768w\" sizes=\"auto, (max-width: 1170px) 100vw, 1170px\" \/><\/p>\n<p><span style=\"color: #000000;\">Ministria e Industrisw ka hedhur poshtw ankeswn e \u2018Klan Kosova\u2019 pwr shfuqizimin e pezullimit t\u00eb certifikat\u00ebs s\u00eb biznesit t\u00eb televizionit privat. Sipas komisionit qw shqyrtoi ankeswn, <\/span><\/p>\n<p><span style=\"color: #000000;\">Agjencia Kosovare p\u00ebr Regjistrimin e Bizneseve (ARBK) kishte \u2018vepruar n\u00eb p\u00ebrputhje me ligjin kur e pezulloi certifikat\u00ebn e biznesit t\u00eb Klan Kosov\u00ebs\u2019.<\/span><\/p>\n<p><span style=\"color: #000000;\">Vendimi i Komisionit e p\u00ebrmbyll k\u00ebt\u00eb rast brenda Ministris\u00eb, nd\u00ebrsa pala ankuese g\u00ebzon t\u00eb drejt\u00ebn p\u00ebr t\u00eb parashtruar padi n\u00eb gjykat\u00ebn kompetente, njoftoi ministria t\u00eb premten. <\/span><\/p>\n<p><span style=\"color: #000000;\">Shoqata e Gazetarwve tw Kosovws (AKG) \u00ebsht\u00eb shprehur e \u2018alarmuar\u2019 me vendimin e Komisionit t\u00eb Ankesave p\u00ebr t\u00eb refuzuar ankes\u00ebn e televizionit Klan Kosova, duke e cil\u00ebsuar at\u00eb si t\u00eb \u2018motivuar politikisht\u2019 nga qeveria Kurti.<\/span><\/p>\n<p><span style=\"color: #000000;\"><em>\u201cAGK-ja beson se ky proces q\u00eb nga fillimi ka qen\u00eb i motivuar politikisht nga partia n\u00eb pushtet dhe Qeveria e Kryeministrit Kurti, n\u00eb p\u00ebrpjekje p\u00ebr t\u00eb mbyllur televizionin m\u00eb t\u00eb madh privat n\u00eb vend. Vendimi i sot\u00ebm i ministris\u00eb s\u00eb udh\u00ebhequr nga ministrja Hajdari konfirmon luft\u00ebn e hapur dhe t\u00eb paprecedent t\u00eb k\u00ebsaj qeverie, kund\u00ebr medieve, si paralajm\u00ebrim q\u00eb edhe t\u00eb tjera medie do t\u00eb jen\u00eb cak i sulmeve\u201d<\/em>, thuhet n\u00eb nj\u00eb reagim t\u00eb shoqatws.<\/span><\/p>\n<p><span style=\"color: #000000;\">Ndaj k\u00ebtij vendimi ka reaguar edhe sekretar i p\u00ebrgjithsh\u00ebm i Federat\u00ebs s\u00eb Gazetar\u00ebve Evropian\u00eb (FGE), Ricardo Gutierrez, i cili shkroi n\u00eb Twitter se Kosov\u00ebn e kan\u00eb mbuluar \u2018dit\u00eb t\u00eb zeza t\u00eb censur\u00ebs shtet\u00ebrore\u2019, dhe se Qeveria m\u00eb n\u00eb fund \u2018korri sukses n\u00eb mbylljen\u2019 e Klan Kosov\u00ebs.<\/span><\/p>\n<p><span style=\"color: #000000;\"><em>\u201cQeveria e Albin Kurtit po e zhyt vendin n\u00eb liberalizmin m\u00eb konservator, duke i p\u00ebrbuzur plot\u00ebsisht vlerat e BE-s\u00eb\u201d<\/em>, shkroi Gutierrez.<\/span><\/p>\n<p><span style=\"color: #000000;\">M\u00eb 14 qershor Ministria e Industris\u00eb, Nd\u00ebrmarr\u00ebsis\u00eb dhe Tregtis\u00eb (MINT) ngriti kall\u00ebzimi penal ndaj Shoq\u00ebris\u00eb Tregtare, Klan Kosova.<\/span><\/p>\n<p><span style=\"color: #000000;\">Kall\u00ebzimi penal ndaj ndaj shoq\u00ebris\u00eb tregtare Klan Kosova u ngrit me \u2018pretendimin se n\u00eb certifikat\u00ebn e biznesit, te nd\u00ebrrimi i pronar\u00ebve, figuron Pej\u00eb &#8211; Serbia dhe Gjakov\u00eb \u2013 Serbia\u2019.<\/span><\/p>\n<p><span style=\"color: #000000;\">N\u00eb njoftimin e MINT-it t\u00eb premten pasdite, thuhet: <em>&#8220;Vet\u00eb fakti q\u00eb p\u00ebrfaq\u00ebsuesit e Klan Kosov\u00ebs sh.p.k., pas kaq shum\u00eb vitesh, kan\u00eb nisur hapa p\u00ebr korrigjim, v\u00ebrteton se biznesi n\u00eb fjal\u00eb e kishte kryer shkeljen e konstatuar nga ARBK-ja dhe se vendimi p\u00ebr pezullimin e certifikat\u00ebs s\u00eb biznesit ishte marr\u00eb me t\u00eb drejt\u00eb.&#8221;<\/em><\/span><\/p>\n<p><span style=\"color: #000000;\">Televizioni komb\u00ebtar privat, Klan Kosova, ka nisur transmetimin m\u00eb 17 shkurt t\u00eb vitit 2009.<\/span><\/p>\n<p><span style=\"color: #000000;\">M\u00eb 21 qershor, ARBK-ja e kishte shfuqizuar p\u00ebrkoh\u00ebsisht vendimin e 14 qershorit p\u00ebr pezullimin e certifikat\u00ebs s\u00eb biznesit t\u00eb televizionit privat, para se ta kthente n\u00eb fuqi at\u00eb menj\u00ebher\u00eb m\u00eb 22 qershor.<\/span><\/p>\n<p><span style=\"color: #000000;\">Juristja e s\u00eb drejt\u00ebs s\u00eb medias n\u00eb Prishtin\u00eb, Flutura Kusari, kishte th\u00ebn\u00eb n\u00eb at\u00eb koh\u00eb se vendimi ishte politik, dhe si i till\u00eb duhet t\u00eb kund\u00ebrshtohet fuqish\u00ebm.<\/span><\/p>\n<p><span style=\"color: #000000;\"><em>\u201cQeveria e Kosov\u00ebs dhe L\u00ebvizja Vet\u00ebvendosje vazhdojn\u00eb luft\u00ebn speciale n\u00eb p\u00ebrpjekje t\u00eb d\u00ebshtuar dhe t\u00eb turpshme p\u00ebr mbylljen e televizionit nacional Klan Kosova\u201d<\/em>, kishte th\u00ebn\u00eb Kusari.<\/span><\/p>\n<p><span style=\"color: #000000;\">Ky vendim ishte kund\u00ebrshtuar edhe nga ambasador\u00ebt e huaj n\u00eb Kosov\u00eb.<\/span><\/p>\n<p><span style=\"color: #000000;\">Ambasadori britanik n\u00eb Kosov\u00eb, Nicholas Abbott, kishte th\u00ebn\u00eb se po e ndiqte nga af\u00ebr rastin e Klan Kosov\u00ebs dhe se vendimi p\u00ebr licenc\u00ebn e tij t\u00eb biznesit ishte ende objekt ankimimi.<\/span><\/p>\n<p><span style=\"color: #000000;\"><em>\u201cPo e v\u00ebrej shqet\u00ebsimin e p\u00ebrhapur n\u00eb shoq\u00ebrin\u00eb civile dhe u b\u00ebj thirrje institucioneve relevante q\u00eb t\u00eb mendojn\u00eb me shum\u00eb kujdes p\u00ebr \u00e7far\u00ebdo mase t\u00eb m\u00ebtejshme si pasoj\u00eb e k\u00ebsaj, dhe t\u00eb marrin parasysh implikimet m\u00eb t\u00eb gjera p\u00ebr lirin\u00eb e medias n\u00eb Kosov\u00eb\u201d<\/em>, kishte shkruar Abbott n\u00eb Twitter.<\/span><\/p>\n<p><span style=\"color: #000000;\">N\u00eb at\u00eb koh\u00eb, vendimin e Ministris\u00eb s\u00eb Tregtis\u00eb, Industris\u00eb dhe Nd\u00ebrmarr\u00ebsis\u00eb, Ambasada e Italis\u00eb p\u00ebrmes nj\u00eb postimi n\u00eb Twitter e quajti &#8220;t\u00eb papritur&#8221;.<\/span><\/p>\n<p><span style=\"color: #000000;\"><span style=\"color: #ff0000;\"><strong>VINI RE<\/strong><\/span>: Ky material \u00ebsht\u00eb pron\u00ebsi intelektuale e <span style=\"color: #0000ff;\"><a style=\"color: #0000ff;\" href=\"https:\/\/www.evropaelire.org\/a\/refuzohet-ankesa-e-klan-kosoves\/32524550.html\">REL<\/a><\/span><\/span><\/p>\n","protected":false,"gt_translate_keys":[{"key":"rendered","format":"html"}]},"excerpt":{"rendered":"<p>Ministria e Industrisw ka hedhur poshtw ankeswn e \u2018Klan Kosova\u2019 pwr shfuqizimin e pezullimit t\u00eb certifikat\u00ebs s\u00eb biznesit t\u00eb televizionit privat. Sipas komisionit qw shqyrtoi ankeswn, Agjencia Kosovare p\u00ebr Regjistrimin e Bizneseve (ARBK) kishte \u2018vepruar n\u00eb p\u00ebrputhje me ligjin kur e pezulloi certifikat\u00ebn e biznesit t\u00eb Klan Kosov\u00ebs\u2019. Vendimi i Komisionit e p\u00ebrmbyll k\u00ebt\u00eb rast [&hellip;]<\/p>\n","protected":false,"gt_translate_keys":[{"key":"rendered","format":"html"}]},"author":51,"featured_media":608530,"comment_status":"closed","ping_status":"closed","sticky":false,"template":"","format":"standard","meta":{"footnotes":""},"categories":[22],"tags":[],"class_list":["post-608529","post","type-post","status-publish","format-standard","has-post-thumbnail","hentry","category-ballina"],"gt_translate_keys":[{"key":"link","format":"url"}],"_links":{"self":[{"href":"https:\/\/www.hashtag.al\/index.php\/wp-json\/wp\/v2\/posts\/608529","targetHints":{"allow":["GET"]}}],"collection":[{"href":"https:\/\/www.hashtag.al\/index.php\/wp-json\/wp\/v2\/posts"}],"about":[{"href":"https:\/\/www.hashtag.al\/index.php\/wp-json\/wp\/v2\/types\/post"}],"author":[{"embeddable":true,"href":"https:\/\/www.hashtag.al\/index.php\/wp-json\/wp\/v2\/users\/51"}],"replies":[{"embeddable":true,"href":"https:\/\/www.hashtag.al\/index.php\/wp-json\/wp\/v2\/comments?post=608529"}],"version-history":[{"count":0,"href":"https:\/\/www.hashtag.al\/index.php\/wp-json\/wp\/v2\/posts\/608529\/revisions"}],"wp:featuredmedia":[{"embeddable":true,"href":"https:\/\/www.hashtag.al\/index.php\/wp-json\/wp\/v2\/media\/608530"}],"wp:attachment":[{"href":"https:\/\/www.hashtag.al\/index.php\/wp-json\/wp\/v2\/media?parent=608529"}],"wp:term":[{"taxonomy":"category","embeddable":true,"href":"https:\/\/www.hashtag.al\/index.php\/wp-json\/wp\/v2\/categories?post=608529"},{"taxonomy":"post_tag","embeddable":true,"href":"https:\/\/www.hashtag.al\/index.php\/wp-json\/wp\/v2\/tags?post=608529"}],"curies":[{"name":"wp","href":"https:\/\/api.w.org\/{rel}","templated":true}]}}