{"id":608522,"date":"2023-07-28T19:13:26","date_gmt":"2023-07-28T17:13:26","guid":{"rendered":"https:\/\/www.hashtag.al\/?p=608522"},"modified":"2023-07-28T19:13:26","modified_gmt":"2023-07-28T17:13:26","slug":"facebook-iu-perkul-presionit-te-shtepise-se-bardhe-hoqi-postimet-per-covid-wall-street-journal","status":"publish","type":"post","link":"https:\/\/www.hashtag.al\/index.php\/2023\/07\/28\/facebook-iu-perkul-presionit-te-shtepise-se-bardhe-hoqi-postimet-per-covid-wall-street-journal\/","title":{"rendered":"Facebook iu p\u00ebrkul presionit t\u00eb Sht\u00ebpis\u00eb s\u00eb Bardh\u00eb, hoqi postimet p\u00ebr Covid &#8211; Wall Street Journal","gt_translate_keys":[{"key":"rendered","format":"text"}]},"content":{"rendered":"<div id=\"attachment_608523\" style=\"width: 1300px\" class=\"wp-caption aligncenter\"><img loading=\"lazy\" decoding=\"async\" aria-describedby=\"caption-attachment-608523\" class=\"wp-image-608523 size-full\" src=\"https:\/\/www.hashtag.al\/wp-content\/uploads\/2023\/07\/fb.jpg\" alt=\"\" width=\"1290\" height=\"724\" srcset=\"https:\/\/www.hashtag.al\/wp-content\/uploads\/2023\/07\/fb.jpg 1290w, https:\/\/www.hashtag.al\/wp-content\/uploads\/2023\/07\/fb-300x168.jpg 300w, https:\/\/www.hashtag.al\/wp-content\/uploads\/2023\/07\/fb-1024x575.jpg 1024w, https:\/\/www.hashtag.al\/wp-content\/uploads\/2023\/07\/fb-768x431.jpg 768w\" sizes=\"auto, (max-width: 1290px) 100vw, 1290px\" \/><p id=\"caption-attachment-608523\" class=\"wp-caption-text\"><em><span style=\"color: #0000ff;\">Facebook ka th\u00ebn\u00eb prej koh\u00ebsh se vendimet e tij p\u00ebr moderimin e p\u00ebrmbajtjes jan\u00eb t\u00eb pavarura dhe nuk merren n\u00eb lidhje me politik\u00ebn<\/span><\/em><\/p><\/div>\n<p><span style=\"color: #000000;\">Facebook hoqi p\u00ebrmbajtjen n\u00eb lidhje me Covid-19 n\u00eb p\u00ebrgjigje t\u00eb presionit nga administrata Biden, duke p\u00ebrfshir\u00eb postimet q\u00eb pretendonin se virusi ishte i krijuar nga njeriu, sipas komunikimeve t\u00eb brendshme t\u00eb kompanis\u00eb t\u00eb shikuara nga The Wall Street Journal.<\/span><\/p>\n<p><span style=\"color: #000000;\">Emailet tregojn\u00eb drejtuesit e Facebook duke diskutuar se si i menaxhonin postimet e p\u00ebrdoruesve n\u00eb lidhje me origjin\u00ebn e pandemis\u00eb q\u00eb administrata po k\u00ebrkonte t\u00eb kontrollonte.<\/span><\/p>\n<p><span style=\"color: #000000;\"><em>&#8220;A mund t\u00eb m\u00eb kujtoj\u00eb dikush shpejt pse ne po hiqnim &#8211; n\u00eb vend q\u00eb t\u00eb ulnim &#8211; pretendimet se Covid-19 \u00ebsht\u00eb krijuar nga njeriu,&#8221;<\/em> pyeti Nick Clegg, presidenti i kompanis\u00eb p\u00ebr \u00e7\u00ebshtjet globale, n\u00eb nj\u00eb email t\u00eb korrikut 2021 drejtuar koleg\u00ebve.<\/span><\/p>\n<p><span style=\"color: #000000;\"><em>&#8220;Ne ishim n\u00ebn presion nga administrata dhe t\u00eb tjer\u00ebt p\u00ebr t\u00eb b\u00ebr\u00eb m\u00eb shum\u00eb,&#8221;<\/em> u p\u00ebrgjigj nj\u00eb zv.shef i Facebook i ngarkuar me politik\u00ebn e p\u00ebrmbajtjes, duke folur p\u00ebr administrat\u00ebn e Biden.<\/span><\/p>\n<p><span style=\"color: #000000;\"><em>&#8220;Nuk duhet ta kishim b\u00ebr\u00eb.&#8221;<\/em><\/span><\/p>\n<p><span style=\"color: #000000;\">Diskutimi u zhvillua tre muaj pasi Facebook, e cila \u00ebsht\u00eb n\u00eb pron\u00ebsi t\u00eb Meta Platforms, vendosi t\u00eb ndaloj\u00eb ndalimin e postimeve q\u00eb pohonin se Covid-19 ishte krijuar ose prodhuar nga njeriu, n\u00eb drit\u00ebn e debatit n\u00eb rritje p\u00ebr origjin\u00ebn e virusit.<\/span><\/p>\n<div id=\"attachment_608525\" style=\"width: 1288px\" class=\"wp-caption aligncenter\"><img loading=\"lazy\" decoding=\"async\" aria-describedby=\"caption-attachment-608525\" class=\"size-full wp-image-608525\" src=\"https:\/\/www.hashtag.al\/wp-content\/uploads\/2023\/07\/773608db44dbecacc2244027fd7633d12715002e.jpg\" alt=\"\" width=\"1278\" height=\"852\" srcset=\"https:\/\/www.hashtag.al\/wp-content\/uploads\/2023\/07\/773608db44dbecacc2244027fd7633d12715002e.jpg 1278w, https:\/\/www.hashtag.al\/wp-content\/uploads\/2023\/07\/773608db44dbecacc2244027fd7633d12715002e-300x200.jpg 300w, https:\/\/www.hashtag.al\/wp-content\/uploads\/2023\/07\/773608db44dbecacc2244027fd7633d12715002e-1024x683.jpg 1024w, https:\/\/www.hashtag.al\/wp-content\/uploads\/2023\/07\/773608db44dbecacc2244027fd7633d12715002e-768x512.jpg 768w\" sizes=\"auto, (max-width: 1278px) 100vw, 1278px\" \/><p id=\"caption-attachment-608525\" class=\"wp-caption-text\"><em><span style=\"color: #0000ff;\">Nick Clegg, president i \u00e7\u00ebshtjeve globale n\u00eb Meta, vuri n\u00eb dyshim se pse kompania po heq pretendimet se Covid \u00ebsht\u00eb krijuar nga njeriu<\/span><\/em><\/p><\/div>\n<p><span style=\"color: #000000;\">Email-i dhe nj\u00eb num\u00ebr komunikimesh t\u00eb tjera t\u00eb tilla t\u00eb brendshme t\u00eb kompanis\u00eb, u mor\u00ebn nga Komiteti Gjyq\u00ebsor i Kongresit\u00a0 t\u00eb udh\u00ebhequr nga republikan\u00ebt, i cili ka hetuar at\u00eb q\u00eb ligjv\u00ebn\u00ebsit republikan\u00eb thon\u00eb se jan\u00eb p\u00ebrpjekjet e pahijshme t\u00eb administrat\u00ebs Biden p\u00ebr t\u00eb censuruar fjal\u00ebn e amerikan\u00ebve n\u00eb mediat sociale n\u00eb lidhje me Covid-in dhe tema t\u00eb tjera.<\/span><\/p>\n<p><span style=\"color: #000000;\">Sht\u00ebpia e Bardh\u00eb thot\u00eb se diskutimet e saj kishin p\u00ebr q\u00ebllim promovimin e miratimit t\u00eb vaksinave dhe q\u00ebllimeve t\u00eb tjera t\u00eb sh\u00ebndetit publik.<\/span><\/p>\n<p><span style=\"color: #000000;\"><em>\u201cNe vazhdimisht e kemi b\u00ebr\u00eb t\u00eb qart\u00eb se besojm\u00eb se kompanit\u00eb e mediave sociale kan\u00eb nj\u00eb p\u00ebrgjegj\u00ebsi t\u00eb r\u00ebnd\u00ebsishme p\u00ebr t\u00eb marr\u00eb parasysh efektet q\u00eb platformat e tyre kan\u00eb te popullin amerikan, nd\u00ebrsa marrin vendime t\u00eb pavarura n\u00eb lidhje me p\u00ebrmbajtjen e platformave t\u00eb tyre,\u201d <\/em>tha Sekretarja e Shtypit e Sht\u00ebpis\u00eb s\u00eb Bardh\u00eb Karine Jean-Pierre n\u00eb nj\u00eb konferenc\u00eb shtypi t\u00eb enjten. I pyetur p\u00ebr t\u00eb komentuar p\u00ebr k\u00ebt\u00eb shkrim t\u00eb enjten m\u00eb von\u00eb, nj\u00eb z\u00ebdh\u00ebn\u00ebs i Sht\u00ebpis\u00eb s\u00eb Bardh\u00eb vuri n\u00eb dukje ato komente.<\/span><\/p>\n<p><span style=\"color: #000000;\">Facebook ka th\u00ebn\u00eb prej koh\u00ebsh se vendimet e tij p\u00ebr moderimin e p\u00ebrmbajtjes jan\u00eb t\u00eb pavarura dhe nuk merren n\u00eb lidhje me politik\u00ebn. Nj\u00eb z\u00ebdh\u00ebn\u00ebs nuk pranoi t\u00eb komentoj\u00eb p\u00ebr k\u00ebt\u00eb shkrim.<\/span><\/p>\n<p><span style=\"color: #000000;\">Emailet e shikuara nga WSJ, t\u00eb cilat nuk jan\u00eb raportuar m\u00eb par\u00eb, datojn\u00eb n\u00eb pranver\u00ebn dhe ver\u00ebn e vitit 2021, kur Sht\u00ebpia e Bardh\u00eb po b\u00ebnte nj\u00eb shtytje mbar\u00ebkomb\u00ebtare p\u00ebr amerikan\u00ebt q\u00eb t\u00eb vaksinoheshin p\u00ebr Covid-19. Nj\u00eb pjes\u00eb e k\u00ebsaj shtytje p\u00ebrfshinte nj\u00eb fushat\u00eb publike dhe private p\u00ebr ta \u00e7uar Facebook-un n\u00eb p\u00ebrmbajtje m\u00eb agresive t\u00eb lidhura me rregullat e vaksinave.<\/span><\/p>\n<p><span style=\"color: #000000;\">Zyrtar\u00ebt e administrat\u00ebs kishin arritur t\u00eb besonin se shum\u00eb amerikan\u00eb ngurronin t\u00eb b\u00ebnin vaksinat p\u00ebr shkak t\u00eb informacionit t\u00eb rrem\u00eb q\u00eb shihnin n\u00eb Facebook.<\/span><\/p>\n<p><span style=\"color: #000000;\"><em>&#8220;Ata po vrasin njer\u00ebz,&#8221;<\/em> tha n\u00eb korrik presidenti Biden.<\/span><\/p>\n<p><span style=\"color: #000000;\">Masa b\u00ebri q\u00eb Facebook t\u00eb rivler\u00ebsonte politikat e tij n\u00eb lidhje me p\u00ebrmbajtjen e Covid-19 &#8211; diskutime q\u00eb p\u00ebrfshinin zyrtar\u00eb t\u00eb nivelit t\u00eb lart\u00eb t\u00eb kompanis\u00eb duke p\u00ebrfshir\u00eb Clegg dhe shefin e at\u00ebhersh\u00ebm operativ Sheryl Sandberg, tregojn\u00eb emailet e shikuara nga WSJ.<\/span><\/p>\n<p><span style=\"color: #000000;\">Pas komentit t\u00eb presidentit p\u00ebr \u2018vrasjen e njer\u00ebzve\u2019, n\u00ebnkryetari i Facebook qarkulloi nj\u00eb memo q\u00eb vler\u00ebsonte ndryshimin midis politikave t\u00eb p\u00ebrmbajtjes s\u00eb Facebook dhe k\u00ebrkesave t\u00eb administrat\u00ebs Biden &#8211; disa prej t\u00eb cilave kompania dukej gati t&#8217;i shtynte p\u00ebrs\u00ebri.<\/span><\/p>\n<p><span style=\"color: #000000;\"><em>&#8220;Ka t\u00eb ngjar\u00eb t\u00eb ket\u00eb nj\u00eb hendek t\u00eb r\u00ebnd\u00ebsish\u00ebm midis asaj q\u00eb Sht\u00ebpia e Bardh\u00eb do donte q\u00eb ne t\u00eb hiqnim dhe asaj q\u00eb ne jemi t\u00eb k\u00ebnaqur t\u00eb heqim,&#8221;<\/em> tha n\u00ebnkryetari i Facebook.<\/span><\/p>\n<p><span style=\"color: #000000;\">Si nj\u00eb shembull, ekzekutivi renditi d\u00ebshir\u00ebn e Sht\u00ebpis\u00eb s\u00eb Bardh\u00eb q\u00eb kompania t\u00eb nd\u00ebrmarr\u00eb veprime kund\u00ebr p\u00ebrmbajtjeve humoristike ose satirike q\u00eb sugjeronin se vaksinat nuk jan\u00eb t\u00eb sigurta.<\/span><\/p>\n<div id=\"attachment_608526\" style=\"width: 1060px\" class=\"wp-caption aligncenter\"><img loading=\"lazy\" decoding=\"async\" aria-describedby=\"caption-attachment-608526\" class=\"size-full wp-image-608526\" src=\"https:\/\/www.hashtag.al\/wp-content\/uploads\/2023\/07\/faf633497c588cbc2eed011dc159fc4f1c8ef824.jpg\" alt=\"\" width=\"1050\" height=\"699\" srcset=\"https:\/\/www.hashtag.al\/wp-content\/uploads\/2023\/07\/faf633497c588cbc2eed011dc159fc4f1c8ef824.jpg 1050w, https:\/\/www.hashtag.al\/wp-content\/uploads\/2023\/07\/faf633497c588cbc2eed011dc159fc4f1c8ef824-300x200.jpg 300w, https:\/\/www.hashtag.al\/wp-content\/uploads\/2023\/07\/faf633497c588cbc2eed011dc159fc4f1c8ef824-1024x682.jpg 1024w, https:\/\/www.hashtag.al\/wp-content\/uploads\/2023\/07\/faf633497c588cbc2eed011dc159fc4f1c8ef824-768x511.jpg 768w\" sizes=\"auto, (max-width: 1050px) 100vw, 1050px\" \/><p id=\"caption-attachment-608526\" class=\"wp-caption-text\"><em><span style=\"color: #0000ff;\">Sht\u00ebpia e Bardh\u00eb tha se diskutimet e saj me kompanit\u00eb e mediave sociale kishin p\u00ebr q\u00ebllim promovimin e miratimit t\u00eb vaksin\u00ebs dhe q\u00ebllimeve t\u00eb tjera t\u00eb sh\u00ebndetit publik<\/span><\/em><\/p><\/div>\n<p><span style=\"color: #000000;\"><em>&#8220;Sht\u00ebpia e Bardh\u00eb ka treguar m\u00eb par\u00eb se mendon se humori duhet t\u00eb hiqet n\u00ebse paramendohet se vaksina ka efekte an\u00ebsore, k\u00ebshtu q\u00eb ne presim q\u00eb n\u00eb m\u00ebnyr\u00eb t\u00eb ngjashme do d\u00ebshironte t\u00eb hiqte humorin rreth ngurrimit mbi vaksin\u00ebn,&#8221;<\/em> shkroi n\u00ebnkryetari.<\/span><\/p>\n<p><span style=\"color: #000000;\"><em>&#8220;\u00cbsht\u00eb e pamundur q\u00eb Mark t\u00eb jet\u00eb i k\u00ebnaqur me heqjen dhe nuk do e rekomandoja&#8221;<\/em>, shkroi Clegg n\u00eb nj\u00eb email pasues, nj\u00eb referenc\u00eb e dukshme p\u00ebr kreun Mark Zuckerberg.<\/span><\/p>\n<p><span style=\"color: #000000;\">N\u00eb disa nga emailet, drejtuesit e Facebook shpreh\u00ebn shqet\u00ebsimin se heqja e postimeve n\u00eb t\u00eb cilat amerikan\u00ebt shprehnin ngurrim p\u00ebr vaksinimin mund t&#8217;i b\u00ebnte ata m\u00eb pak t\u00eb prirur p\u00ebr t&#8217;u vaksinuar.<\/span><\/p>\n<p><span style=\"color: #000000;\"><em>&#8220;Mund t\u00eb ket\u00eb rrezik p\u00ebr t&#8217;i shtyr\u00eb ata m\u00eb tej drejt ngurrimit duke shtypur fjal\u00ebn e tyre dhe duke i b\u00ebr\u00eb ata t\u00eb ndihen t\u00eb margjinalizuar nga institucionet e m\u00ebdha,&#8221;<\/em> tha nj\u00eb draft memo drejtuar udh\u00ebheqjes s\u00eb Facebook, p\u00ebrfshir\u00eb n\u00eb nj\u00eb email t\u00eb prillit 2021. Heqja e postimeve t\u00eb tilla mund t\u00eb nxis\u00eb gjithashtu teorit\u00eb e konspiracionit n\u00eb lidhje me nj\u00eb mbulim t\u00eb lidhur me sigurin\u00eb e vaksinave, thuhej n\u00eb draftin memo.<\/span><\/p>\n<p><span style=\"color: #000000;\">N\u00eb t\u00eb nj\u00ebjt\u00ebn koh\u00eb, zyrtar\u00ebt e Facebook dukej se ndjenin presion p\u00ebr t\u00eb adresuar shqet\u00ebsimet e Sht\u00ebpis\u00eb s\u00eb Bardh\u00eb.<\/span><\/p>\n<p><span style=\"color: #000000;\"> Nd\u00ebrsa Clegg p\u00ebrgatitej t\u00eb takonte shefin e Sh\u00ebndetit Publik amerikan n\u00eb lidhje me dezinformimin e vaksinave n\u00eb fund t\u00eb korrikut 2021, ai u d\u00ebrgoi koleg\u00ebve me email: <em>\u201cNdjenja ime \u00ebsht\u00eb se drejtimin yn\u00eb i tanish\u00ebm &#8211; n\u00eb fakt duke e shpjeguar veten m\u00eb plot\u00ebsisht, por jo duke u zhvendosur se ku i v\u00ebm\u00eb linjat\u2026\u00ebsht\u00eb nj\u00eb recet\u00eb p\u00ebr ashp\u00ebrsi t\u00eb zgjatur dhe n\u00eb rritje.\u201d<\/em><\/span><\/p>\n<p><span style=\"color: #000000;\">Facebook n\u00eb at\u00eb koh\u00eb shpresonte t\u00eb leht\u00ebsonte nj\u00eb marr\u00ebveshje midis zyrtar\u00ebve amerikan\u00eb dhe evropian\u00eb q\u00eb lejonte t\u00eb dh\u00ebnat e p\u00ebrdoruesve t\u00eb kalonin n\u00ebp\u00ebr Atlantik n\u00eb p\u00ebrputhje me ligjet e privat\u00ebsis\u00eb.<\/span><\/p>\n<p><span style=\"color: #000000;\">Deri n\u00eb gusht 2021, drejtuesit e Facebook po i d\u00ebrgonin email nj\u00ebri-tjetrit p\u00ebr ndryshime t\u00eb reja t\u00eb planifikuara n\u00eb politikat e tyre t\u00eb p\u00ebrmbajtjes Covid. Nj\u00eb ndryshim rriti nd\u00ebshkimet me t\u00eb cilat p\u00ebrballeshin p\u00ebrdoruesit q\u00eb binin ndesh me politikat e p\u00ebrmbajtjes dhe kishin llogari n\u00eb Facebook dhe Instagram, nj\u00eb tjet\u00ebr platform\u00eb e mediave sociale n\u00eb pron\u00ebsi t\u00eb Meta-s, tregojn\u00eb emailet.<\/span><\/p>\n<p><span style=\"color: #000000;\">P\u00ebr shembull, kompania kishte hequr m\u00eb par\u00eb llogarin\u00eb n\u00eb Instagram t\u00eb Robert F. Kennedy Jr., nj\u00eb skeptik vaksinash q\u00eb tani \u00ebsht\u00eb b\u00ebr\u00eb kandidat presidencial. Por llogaria e tij n\u00eb Facebook nuk ishte p\u00ebrballur me t\u00eb nj\u00ebjtin d\u00ebnim sepse nuk kishte postuar t\u00eb nj\u00ebjt\u00ebn p\u00ebrmbajtje, tregojn\u00eb emailet.<\/span><\/p>\n<p><span style=\"color: #000000;\">Sipas politik\u00ebs s\u00eb re, llogaria e Kenedit n\u00eb Facebook nuk do t&#8217;u rekomandohej p\u00ebrdoruesve t\u00eb tjer\u00eb, shpjegoi nj\u00eb ekzekutiv i Facebook n\u00eb nj\u00eb email t\u00eb gushtit q\u00eb p\u00ebrshkruante se si kompania po ndiqte k\u00ebrkesat e administrat\u00ebs Biden.<\/span><\/p>\n<div id=\"attachment_608524\" style=\"width: 1060px\" class=\"wp-caption aligncenter\"><img loading=\"lazy\" decoding=\"async\" aria-describedby=\"caption-attachment-608524\" class=\"size-full wp-image-608524\" src=\"https:\/\/www.hashtag.al\/wp-content\/uploads\/2023\/07\/158700171a91213f344b095c289a2095d262d53c.jpg\" alt=\"\" width=\"1050\" height=\"699\" srcset=\"https:\/\/www.hashtag.al\/wp-content\/uploads\/2023\/07\/158700171a91213f344b095c289a2095d262d53c.jpg 1050w, https:\/\/www.hashtag.al\/wp-content\/uploads\/2023\/07\/158700171a91213f344b095c289a2095d262d53c-300x200.jpg 300w, https:\/\/www.hashtag.al\/wp-content\/uploads\/2023\/07\/158700171a91213f344b095c289a2095d262d53c-1024x682.jpg 1024w, https:\/\/www.hashtag.al\/wp-content\/uploads\/2023\/07\/158700171a91213f344b095c289a2095d262d53c-768x511.jpg 768w\" sizes=\"auto, (max-width: 1050px) 100vw, 1050px\" \/><p id=\"caption-attachment-608524\" class=\"wp-caption-text\"><span style=\"color: #0000ff;\"><em>Kongresmeni repuiblikan Jim Jordan, kryetar i Komitetit Gjyq\u00ebsor t\u00eb Kongresit , tha se dokumentet q\u00eb Facebook ka sjell\u00eb\u00a0 &#8216;jan\u00eb vet\u00ebm fillimi i historis\u00eb&#8217;<\/em><\/span><\/p><\/div>\n<p><span style=\"color: #000000;\">Kongresmeni republikan Jim Jordan ( Ohio), kryetar i panelit t\u00eb Dhom\u00ebs s\u00eb P\u00ebrfaq\u00ebsuesve, tha se <em>\u2018k\u00ebto dokumente fillojn\u00eb t\u00eb zbulojn\u00eb presionin n\u00ebn t\u00eb cilin ishin Facebook dhe kompanit\u00eb e tjera t\u00eb mediave sociale, p\u00ebr t\u00eb ndryshuar politikat e tyre t\u00eb moderimit t\u00eb p\u00ebrmbajtjes dhe p\u00ebr t\u00eb hequr fjal\u00ebn e mbrojtur p\u00ebr t\u00eb qet\u00ebsuar qeverin\u00eb federale, ve\u00e7an\u00ebrisht Sht\u00ebpin\u00eb e Bardh\u00eb n\u00ebn Biden\u2019.<\/em><\/span><\/p>\n<p><span style=\"color: #000000;\">M\u00eb her\u00ebt t\u00eb enjten, Jordan anuloi nj\u00eb votim t\u00eb komitetit n\u00ebse do rekomandohej q\u00eb Zuckerberg t\u00eb mbahej p\u00ebrgjegj\u00ebs n\u00eb kund\u00ebrshtim me Kongresin p\u00ebr mosdor\u00ebzimin e dokumenteve n\u00eb lidhje me komunikimet e kompanis\u00eb me qeverin\u00eb. Kompania ka dor\u00ebzuar dokumente shtes\u00eb k\u00ebt\u00eb jav\u00eb dhe thot\u00eb se ka v\u00ebn\u00eb n\u00eb dispozicion gati nj\u00eb duzin\u00eb d\u00ebshmitar\u00ebsh p\u00ebr d\u00ebshmi.<\/span><\/p>\n<p><span style=\"color: #000000;\"><em>\u201cEdhe pse k\u00ebto dokumente jan\u00eb t\u00eb bezdisshme, ato jan\u00eb vet\u00ebm fillimi i historis\u00eb,\u201d<\/em> tha Jordan.<\/span><\/p>\n<p><span style=\"color: #000000;\"><em>\u201cNe presim q\u00eb Facebook t\u00eb vazhdoj\u00eb t\u00eb prodhoj\u00eb dokumente.\u201d<\/em><\/span><\/p>\n<p><span style=\"color: #000000;\">Demokrat\u00ebt kan\u00eb th\u00ebn\u00eb se vet\u00eb hetimi i udh\u00ebhequr nga republikan\u00ebt ka p\u00ebr q\u00ebllim ngacmimin e platformave si Facebook n\u00eb zbutjen e politikave t\u00eb moderimit t\u00eb p\u00ebrmbajtjes. Ata thon\u00eb gjithashtu se Sht\u00ebpia e Bardh\u00eb n\u00ebn Donald Trumpt u p\u00ebrfshi n\u00eb t\u00eb nj\u00ebjtat keqp\u00ebrdorime t\u00eb kompanive t\u00eb mediave sociale si administrata Biden.<\/span><\/p>\n<p><span style=\"color: #000000;\"><em>\u201cN\u00eb vitin 2021, n\u00eb dit\u00ebt m\u00eb t\u00eb err\u00ebta t\u00eb pandemis\u00eb, sigurisht q\u00eb administrata Biden po punonte me \u00e7do gj\u00eb n\u00eb dispozicion p\u00ebr t&#8217;i mbajtur njer\u00ebzit gjall\u00eb\u201d<\/em>, tha n\u00eb nj\u00eb deklarat\u00eb nj\u00eb z\u00ebdh\u00ebn\u00ebs i demokrat\u00ebve n\u00eb Komitetin Gjyq\u00ebsor t\u00eb Kongresit.<\/span><\/p>\n<p><span style=\"color: #000000;\"><em>\u201cDokumentet q\u00eb Jordan publikoi n\u00eb m\u00ebnyr\u00eb selektive tregojn\u00eb se kompania shpesh nuk ishte dakord me Sht\u00ebpin\u00eb e Bardh\u00eb dhe mohonte k\u00ebrkesat e administrat\u00ebs dhe \u00e7do d\u00ebshmitar q\u00eb intervistuam konfirmoi se vet\u00ebm Meta merrte vendime se si t\u00eb zbatonte kushtet tuaja t\u00eb sh\u00ebrbimit\u201d<\/em>, thuhet n\u00eb deklarat\u00eb.<\/span><\/p>\n<p><span style=\"color: #000000;\"><span style=\"color: #ff0000;\"><strong>VINI RE<\/strong><\/span>: Ky material \u00ebsht\u00eb pron\u00ebsi intelektuale e <span style=\"color: #0000ff;\"><a style=\"color: #0000ff;\" href=\"https:\/\/www.wsj.com\/articles\/facebook-bowed-to-white-house-pressure-removed-covid-posts-2df436b7?mod=hp_lead_pos2\">WSJ<\/a><\/span><\/span><\/p>\n<p><span style=\"color: #000000;\">P\u00ebrgatiti p\u00ebr <span style=\"color: #0000ff;\">Hashtag.al,<\/span> K.Manjani<\/span><\/p>\n","protected":false,"gt_translate_keys":[{"key":"rendered","format":"html"}]},"excerpt":{"rendered":"<p>Facebook hoqi p\u00ebrmbajtjen n\u00eb lidhje me Covid-19 n\u00eb p\u00ebrgjigje t\u00eb presionit nga administrata Biden, duke p\u00ebrfshir\u00eb postimet q\u00eb pretendonin se virusi ishte i krijuar nga njeriu, sipas komunikimeve t\u00eb brendshme t\u00eb kompanis\u00eb t\u00eb shikuara nga The Wall Street Journal. Emailet tregojn\u00eb drejtuesit e Facebook duke diskutuar se si i menaxhonin postimet e p\u00ebrdoruesve n\u00eb lidhje [&hellip;]<\/p>\n","protected":false,"gt_translate_keys":[{"key":"rendered","format":"html"}]},"author":51,"featured_media":608527,"comment_status":"closed","ping_status":"closed","sticky":false,"template":"","format":"standard","meta":{"footnotes":""},"categories":[22],"tags":[],"class_list":["post-608522","post","type-post","status-publish","format-standard","has-post-thumbnail","hentry","category-ballina"],"gt_translate_keys":[{"key":"link","format":"url"}],"_links":{"self":[{"href":"https:\/\/www.hashtag.al\/index.php\/wp-json\/wp\/v2\/posts\/608522","targetHints":{"allow":["GET"]}}],"collection":[{"href":"https:\/\/www.hashtag.al\/index.php\/wp-json\/wp\/v2\/posts"}],"about":[{"href":"https:\/\/www.hashtag.al\/index.php\/wp-json\/wp\/v2\/types\/post"}],"author":[{"embeddable":true,"href":"https:\/\/www.hashtag.al\/index.php\/wp-json\/wp\/v2\/users\/51"}],"replies":[{"embeddable":true,"href":"https:\/\/www.hashtag.al\/index.php\/wp-json\/wp\/v2\/comments?post=608522"}],"version-history":[{"count":0,"href":"https:\/\/www.hashtag.al\/index.php\/wp-json\/wp\/v2\/posts\/608522\/revisions"}],"wp:featuredmedia":[{"embeddable":true,"href":"https:\/\/www.hashtag.al\/index.php\/wp-json\/wp\/v2\/media\/608527"}],"wp:attachment":[{"href":"https:\/\/www.hashtag.al\/index.php\/wp-json\/wp\/v2\/media?parent=608522"}],"wp:term":[{"taxonomy":"category","embeddable":true,"href":"https:\/\/www.hashtag.al\/index.php\/wp-json\/wp\/v2\/categories?post=608522"},{"taxonomy":"post_tag","embeddable":true,"href":"https:\/\/www.hashtag.al\/index.php\/wp-json\/wp\/v2\/tags?post=608522"}],"curies":[{"name":"wp","href":"https:\/\/api.w.org\/{rel}","templated":true}]}}