{"id":608517,"date":"2023-07-28T18:29:27","date_gmt":"2023-07-28T16:29:27","guid":{"rendered":"https:\/\/www.hashtag.al\/?p=608517"},"modified":"2023-07-28T23:04:05","modified_gmt":"2023-07-28T21:04:05","slug":"deputetja-qe-firmos-dy-here-te-njejtin-dokument-i-kthehet-bardhit-neser-pd-zgjedh-kreun-e-ri-mos-flit-ne-emer-te-grupit","status":"publish","type":"post","link":"https:\/\/www.hashtag.al\/index.php\/2023\/07\/28\/deputetja-qe-firmos-dy-here-te-njejtin-dokument-i-kthehet-bardhit-neser-pd-zgjedh-kreun-e-ri-mos-flit-ne-emer-te-grupit\/","title":{"rendered":"Deputetja q\u00eb firmosi dy her\u00eb t\u00eb nj\u00ebjtin dokument i kthehet Bardhit: Nes\u00ebr PD zgjedh kreun e ri, mos flit n\u00eb em\u00ebr t\u00eb grupit","gt_translate_keys":[{"key":"rendered","format":"text"}]},"content":{"rendered":"<p><span style=\"color: #000000;\"><img loading=\"lazy\" decoding=\"async\" class=\"aligncenter size-full wp-image-608518\" src=\"https:\/\/www.hashtag.al\/wp-content\/uploads\/2023\/07\/bardhipampuri.jpg\" alt=\"\" width=\"2000\" height=\"1000\" srcset=\"https:\/\/www.hashtag.al\/wp-content\/uploads\/2023\/07\/bardhipampuri.jpg 2000w, https:\/\/www.hashtag.al\/wp-content\/uploads\/2023\/07\/bardhipampuri-300x150.jpg 300w, https:\/\/www.hashtag.al\/wp-content\/uploads\/2023\/07\/bardhipampuri-1024x512.jpg 1024w, https:\/\/www.hashtag.al\/wp-content\/uploads\/2023\/07\/bardhipampuri-768x384.jpg 768w, https:\/\/www.hashtag.al\/wp-content\/uploads\/2023\/07\/bardhipampuri-1536x768.jpg 1536w\" sizes=\"auto, (max-width: 2000px) 100vw, 2000px\" \/><\/span><\/p>\n<p><span style=\"color: #000000;\">Oriola Pampuri, deputetja e PD-s\u00eb q\u00eb deklaroi se kishte firmosur gabimisht dy her\u00eb t\u00eb nj\u00ebjtin dokument t\u00eb kryesis\u00eb p\u00ebr t\u2019i hequr t\u00eb drejt\u00ebn e vul\u00ebs Sekretarit t\u00eb P\u00ebrgjithsh\u00ebm Bardhi, tha sot se zgjedhjet e nes\u00ebrme p\u00ebr kreun e partis\u00eb jan\u00eb legjitime.<\/span><\/p>\n<p><span style=\"color: #000000;\"> N\u00eb nj\u00eb sh\u00ebnim n\u00eb Facebook, n\u00eb cil\u00ebsin\u00eb e z\u00ebdh\u00ebn\u00ebses s\u00eb grupit parlamentar t\u00eb PD-s\u00eb Pampuri tha se hapat e nd\u00ebrmarra nga grupi i Gazment Bardhit jan\u00eb antistatutor\u00eb. <\/span><\/p>\n<p><span style=\"color: #000000;\">Ajo v\u00eb n\u00eb dukje se nes\u00ebr do mbahen zgjedhjet p\u00ebr kreun e ri t\u00eb partis\u00eb. <\/span><\/p>\n<p><span style=\"color: #000000;\">Pampuri shkruan gjithashtu se PD u p\u00ebrket demokrat\u00ebve, nd\u00ebrsa deputet\u00ebt jan\u00eb njer\u00ebz me dinjitet e integritet e nuk mund t\u00eb kthehen n\u00eb tabel\u00eb qitjeje.<\/span><\/p>\n<p><span style=\"color: #000000;\"><em>\u201cSi Z\u00ebdh\u00ebn\u00ebse e Grupit Parlamentar t\u00eb Partis\u00eb Demokratike, dua t\u00eb theksoj se; <\/em><em>Deklarata n\u00eb em\u00ebr t\u00eb grupit parlamentar, pa dijenin\u00eb an\u00ebtar\u00ebve t\u00eb grupit nuk g\u00ebzojn\u00eb v\u00ebrtet\u00ebsi. Nxitimin p\u00ebr t\u00eb nd\u00ebrmarr\u00eb hapa antistatutor\u00eb nuk ndihmon ask\u00ebnd, dhe nuk e legjitimon asnj\u00eb vendim. Kjo duhet t\u00eb marr\u00eb fund. Individualisht deputet\u00eb t\u00eb grupit mund t\u00eb shprehin mendime e q\u00ebndrime, por t\u00eb flitet n\u00eb em\u00ebr t\u00eb grupit, pa pjes\u00ebmarrjen e t\u00eb gjith\u00eb deputet\u00ebve \u00ebsht\u00eb e tep\u00ebrt. Nes\u00ebr, Partia Demokratike ka zgjedhje dhe ky \u00ebsht\u00eb nj\u00eb vendim i miratuar nga kryesia dhe k\u00ebshilli komb\u00ebtar, mendimet dhe q\u00ebndrimet kund\u00ebr mbajn\u00eb em\u00ebr dhe mbiem\u00ebr t\u00eb \u00e7do deputeti, por mllefet kolektive, nuk mund t\u2019i atribuohen grupit parlamentar. Partia Demokratike \u00ebsht\u00eb e demokrat\u00ebve, deputet\u00ebt jan\u00eb njer\u00ebz me dinjitet e integritet, dhe n\u00eb asnj\u00eb moment nuk mund t\u00eb shnd\u00ebrrohen n\u00eb tabele qitje p\u00ebr t\u00eb shfryr\u00eb mllefet e frustrimet e brendshme t\u00eb askujt, apo p\u00ebr t\u00eb mbrojtur interesat personal\u00eb t\u00eb dikujt.\u201d<\/em> &#8211; shkruan Pampuri.<\/span><\/p>\n","protected":false,"gt_translate_keys":[{"key":"rendered","format":"html"}]},"excerpt":{"rendered":"<p>Oriola Pampuri, deputetja e PD-s\u00eb q\u00eb deklaroi se kishte firmosur gabimisht dy her\u00eb t\u00eb nj\u00ebjtin dokument t\u00eb kryesis\u00eb p\u00ebr t\u2019i hequr t\u00eb drejt\u00ebn e vul\u00ebs Sekretarit t\u00eb P\u00ebrgjithsh\u00ebm Bardhi, tha sot se zgjedhjet e nes\u00ebrme p\u00ebr kreun e partis\u00eb jan\u00eb legjitime. N\u00eb nj\u00eb sh\u00ebnim n\u00eb Facebook, n\u00eb cil\u00ebsin\u00eb e z\u00ebdh\u00ebn\u00ebses s\u00eb grupit parlamentar t\u00eb PD-s\u00eb [&hellip;]<\/p>\n","protected":false,"gt_translate_keys":[{"key":"rendered","format":"html"}]},"author":51,"featured_media":608518,"comment_status":"closed","ping_status":"closed","sticky":false,"template":"","format":"standard","meta":{"footnotes":""},"categories":[65],"tags":[],"class_list":["post-608517","post","type-post","status-publish","format-standard","has-post-thumbnail","hentry","category-lajme"],"gt_translate_keys":[{"key":"link","format":"url"}],"_links":{"self":[{"href":"https:\/\/www.hashtag.al\/index.php\/wp-json\/wp\/v2\/posts\/608517","targetHints":{"allow":["GET"]}}],"collection":[{"href":"https:\/\/www.hashtag.al\/index.php\/wp-json\/wp\/v2\/posts"}],"about":[{"href":"https:\/\/www.hashtag.al\/index.php\/wp-json\/wp\/v2\/types\/post"}],"author":[{"embeddable":true,"href":"https:\/\/www.hashtag.al\/index.php\/wp-json\/wp\/v2\/users\/51"}],"replies":[{"embeddable":true,"href":"https:\/\/www.hashtag.al\/index.php\/wp-json\/wp\/v2\/comments?post=608517"}],"version-history":[{"count":0,"href":"https:\/\/www.hashtag.al\/index.php\/wp-json\/wp\/v2\/posts\/608517\/revisions"}],"wp:featuredmedia":[{"embeddable":true,"href":"https:\/\/www.hashtag.al\/index.php\/wp-json\/wp\/v2\/media\/608518"}],"wp:attachment":[{"href":"https:\/\/www.hashtag.al\/index.php\/wp-json\/wp\/v2\/media?parent=608517"}],"wp:term":[{"taxonomy":"category","embeddable":true,"href":"https:\/\/www.hashtag.al\/index.php\/wp-json\/wp\/v2\/categories?post=608517"},{"taxonomy":"post_tag","embeddable":true,"href":"https:\/\/www.hashtag.al\/index.php\/wp-json\/wp\/v2\/tags?post=608517"}],"curies":[{"name":"wp","href":"https:\/\/api.w.org\/{rel}","templated":true}]}}