{"id":608462,"date":"2023-07-28T12:06:17","date_gmt":"2023-07-28T10:06:17","guid":{"rendered":"https:\/\/www.hashtag.al\/?p=608462"},"modified":"2023-07-28T12:06:17","modified_gmt":"2023-07-28T10:06:17","slug":"gjiknuri-nuk-ndihem-i-braktisur-nga-rama-spak-nuk-me-ka-thirrur-per-inceneratoret","status":"publish","type":"post","link":"https:\/\/www.hashtag.al\/index.php\/2023\/07\/28\/gjiknuri-nuk-ndihem-i-braktisur-nga-rama-spak-nuk-me-ka-thirrur-per-inceneratoret\/","title":{"rendered":"Gjiknuri: Nuk ndihem i braktisur nga Rama, SPAK nuk m\u00eb ka thirrur p\u00ebr incenerator\u00ebt","gt_translate_keys":[{"key":"rendered","format":"text"}]},"content":{"rendered":"<p><span style=\"color: #000000;\"><a style=\"color: #000000;\" href=\"https:\/\/www.hashtag.al\/wp-content\/uploads\/2023\/07\/gjiknuri-1-768x485-1.jpg\"><img loading=\"lazy\" decoding=\"async\" class=\"aligncenter size-full wp-image-608463\" src=\"https:\/\/www.hashtag.al\/wp-content\/uploads\/2023\/07\/gjiknuri-1-768x485-1.jpg\" alt=\"\" width=\"768\" height=\"485\" srcset=\"https:\/\/www.hashtag.al\/wp-content\/uploads\/2023\/07\/gjiknuri-1-768x485-1.jpg 768w, https:\/\/www.hashtag.al\/wp-content\/uploads\/2023\/07\/gjiknuri-1-768x485-1-300x189.jpg 300w\" sizes=\"auto, (max-width: 768px) 100vw, 768px\" \/><\/a><\/span><\/p>\n<p><span style=\"color: #000000;\">Damian Gjiknuri n\u00eb nj\u00eb konferenc\u00eb p\u00ebr gazetar\u00ebt ku i kaloi simbolikisht postin e Sekretarit t\u00eb P\u00ebrgjithsh\u00ebm t\u00eb Partis\u00eb Socialiste te Blendi Klosi theksoi se nuk ndjen asnj\u00eb lloj braktise nga kryetari Edi Rama.<\/span><\/p>\n<p><span style=\"color: #000000;\">Ai e sheh largimin nga posti si fillimin e nj\u00eb gj\u00ebje t\u00eb re.<\/span><\/p>\n<p><span style=\"color: #000000;\"><em>\u201cP\u00ebr mua fundi i di\u00e7kaje \u00ebsht\u00eb fillimi i nj\u00eb gj\u00ebje t\u00eb re. Un\u00eb jam akuzuar gjithmon\u00eb pasi kam mbajtur pozicione ky\u00e7e. Nuk \u00ebsht\u00eb hera e par\u00eb q\u00eb akuzohemi p\u00ebr akuza t\u00eb karakterit politik. Ka vet\u00ebm nj\u00eb drejt\u00ebsi q\u00eb i gjykon, dhe jo opinioni publik krijuar nga vatra t\u00eb ndryshme politike. Personalisht nuk ndjej asnj\u00eb lloj braktisje, jam n\u00eb komunikim t\u00eb vazhduesh\u00ebm me kreun e partis\u00eb, \u00ebsht\u00eb marr\u00ebdh\u00ebnie e q\u00ebndrueshme pune. Sa m\u00eb pozicione t\u00eb larta te kesh, aq m\u00eb tep\u00ebr edhe do sulmohet<\/em>\u201d, deklaroi Gjiknuri.<\/span><\/p>\n<p><span style=\"color: #000000;\">Ai u pyet edhe n\u00ebse \u00ebsht\u00eb marr\u00eb n\u00eb pyetje nga SPAK lidhur me afer\u00ebn e incenerator\u00ebve.<\/span><\/p>\n<p><span style=\"color: #000000;\">\u201c<em>Hetimi ka vite q\u00eb ka nisur, nuk m\u00eb kan\u00eb thirrur ndonj\u00ebher\u00eb, n\u00ebse do m\u00eb th\u00ebrrasin natyrsh\u00ebm do t\u00eb jap shpjegim. Roli i ministrit t\u00eb energjis\u00eb ka qen\u00eb periferik\u2026 Ato vepra jan\u00eb n\u00eb dobi t\u00eb publikut, t\u00eb qytetar\u00ebve. Sot n\u00eb Elbasan ka nj\u00eb vep\u00ebr q\u00eb prodhon energji. Vendimet duhen para n\u00eb kontekst t\u00eb gjer\u00eb. Nuk ndihem i keqardhur. Jam m\u00ebsuar t\u00eb l\u00ebviz n\u00eb pozicione t\u00eb ndryshme. M\u00eb p\u00eblqen q\u00eb ta shoh veten n\u00eb pozicione prej 360 grad\u00eb.<\/em><\/span><\/p>\n<p><span style=\"color: #000000;\"><em>Nuk kam dijeni se ka hetim p\u00ebr pasurin\u00eb time nga SPAK, por ato jan\u00eb t\u00eb deklaruara dhe un\u00eb jam kontrolluar tre her\u00eb nga inspektorati i lart\u00eb. Lidhur me udh\u00ebtimet q\u00eb p\u00ebrmendet ju, ato dy episode q\u00eb nuk kan\u00eb lidhje fare dhe jan\u00eb para se t\u00eb zhvillohej procedura nga ministria ime, jan\u00eb udh\u00ebtime zyrtare, por t\u00eb njoh\u00ebsh dik\u00eb nuk t\u00eb b\u00ebn t\u00eb fajsh\u00ebm<\/em>\u201d, u shpreh ai.<\/span><\/p>\n","protected":false,"gt_translate_keys":[{"key":"rendered","format":"html"}]},"excerpt":{"rendered":"<p>Damian Gjiknuri n\u00eb nj\u00eb konferenc\u00eb p\u00ebr gazetar\u00ebt ku i kaloi simbolikisht postin e Sekretarit t\u00eb P\u00ebrgjithsh\u00ebm t\u00eb Partis\u00eb Socialiste te Blendi Klosi theksoi se nuk ndjen asnj\u00eb lloj braktise nga kryetari Edi Rama. Ai e sheh largimin nga posti si fillimin e nj\u00eb gj\u00ebje t\u00eb re. \u201cP\u00ebr mua fundi i di\u00e7kaje \u00ebsht\u00eb fillimi i nj\u00eb [&hellip;]<\/p>\n","protected":false,"gt_translate_keys":[{"key":"rendered","format":"html"}]},"author":32,"featured_media":608463,"comment_status":"closed","ping_status":"closed","sticky":false,"template":"","format":"standard","meta":{"footnotes":""},"categories":[65,13],"tags":[],"class_list":["post-608462","post","type-post","status-publish","format-standard","has-post-thumbnail","hentry","category-lajme","category-te-fundit"],"gt_translate_keys":[{"key":"link","format":"url"}],"_links":{"self":[{"href":"https:\/\/www.hashtag.al\/index.php\/wp-json\/wp\/v2\/posts\/608462","targetHints":{"allow":["GET"]}}],"collection":[{"href":"https:\/\/www.hashtag.al\/index.php\/wp-json\/wp\/v2\/posts"}],"about":[{"href":"https:\/\/www.hashtag.al\/index.php\/wp-json\/wp\/v2\/types\/post"}],"author":[{"embeddable":true,"href":"https:\/\/www.hashtag.al\/index.php\/wp-json\/wp\/v2\/users\/32"}],"replies":[{"embeddable":true,"href":"https:\/\/www.hashtag.al\/index.php\/wp-json\/wp\/v2\/comments?post=608462"}],"version-history":[{"count":0,"href":"https:\/\/www.hashtag.al\/index.php\/wp-json\/wp\/v2\/posts\/608462\/revisions"}],"wp:featuredmedia":[{"embeddable":true,"href":"https:\/\/www.hashtag.al\/index.php\/wp-json\/wp\/v2\/media\/608463"}],"wp:attachment":[{"href":"https:\/\/www.hashtag.al\/index.php\/wp-json\/wp\/v2\/media?parent=608462"}],"wp:term":[{"taxonomy":"category","embeddable":true,"href":"https:\/\/www.hashtag.al\/index.php\/wp-json\/wp\/v2\/categories?post=608462"},{"taxonomy":"post_tag","embeddable":true,"href":"https:\/\/www.hashtag.al\/index.php\/wp-json\/wp\/v2\/tags?post=608462"}],"curies":[{"name":"wp","href":"https:\/\/api.w.org\/{rel}","templated":true}]}}