{"id":608445,"date":"2023-07-28T10:02:01","date_gmt":"2023-07-28T08:02:01","guid":{"rendered":"https:\/\/www.hashtag.al\/?p=608445"},"modified":"2023-07-28T10:02:01","modified_gmt":"2023-07-28T08:02:01","slug":"keshilli-anuloi-zgjedhjet-grupimi-prane-bashes-publikon-vendet-ku-do-votohet-per-kryetar","status":"publish","type":"post","link":"https:\/\/www.hashtag.al\/index.php\/2023\/07\/28\/keshilli-anuloi-zgjedhjet-grupimi-prane-bashes-publikon-vendet-ku-do-votohet-per-kryetar\/","title":{"rendered":"K\u00ebshilli anuloi zgjedhjet, grupimi pran\u00eb Bash\u00ebs publikon vendet ku do votohet p\u00ebr kryetar","gt_translate_keys":[{"key":"rendered","format":"text"}]},"content":{"rendered":"<p><span style=\"color: #000000;\"><a style=\"color: #000000;\" href=\"https:\/\/www.hashtag.al\/wp-content\/uploads\/2023\/07\/1690529847_Screenshot1.jpg\"><img loading=\"lazy\" decoding=\"async\" class=\"aligncenter size-full wp-image-608446\" src=\"https:\/\/www.hashtag.al\/wp-content\/uploads\/2023\/07\/1690529847_Screenshot1.jpg\" alt=\"\" width=\"780\" height=\"440\" srcset=\"https:\/\/www.hashtag.al\/wp-content\/uploads\/2023\/07\/1690529847_Screenshot1.jpg 780w, https:\/\/www.hashtag.al\/wp-content\/uploads\/2023\/07\/1690529847_Screenshot1-300x169.jpg 300w, https:\/\/www.hashtag.al\/wp-content\/uploads\/2023\/07\/1690529847_Screenshot1-768x433.jpg 768w\" sizes=\"auto, (max-width: 780px) 100vw, 780px\" \/><\/a><\/span><\/p>\n<p><span style=\"color: #000000;\">Partia Demokratike vijon \u2018betej\u00ebn\u2019 mes vetes! Ndon\u00ebse nj\u00eb dit\u00eb m\u00eb par\u00eb K\u00ebshilli Komb\u00ebtar i PD-s\u00eb i thirrur nga Sekretari i P\u00ebrgjithsh\u00ebm Gazment Bardhi,\u00a0anuloi zgjedhjet p\u00ebr kryetar q\u00eb pritet t\u00eb mbahen m\u00eb 29 korrik, sot grupimi i mb\u00ebshtet\u00ebsve t\u00eb Lulzim Bash\u00ebs, lajm\u00ebruan se nes\u00ebr do t\u00eb zhvillohet procesi zgjedhor.<\/span><\/p>\n<p><span style=\"color: #000000;\">Sot zyra e shtypit t\u00eb Partis\u00eb Demokratike, ka u ka b\u00ebr\u00eb thirrje t\u00eb gjith\u00eb an\u00ebtar\u00ebve q\u00eb t\u00eb marrin pjes\u00eb n\u00eb votim p\u00ebr ringritjen e PD-s\u00eb, nd\u00ebrsa ka b\u00ebr\u00eb publike edhe qendrat e votimit ku do t\u00eb votojn\u00eb an\u00ebtar\u00ebt.<\/span><\/p>\n<p><span style=\"color: #000000;\">\u2018Qendrat e votimit do t\u00eb jen\u00eb t\u00eb hapura nga ora 08:00 deri n\u00eb 19:00. Ju vendosni t\u00eb ardhmen e PD dhe t\u00eb ardhmen e Shqip\u00ebris\u00eb.&#8217;- thuhet n\u00eb njoftimin e shp\u00ebrndar\u00eb p\u00ebr mediat nga zyra e shtypit n PD.<\/span><\/p>\n<p><span style=\"color: #000000;\">Vendimet e K\u00ebshillit p\u00ebr anulimin e zgjedhjeve dhe pezullimin e funksionit t\u00eb Kryesis\u00eb,\u00a0e fusin Partin\u00eb Demokratike n\u00eb nj\u00eb tjet\u00ebr ng\u00ebr\u00e7, pasi dy grupet brenda PD zyrtare po vijojn\u00eb me veprime t\u00eb nj\u00ebanshme. Grupi i Bardhit po p\u00ebrpiqet t\u00eb pengoj\u00eb Bash\u00ebn q\u00eb t\u00eb vendoset s\u00ebrish n\u00eb krye t\u00eb partis\u00eb, nd\u00ebrsa grupi i Bash\u00ebs vijon me vendosm\u00ebri rrug\u00ebn p\u00ebr rikthimin e tij n\u00eb drejtimin e PD dhe t\u00eb shtun\u00ebn do t\u00eb mbajn\u00eb procesin zgjedhor.<\/span><\/p>\n","protected":false,"gt_translate_keys":[{"key":"rendered","format":"html"}]},"excerpt":{"rendered":"<p>Partia Demokratike vijon \u2018betej\u00ebn\u2019 mes vetes! Ndon\u00ebse nj\u00eb dit\u00eb m\u00eb par\u00eb K\u00ebshilli Komb\u00ebtar i PD-s\u00eb i thirrur nga Sekretari i P\u00ebrgjithsh\u00ebm Gazment Bardhi,\u00a0anuloi zgjedhjet p\u00ebr kryetar q\u00eb pritet t\u00eb mbahen m\u00eb 29 korrik, sot grupimi i mb\u00ebshtet\u00ebsve t\u00eb Lulzim Bash\u00ebs, lajm\u00ebruan se nes\u00ebr do t\u00eb zhvillohet procesi zgjedhor. Sot zyra e shtypit t\u00eb Partis\u00eb Demokratike, [&hellip;]<\/p>\n","protected":false,"gt_translate_keys":[{"key":"rendered","format":"html"}]},"author":32,"featured_media":608446,"comment_status":"closed","ping_status":"closed","sticky":false,"template":"","format":"standard","meta":{"footnotes":""},"categories":[65,13],"tags":[],"class_list":["post-608445","post","type-post","status-publish","format-standard","has-post-thumbnail","hentry","category-lajme","category-te-fundit"],"gt_translate_keys":[{"key":"link","format":"url"}],"_links":{"self":[{"href":"https:\/\/www.hashtag.al\/index.php\/wp-json\/wp\/v2\/posts\/608445","targetHints":{"allow":["GET"]}}],"collection":[{"href":"https:\/\/www.hashtag.al\/index.php\/wp-json\/wp\/v2\/posts"}],"about":[{"href":"https:\/\/www.hashtag.al\/index.php\/wp-json\/wp\/v2\/types\/post"}],"author":[{"embeddable":true,"href":"https:\/\/www.hashtag.al\/index.php\/wp-json\/wp\/v2\/users\/32"}],"replies":[{"embeddable":true,"href":"https:\/\/www.hashtag.al\/index.php\/wp-json\/wp\/v2\/comments?post=608445"}],"version-history":[{"count":0,"href":"https:\/\/www.hashtag.al\/index.php\/wp-json\/wp\/v2\/posts\/608445\/revisions"}],"wp:featuredmedia":[{"embeddable":true,"href":"https:\/\/www.hashtag.al\/index.php\/wp-json\/wp\/v2\/media\/608446"}],"wp:attachment":[{"href":"https:\/\/www.hashtag.al\/index.php\/wp-json\/wp\/v2\/media?parent=608445"}],"wp:term":[{"taxonomy":"category","embeddable":true,"href":"https:\/\/www.hashtag.al\/index.php\/wp-json\/wp\/v2\/categories?post=608445"},{"taxonomy":"post_tag","embeddable":true,"href":"https:\/\/www.hashtag.al\/index.php\/wp-json\/wp\/v2\/tags?post=608445"}],"curies":[{"name":"wp","href":"https:\/\/api.w.org\/{rel}","templated":true}]}}