{"id":608430,"date":"2023-07-27T22:48:06","date_gmt":"2023-07-27T20:48:06","guid":{"rendered":"https:\/\/www.hashtag.al\/?p=608430"},"modified":"2023-07-27T22:48:06","modified_gmt":"2023-07-27T20:48:06","slug":"vellai-godet-me-thike-vellane-ne-pogradec-pas-sherrit-per-pronen","status":"publish","type":"post","link":"https:\/\/www.hashtag.al\/index.php\/2023\/07\/27\/vellai-godet-me-thike-vellane-ne-pogradec-pas-sherrit-per-pronen\/","title":{"rendered":"V\u00ebllai godet me thik\u00eb v\u00ebllan\u00eb n\u00eb Pogradec, pas sherrit p\u00ebr pron\u00ebn","gt_translate_keys":[{"key":"rendered","format":"text"}]},"content":{"rendered":"<p><a href=\"https:\/\/www.hashtag.al\/wp-content\/uploads\/2023\/04\/policia-11-1.jpg\"><img loading=\"lazy\" decoding=\"async\" class=\"aligncenter size-full wp-image-590167\" src=\"https:\/\/www.hashtag.al\/wp-content\/uploads\/2023\/04\/policia-11-1.jpg\" alt=\"\" width=\"770\" height=\"417\" srcset=\"https:\/\/www.hashtag.al\/wp-content\/uploads\/2023\/04\/policia-11-1.jpg 770w, https:\/\/www.hashtag.al\/wp-content\/uploads\/2023\/04\/policia-11-1-300x162.jpg 300w, https:\/\/www.hashtag.al\/wp-content\/uploads\/2023\/04\/policia-11-1-768x416.jpg 768w\" sizes=\"auto, (max-width: 770px) 100vw, 770px\" \/><\/a><\/p>\n<p><span style=\"color: #000000;\">Nj\u00eb 44 vje\u00e7ar \u00ebsht\u00eb n\u00eb k\u00ebrkim pasi akuzohet se goditi me thik\u00eb v\u00ebllan\u00eb e tij. Ngjarja \u00ebsht\u00eb sh\u00ebnuar mbr\u00ebmjen e 27 korrikut n\u00eb fshatin Tushemisht t\u00eb Pogradecit.<\/span><\/p>\n<p><span style=\"color: #000000;\">Policia e Kor\u00e7\u00ebs informoi se n\u00eb banes\u00eb\u00a0 Denis Harizit gjat\u00eb nj\u00eb konflikti t\u00eb \u00e7astit, dyshohet se ka d\u00ebmtuar me thik\u00eb v\u00ebllan\u00eb e tij shtetasin A. H.,50 vje\u00e7, i cili ndodhet p\u00ebr mjekim n\u00eb spitalin e Pogradecit.<\/span><\/p>\n<p><span style=\"color: #000000;\">Nga ana e Policis\u00eb po vijon puna p\u00ebr kapjen e autorit t\u00eb dyshuar t\u00eb ngjarjes Denis Harizi. Grupi hetimor po punon p\u00ebr sqarimin e plot\u00eb t\u00eb rrethanave t\u00eb ngjarjes.<\/span><\/p>\n<p><span style=\"color: #000000;\">Nga burime b\u00ebhet e ditur se grindja mes dy v\u00ebllez\u00ebrve ka ardhur si pasoj\u00eb e pronave. Gjithashtu t\u00eb nj\u00ebjtat burime brenda policis\u00eb konfirmojn\u00eb se 50 vje\u00e7ari \u00ebsht\u00eb jasht\u00eb rrezikut p\u00ebr jet\u00ebn.<\/span><\/p>\n","protected":false,"gt_translate_keys":[{"key":"rendered","format":"html"}]},"excerpt":{"rendered":"<p>Nj\u00eb 44 vje\u00e7ar \u00ebsht\u00eb n\u00eb k\u00ebrkim pasi akuzohet se goditi me thik\u00eb v\u00ebllan\u00eb e tij. Ngjarja \u00ebsht\u00eb sh\u00ebnuar mbr\u00ebmjen e 27 korrikut n\u00eb fshatin Tushemisht t\u00eb Pogradecit. Policia e Kor\u00e7\u00ebs informoi se n\u00eb banes\u00eb\u00a0 Denis Harizit gjat\u00eb nj\u00eb konflikti t\u00eb \u00e7astit, dyshohet se ka d\u00ebmtuar me thik\u00eb v\u00ebllan\u00eb e tij shtetasin A. H.,50 vje\u00e7, i [&hellip;]<\/p>\n","protected":false,"gt_translate_keys":[{"key":"rendered","format":"html"}]},"author":30,"featured_media":590167,"comment_status":"closed","ping_status":"closed","sticky":false,"template":"","format":"standard","meta":{"footnotes":""},"categories":[65],"tags":[],"class_list":["post-608430","post","type-post","status-publish","format-standard","has-post-thumbnail","hentry","category-lajme"],"gt_translate_keys":[{"key":"link","format":"url"}],"_links":{"self":[{"href":"https:\/\/www.hashtag.al\/index.php\/wp-json\/wp\/v2\/posts\/608430","targetHints":{"allow":["GET"]}}],"collection":[{"href":"https:\/\/www.hashtag.al\/index.php\/wp-json\/wp\/v2\/posts"}],"about":[{"href":"https:\/\/www.hashtag.al\/index.php\/wp-json\/wp\/v2\/types\/post"}],"author":[{"embeddable":true,"href":"https:\/\/www.hashtag.al\/index.php\/wp-json\/wp\/v2\/users\/30"}],"replies":[{"embeddable":true,"href":"https:\/\/www.hashtag.al\/index.php\/wp-json\/wp\/v2\/comments?post=608430"}],"version-history":[{"count":0,"href":"https:\/\/www.hashtag.al\/index.php\/wp-json\/wp\/v2\/posts\/608430\/revisions"}],"wp:featuredmedia":[{"embeddable":true,"href":"https:\/\/www.hashtag.al\/index.php\/wp-json\/wp\/v2\/media\/590167"}],"wp:attachment":[{"href":"https:\/\/www.hashtag.al\/index.php\/wp-json\/wp\/v2\/media?parent=608430"}],"wp:term":[{"taxonomy":"category","embeddable":true,"href":"https:\/\/www.hashtag.al\/index.php\/wp-json\/wp\/v2\/categories?post=608430"},{"taxonomy":"post_tag","embeddable":true,"href":"https:\/\/www.hashtag.al\/index.php\/wp-json\/wp\/v2\/tags?post=608430"}],"curies":[{"name":"wp","href":"https:\/\/api.w.org\/{rel}","templated":true}]}}