{"id":608401,"date":"2023-07-27T20:05:58","date_gmt":"2023-07-27T18:05:58","guid":{"rendered":"https:\/\/www.hashtag.al\/?p=608401"},"modified":"2023-07-27T20:05:58","modified_gmt":"2023-07-27T18:05:58","slug":"mbledhja-e-keshillit-kombetar-te-pd-pranohet-doreheqja-e-bashes-dhe-alibeajt","status":"publish","type":"post","link":"https:\/\/www.hashtag.al\/index.php\/2023\/07\/27\/mbledhja-e-keshillit-kombetar-te-pd-pranohet-doreheqja-e-bashes-dhe-alibeajt\/","title":{"rendered":"Mbledhja e K\u00ebshillit Komb\u00ebtar t\u00eb PD, pranohet dor\u00ebheqja e Bash\u00ebs dhe Alibeajt","gt_translate_keys":[{"key":"rendered","format":"text"}]},"content":{"rendered":"<p><span style=\"color: #000000;\"><a href=\"https:\/\/www.hashtag.al\/wp-content\/uploads\/2023\/07\/800-0-62d79cab64fef.jpg\"><img loading=\"lazy\" decoding=\"async\" class=\"aligncenter size-full wp-image-608402\" src=\"https:\/\/www.hashtag.al\/wp-content\/uploads\/2023\/07\/800-0-62d79cab64fef.jpg\" alt=\"\" width=\"800\" height=\"453\" srcset=\"https:\/\/www.hashtag.al\/wp-content\/uploads\/2023\/07\/800-0-62d79cab64fef.jpg 800w, https:\/\/www.hashtag.al\/wp-content\/uploads\/2023\/07\/800-0-62d79cab64fef-300x170.jpg 300w, https:\/\/www.hashtag.al\/wp-content\/uploads\/2023\/07\/800-0-62d79cab64fef-768x435.jpg 768w\" sizes=\"auto, (max-width: 800px) 100vw, 800px\" \/><\/a><\/span><\/p>\n<p><span style=\"color: #000000;\">Vijon mbledhja online e K\u00ebshillit Komb\u00ebtar t\u00eb PD e thirrur nga Gazment Bardhi.<\/span><\/p>\n<p><span style=\"color: #000000;\">K\u00ebshilli Komb\u00ebtar ka konstatuar dhe pranuar dor\u00ebheqjen e dat\u00ebs 21 mars 2022 t\u00eb Kryetarit t\u00eb Partis\u00eb Demokratike Lulzim Basha, dhe dor\u00ebheqjen e dat\u00eb 17 Maj 2023 t\u00eb N\u00ebnkryetari t\u00eb Partis\u00eb Demokratike Enkelejd Alibeaj.<\/span><\/p>\n<p><span style=\"color: #000000;\">Nd\u00ebrkoh\u00eb, u shtyu p\u00ebr n\u00eb nj\u00eb mbledhje tjet\u00ebr vler\u00ebsimin mbi dor\u00ebheqjet e N\u00ebnkryetar\u00ebve Agron Gjekmarkaj dhe Jorida Tabaku.<\/span><\/p>\n","protected":false,"gt_translate_keys":[{"key":"rendered","format":"html"}]},"excerpt":{"rendered":"<p>Vijon mbledhja online e K\u00ebshillit Komb\u00ebtar t\u00eb PD e thirrur nga Gazment Bardhi. K\u00ebshilli Komb\u00ebtar ka konstatuar dhe pranuar dor\u00ebheqjen e dat\u00ebs 21 mars 2022 t\u00eb Kryetarit t\u00eb Partis\u00eb Demokratike Lulzim Basha, dhe dor\u00ebheqjen e dat\u00eb 17 Maj 2023 t\u00eb N\u00ebnkryetari t\u00eb Partis\u00eb Demokratike Enkelejd Alibeaj. Nd\u00ebrkoh\u00eb, u shtyu p\u00ebr n\u00eb nj\u00eb mbledhje tjet\u00ebr vler\u00ebsimin [&hellip;]<\/p>\n","protected":false,"gt_translate_keys":[{"key":"rendered","format":"html"}]},"author":30,"featured_media":608402,"comment_status":"closed","ping_status":"closed","sticky":false,"template":"","format":"standard","meta":{"footnotes":""},"categories":[65],"tags":[],"class_list":["post-608401","post","type-post","status-publish","format-standard","has-post-thumbnail","hentry","category-lajme"],"gt_translate_keys":[{"key":"link","format":"url"}],"_links":{"self":[{"href":"https:\/\/www.hashtag.al\/index.php\/wp-json\/wp\/v2\/posts\/608401","targetHints":{"allow":["GET"]}}],"collection":[{"href":"https:\/\/www.hashtag.al\/index.php\/wp-json\/wp\/v2\/posts"}],"about":[{"href":"https:\/\/www.hashtag.al\/index.php\/wp-json\/wp\/v2\/types\/post"}],"author":[{"embeddable":true,"href":"https:\/\/www.hashtag.al\/index.php\/wp-json\/wp\/v2\/users\/30"}],"replies":[{"embeddable":true,"href":"https:\/\/www.hashtag.al\/index.php\/wp-json\/wp\/v2\/comments?post=608401"}],"version-history":[{"count":0,"href":"https:\/\/www.hashtag.al\/index.php\/wp-json\/wp\/v2\/posts\/608401\/revisions"}],"wp:featuredmedia":[{"embeddable":true,"href":"https:\/\/www.hashtag.al\/index.php\/wp-json\/wp\/v2\/media\/608402"}],"wp:attachment":[{"href":"https:\/\/www.hashtag.al\/index.php\/wp-json\/wp\/v2\/media?parent=608401"}],"wp:term":[{"taxonomy":"category","embeddable":true,"href":"https:\/\/www.hashtag.al\/index.php\/wp-json\/wp\/v2\/categories?post=608401"},{"taxonomy":"post_tag","embeddable":true,"href":"https:\/\/www.hashtag.al\/index.php\/wp-json\/wp\/v2\/tags?post=608401"}],"curies":[{"name":"wp","href":"https:\/\/api.w.org\/{rel}","templated":true}]}}