{"id":608116,"date":"2023-07-26T12:23:12","date_gmt":"2023-07-26T10:23:12","guid":{"rendered":"https:\/\/www.hashtag.al\/?p=608116"},"modified":"2023-07-26T13:00:50","modified_gmt":"2023-07-26T11:00:50","slug":"apeli-i-gjkko-se-jep-vendimin-per-7-te-pandehurit-e-grabitjes-se-rinasit","status":"publish","type":"post","link":"https:\/\/www.hashtag.al\/index.php\/2023\/07\/26\/apeli-i-gjkko-se-jep-vendimin-per-7-te-pandehurit-e-grabitjes-se-rinasit\/","title":{"rendered":"Apeli i GJKKO-s\u00eb jep vendimin p\u00ebr 7 t\u00eb pandehurit e grabitjes s\u00eb Rinasit","gt_translate_keys":[{"key":"rendered","format":"text"}]},"content":{"rendered":"<p><span style=\"color: #000000;\"><a style=\"color: #000000;\" href=\"https:\/\/www.hashtag.al\/wp-content\/uploads\/2023\/07\/bnfgh.jpg\"><img loading=\"lazy\" decoding=\"async\" class=\"aligncenter size-full wp-image-608117\" src=\"https:\/\/www.hashtag.al\/wp-content\/uploads\/2023\/07\/bnfgh.jpg\" alt=\"\" width=\"539\" height=\"305\" srcset=\"https:\/\/www.hashtag.al\/wp-content\/uploads\/2023\/07\/bnfgh.jpg 539w, https:\/\/www.hashtag.al\/wp-content\/uploads\/2023\/07\/bnfgh-300x170.jpg 300w\" sizes=\"auto, (max-width: 539px) 100vw, 539px\" \/><\/a><\/span><\/p>\n<p><span style=\"color: #000000;\">Apeli i Gjykat\u00ebs s\u00eb Posa\u00e7me t\u00eb Apelit p\u00ebr Korrupsionin dhe Krimin e Organizuar, ka dh\u00ebn\u00eb sot vendimet p\u00ebr shtat\u00eb t\u00eb pandehurit e grabitjes s\u00eb ndodhur n\u00eb Rinas, n\u00eb vitin 2022.<\/span><\/p>\n<p><span style=\"color: #000000;\">Apeli ka d\u00ebnuar me 20 vite burg Klemend \u00c7al\u00ebn, nd\u00ebrsa Eldi \u00c7ala dhe t\u00eb pandehurit e tjer\u00eb, Oltjan Veseli, Renaldo Sula, Saimir \u00c7ela, Elton Pikli dhe Alkond Bengasi, jan\u00eb d\u00ebnuar me nga 17 vjet burg secili.\u00a0<\/span><\/p>\n<p><span style=\"color: #000000;\">Nd\u00ebrsa Talo \u00c7ela \u00ebsht\u00eb duke u gjykuar n\u00eb proces t\u00eb ndar\u00eb.<\/span><\/p>\n<p><span style=\"color: #000000;\"><strong>Vendimi<\/strong>:\u00a0<\/span><\/p>\n<p><span style=\"color: #000000;\">Gjykata e Posa\u00e7me e Apelit p\u00ebr Korrupsionin dhe Krimin e Organizuar, me trup gjykues t\u00eb p\u00ebrb\u00ebr\u00eb nga gjyqtar\u00ebt Dhimit\u00ebr Lara (kryesues), Nertina Kosova (an\u00ebtare) dhe Igerta Hysi (an\u00ebtare), m\u00eb dat\u00eb 26.07.2023, p\u00ebrfundoi shqyrtimin e \u00e7\u00ebshtjes s\u00eb regjistruar me nr. 29 akti, dat\u00eb 11.04.2023 regjistrimi, mbi ankimin e paraqitur nga ankuesit\/t\u00eb pandehurit K.\u00c7., E.\u00c7., O.V., R.S., S.\u00c7., E.P., A.B., kund\u00ebr vendimit nr. 56, dat\u00eb 05.10.2022 t\u00eb Gjykat\u00ebs s\u00eb Posa\u00e7me t\u00eb Shkall\u00ebs s\u00eb Par\u00eb p\u00ebr Korrupsionin dhe Krimin e Organizuar q\u00eb ka vendosur:<\/span><\/p>\n<p><span style=\"color: #000000;\">\u201c1. Deklarimin fajtor t\u00eb t\u00eb pandehurit K.\u00c7. p\u00ebr vepr\u00ebn penale \u201cVjedhja me arm\u00eb\u201d kryer n\u00eb bashk\u00ebpunim, n\u00eb form\u00eb t\u00eb grupit t\u00eb strukturuar kriminal, t\u00eb parashikuar nga neni 140 dhe 28 pika 4, dhe n\u00eb baz\u00eb edhe t\u00eb nenit 334 pika 1 t\u00eb Kodit Penal, d\u00ebnimin e tij me 18 (tet\u00ebmb\u00ebdhjet\u00eb) vjet burgim.<\/span><\/p>\n<p><span style=\"color: #000000;\">-Deklarimin fajtor t\u00eb t\u00eb pandehurit K.\u00c7. p\u00ebr vepr\u00ebn penale \u201cMbajtja pa leje dhe prodhimi i arm\u00ebve, arm\u00ebve shp\u00ebrthyese dhe i municionit\u201d kryer n\u00eb bashk\u00ebpunim, n\u00eb form\u00eb t\u00eb grupit t\u00eb strukturuar kriminal t\u00eb parashikuar nga neni 278\/1 (para ndryshimeve t\u00eb p\u00ebsuara me ligjin nr.43, dat\u00eb 23.3.2021) dhe 28 pika 4 dhe n\u00eb baz\u00eb edhe t\u00eb nenit 334 pika 1 t\u00eb Kodit Penal, d\u00ebnimin e tij me 8 (tet\u00eb) vjet burgim.<\/span><\/p>\n<p><span style=\"color: #000000;\">-Deklarimin fajtor t\u00eb t\u00eb pandehurit K.\u00c7. p\u00ebr vepr\u00ebn penale \u201cGrupi i strukturuar kriminal\u201d, t\u00eb parashikuar nga neni 333\/a paragrafi 2 t\u00eb Kodit Penal dhe d\u00ebnimin e tij 3 (tre) vjet burgim.<\/span><\/p>\n<p><span style=\"color: #000000;\">-Deklarimin fajtor t\u00eb t\u00eb pandehurit K.\u00c7. p\u00ebr vepr\u00ebn penale \u201cFalsifikimi i dokumenteve\u201d, t\u00eb parashikuar nga neni 186 paragrafi 2, t\u00eb Kodit Penal dhe d\u00ebnimin e tij me 1 (nj\u00eb) vit burgim.<\/span><\/p>\n<p><span style=\"color: #000000;\">N\u00eb bashkim t\u00eb d\u00ebnimeve, sipas nenit 55 paragrafi i par\u00eb i Kodit Penal, d\u00ebnimin e t\u00eb pandehurit K.\u00c7. me nj\u00eb d\u00ebnim t\u00eb vet\u00ebm prej 20 (nj\u00ebzet) vjet burgim.<\/span><\/p>\n<p><span style=\"color: #000000;\">-Vuajtja e d\u00ebnimit t\u00eb pandehurit i fillon nga dita e arrestimit dhe t\u00eb kryhet n\u00eb nj\u00eb burg t\u00eb siguris\u00eb s\u00eb lart\u00eb.<\/span><\/p>\n<p><span style=\"color: #000000;\">Deklarimin fajtor t\u00eb t\u00eb pandehurit E.\u00c7. p\u00ebr vepr\u00ebn penale \u201cVjedhja me arm\u00eb\u201d kryer n\u00eb bashk\u00ebpunim, n\u00eb form\u00eb t\u00eb grupit t\u00eb strukturuar kriminal t\u00eb parashikuar nga neni 140 dhe 28 pika 4 dhe n\u00eb baz\u00eb edhe t\u00eb nenit 334 pika 1 t\u00eb Kodit Penal, d\u00ebnimin e tij me 16 (gjasht\u00ebmb\u00ebdhjet\u00eb) vjet burgim.<\/span><\/p>\n<p><span style=\"color: #000000;\">-Deklarimin fajtor t\u00eb t\u00eb pandehurit E.\u00c7. p\u00ebr vepr\u00ebn penale \u201cMbajtja pa leje dhe prodhimi I arm\u00ebve, arm\u00ebve shp\u00ebrthyese dhe i municionit\u201d kryer n\u00eb bashk\u00ebpunim, n\u00eb form\u00eb t\u00eb grupit t\u00eb strukturuar kriminal t\u00eb parashikuar nga neni 278\/1 (para ndryshimeve t\u00eb p\u00ebsuara me ligjin nr.43, dat\u00eb 23.3.2021) dhe 28 pika 4 dhe n\u00eb baz\u00eb edhe t\u00eb nenit 334 pika 1 t\u00eb Kodit Penal, d\u00ebnimin e tij me 8 vjet (tet\u00eb) vjet burgim.<\/span><\/p>\n<p><span style=\"color: #000000;\">-Deklarimin fajtor t\u00eb t\u00eb pandehurit E.\u00c7. p\u00ebr vepr\u00ebn penale \u201cGrupi i strukturuar kriminal\u201d, t\u00eb parashikuar nga neni 333\/a paragrafi 2 t\u00eb Kodit Penal dhe d\u00ebnimin e tij 3 (tre) vjet burgim.<\/span><\/p>\n<p><span style=\"color: #000000;\">-Deklarimin fajtor t\u00eb t\u00eb pandehurit E.\u00c7. p\u00ebr vepr\u00ebn penale \u201cFalsifikimi i dokumenteve\u201d, t\u00eb parashikuar nga neni 186 paragrafi 2, t\u00eb Kodit Penal dhe d\u00ebnimin e tij 1 (nj\u00eb) vit burgim.<\/span><\/p>\n<p><span style=\"color: #000000;\">-N\u00eb bashkim t\u00eb d\u00ebnimeve, sipas nenit 55 paragrafi i par\u00eb i Kodit Penal, d\u00ebnimin e t\u00eb pandehurit E.\u00c7. me nj\u00eb d\u00ebnim t\u00eb vet\u00ebm prej 17 (shtat\u00ebmb\u00ebdhjet\u00eb) vjet.<\/span><\/p>\n<p><span style=\"color: #000000;\">-Vuajtja e d\u00ebnimit t\u00eb pandehurit i fillon nga dita e arrestimit dhe t\u00eb kryhet n\u00eb nj\u00eb burg t\u00eb siguris\u00eb lart\u00eb.<\/span><\/p>\n<p><span style=\"color: #000000;\">Deklarimin fajtor t\u00eb t\u00eb pandehurit O.V. p\u00ebr vepr\u00ebn penale \u201cVjedhja me arm\u00eb\u201d kryer n\u00eb bashk\u00ebpunim, n\u00eb form\u00eb t\u00eb grupit t\u00eb strukturuar kriminal t\u00eb parashikuar nga neni 140 dhe 28 pika 4 dhe n\u00eb baz\u00eb edhe t\u00eb nenit 334 pika 1 t\u00eb Kodit penal, d\u00ebnimin e tij me 16 (gjasht\u00ebmb\u00ebdhjet\u00eb) vjet burgim.<\/span><\/p>\n<p><span style=\"color: #000000;\">Deklarimin fajtor t\u00eb t\u00eb pandehurit O.V. p\u00ebr vepr\u00ebn penale \u201cMbajtja pa leje dhe prodhimi i arm\u00ebve, arm\u00ebve shp\u00ebrthyese dhe i municionit\u201d kryer n\u00eb bashk\u00ebpunim, n\u00eb form\u00eb t\u00eb grupit t\u00eb strukturuar kriminal t\u00eb parashikuar nga neni 278\/1 (para ndryshimeve t\u00eb p\u00ebsuara me ligjin nr.43, dat\u00eb 23.3.2021) dhe 28 pika 4 dhe n\u00eb baz\u00eb edhe t\u00eb nenit 334 pika 1 t\u00eb Kodit Penal, d\u00ebnimin e tij me 8 (tet\u00eb) vjet burgim.<\/span><\/p>\n<p><span style=\"color: #000000;\">-Deklarimin fajtor t\u00eb t\u00eb pandehurit O.V. p\u00ebr vepr\u00ebn penale \u201cGrupi i strukturuar kriminal\u201d, t\u00eb parashikuar nga neni 333\/a paragrafi 2 t\u00eb Kodit Penal dhe d\u00ebnimin e tij me 3 (tre) vjet burgim.<\/span><\/p>\n<p><span style=\"color: #000000;\">-Deklarimin fajtor t\u00eb t\u00eb pandehurit O.V. p\u00ebr vepr\u00ebn penale \u201cProdhimi, mbajtja, blerja apo shitja pa leje e arm\u00ebve t\u00eb ftohta\u201d, t\u00eb parashikuar nga neni 279 paragrafi 1 t\u00eb Kodit Penal dhe d\u00ebnimin e tij me 1 (nj\u00eb) vit burgim.<\/span><\/p>\n<p><span style=\"color: #000000;\">-N\u00eb bashkim t\u00eb d\u00ebnimeve, sipas nenit 55 paragrafi i par\u00eb i Kodit Penal, d\u00ebnimin e t\u00eb pandehurit O.V. me nj\u00eb d\u00ebnim t\u00eb vet\u00ebm prej 17 (shtat\u00ebmb\u00ebdhjet\u00eb) vjet burgim.<\/span><\/p>\n<p><span style=\"color: #000000;\">-Vuajtja e d\u00ebnimit t\u00eb pandehurit i fillon nga dita e ndalimit dhe t\u00eb kryhet n\u00eb nj\u00eb burg t\u00eb siguris\u00eb lart\u00eb.<\/span><\/p>\n<p><span style=\"color: #000000;\">Deklarimin fajtor t\u00eb t\u00eb pandehurit R.S. p\u00ebr vepr\u00ebn penale \u201cVjedhja me arm\u00eb\u201d kryer n\u00eb bashk\u00ebpunim, n\u00eb form\u00eb t\u00eb grupit t\u00eb strukturuar kriminal, t\u00eb parashikuar nga neni 140 dhe 28 pika 4 dhe n\u00eb baz\u00eb edhe t\u00eb nenit 334 pika 1 t\u00eb Kodit penal, d\u00ebnimin e tij me 16 (gjasht\u00ebmb\u00ebdhjet\u00eb) vjet burgim.<\/span><\/p>\n<p><span style=\"color: #000000;\">Deklarimin fajtor t\u00eb t\u00eb pandehurit R.S. p\u00ebr vepr\u00ebn penale \u201cMbajtja pa leje dhe prodhimi i arm\u00ebve, arm\u00ebve shp\u00ebrthyese dhe i municionit\u201d kryer n\u00eb bashk\u00ebpunim, n\u00eb form\u00eb t\u00eb grupit t\u00eb strukturuar kriminal t\u00eb parashikuar nga neni 278\/1 (para ndryshimeve t\u00eb p\u00ebsuara me ligjin nr.43, dat\u00eb 23.3.2021) dhe 28 pika 4 dhe n\u00eb baz\u00eb edhe t\u00eb nenit 334 pika 1 t\u00eb Kodit Penal, d\u00ebnimin e tij me 8 (tet\u00eb) vjet burgim.<\/span><\/p>\n<p><span style=\"color: #000000;\">-Deklarimin fajtor t\u00eb t\u00eb pandehurit R.S. p\u00ebr vepr\u00ebn penale \u201cGrupi i strukturuar kriminal\u201d, t\u00eb parashikuar nga neni 333\/a paragrafi 2 t\u00eb Kodit Penal dhe d\u00ebnimin e tij 3 (tre) vjet burgim.<\/span><\/p>\n<p><span style=\"color: #000000;\">-N\u00eb bashkim t\u00eb d\u00ebnimeve, sipas nenit 55 paragrafi i par\u00eb i Kodit Penal, d\u00ebnimin e t\u00eb pandehurit R.S. me nj\u00eb d\u00ebnim t\u00eb vet\u00ebm prej 17 (shtat\u00ebmb\u00ebdhjet\u00eb) vjet burgim<\/span><\/p>\n<p><span style=\"color: #000000;\">-Vuajtja e d\u00ebnimit fillon nga dita ndalimit dhe t\u00eb kryhet n\u00eb nj\u00eb burg t\u00eb siguris\u00eb s\u00eb lart\u00eb.<\/span><\/p>\n<p><span style=\"color: #000000;\">Deklarimin fajtor t\u00eb t\u00eb pandehurit S.\u00c7. p\u00ebr vepr\u00ebn penale \u201cVjedhja me arm\u00eb\u201d kryer n\u00eb bashk\u00ebpunim, n\u00eb form\u00eb t\u00eb grupit t\u00eb strukturuar kriminal t\u00eb parashikuar nga neni 140 dhe 28 pika 4 dhe n\u00eb baz\u00eb edhe t\u00eb nenit 334 pika 1 t\u00eb Kodit penal, d\u00ebnimin e tij me 16 (gjasht\u00ebmb\u00ebdhjet\u00eb) vjet burgim.<\/span><\/p>\n<p><span style=\"color: #000000;\">Deklarimin fajtor t\u00eb t\u00eb pandehurit S.\u00c7. p\u00ebr vepr\u00ebn penale \u201cMbajtja pa leje dhe prodhimi I arm\u00ebve, arm\u00ebve shp\u00ebrthyese dhe i municionit\u201d kryer n\u00eb bashk\u00ebpunim, n\u00eb form\u00eb t\u00eb grupit t\u00eb strukturuar kriminal t\u00eb parashikuar nga neni 278\/1 (para ndryshimeve t\u00eb p\u00ebsuara me ligjin nr.43, dat\u00eb 23.3.2021) dhe 28 pika 4 dhe n\u00eb baz\u00eb edhe t\u00eb nenit 334 pika 1 t\u00eb Kodit Penal, d\u00ebnimin e tij me 8 (tet\u00eb) vjet burgim.<\/span><\/p>\n<p><span style=\"color: #000000;\">-Deklarimin fajtor t\u00eb t\u00eb pandehurit S.\u00c7. p\u00ebr vepr\u00ebn penale \u201cGrupi i strukturuar kriminal\u201d, t\u00eb parashikuar nga neni 333\/a paragrafi 2 t\u00eb Kodit Penal dhe d\u00ebnimin e tij 3 (tre) vjet burgim.<\/span><\/p>\n<p><span style=\"color: #000000;\">-N\u00eb bashkim t\u00eb d\u00ebnimeve, sipas nenit 55 paragrafi i par\u00eb i Kodit Penal, d\u00ebnimin e t\u00eb pandehurit S.\u00c7. me nj\u00eb d\u00ebnim t\u00eb vet\u00ebm prej 17 (shtat\u00ebmb\u00ebdhjet\u00eb) vjet burgim.<\/span><\/p>\n<p><span style=\"color: #000000;\">-Vuajtja e d\u00ebnimit t\u00eb pandehurit i fillon nga dita e arrestimit dhe t\u00eb kryhet n\u00eb nj\u00eb burg t\u00eb siguris\u00eb s\u00eb lart\u00eb.<\/span><\/p>\n<p><span style=\"color: #000000;\">Deklarimin fajtor t\u00eb t\u00eb pandehurit E.P. p\u00ebr vepr\u00ebn penale \u201cVjedhja me arm\u00eb\u201d kryer n\u00eb bashk\u00ebpunim, n\u00eb form\u00eb t\u00eb grupit t\u00eb strukturuar kriminal t\u00eb parashikuar nga neni 140 dhe 28 pika 4 dhe n\u00eb baz\u00eb edhe t\u00eb nenit 334 pika 1 t\u00eb Kodit penal, d\u00ebnimin e tij me 16 (gjasht\u00ebmb\u00ebdhjet\u00eb) vjet burgim.<\/span><\/p>\n<p><span style=\"color: #000000;\">-Deklarimin fajtor t\u00eb t\u00eb pandehurit E.P. p\u00ebr vepr\u00ebn penale \u201cMbajtja pa leje dhe prodhimi i arm\u00ebve, arm\u00ebve shp\u00ebrthyese dhe i municionit\u201d kryer n\u00eb bashk\u00ebpunim, n\u00eb form\u00eb t\u00eb grupit t\u00eb strukturuar kriminal t\u00eb parashikuar nga neni 278\/1 (para ndryshimeve t\u00eb p\u00ebsuara me ligjin nr.43, dat\u00eb 23.3.2021) dhe 28 pika 4 dhe n\u00eb baz\u00eb edhe t\u00eb nenit 334 pika 1 t\u00eb Kodit Penal, d\u00ebnimin e tij me 8 (tet\u00eb) vjet burgim.<\/span><\/p>\n<p><span style=\"color: #000000;\">-Deklarimin fajtor t\u00eb t\u00eb pandehurit E.P. p\u00ebr vepr\u00ebn penale \u201cGrupi i strukturuar kriminal\u201d, t\u00eb parashikuar nga neni 333\/a paragrafi 2 t\u00eb Kodit Penal dhe d\u00ebnimin e tij 3 (tre) vjet burgim.<\/span><\/p>\n<p><span style=\"color: #000000;\">-N\u00eb bashkim t\u00eb d\u00ebnimeve, sipas nenit 55 paragrafi i par\u00eb i Kodit Penal, d\u00ebnimin e t\u00eb pandehurit E.P. me nj\u00eb d\u00ebnim t\u00eb vet\u00ebm prej 17 (shtat\u00ebmb\u00ebdhjet\u00eb) vjet burgim.<\/span><\/p>\n<p><span style=\"color: #000000;\">-Vuajtja e d\u00ebnimit t\u00eb pandehurit i fillon nga dita e ndalimit dhe t\u00eb kryhet n\u00eb nj\u00eb burg t\u00eb siguris\u00eb s\u00eb lart\u00eb.<\/span><\/p>\n<p><span style=\"color: #000000;\">Deklarimin fajtor t\u00eb t\u00eb pandehurit A.B. p\u00ebr vepr\u00ebn penale \u201cVjedhja me arm\u00eb\u201d kryer n\u00eb bashk\u00ebpunim, n\u00eb form\u00eb t\u00eb grupit t\u00eb strukturuar kriminal t\u00eb parashikuar nga neni 140 dhe 28 pika 4 dhe n\u00eb baz\u00eb edhe t\u00eb nenit 334 pika 1 t\u00eb Kodit Penal, d\u00ebnimin e tij me 16 (gjasht\u00ebmb\u00ebdhjet\u00eb) vjet burgim.<\/span><\/p>\n<p><span style=\"color: #000000;\">-Deklarimin fajtor t\u00eb t\u00eb pandehurit A.B. p\u00ebr vepr\u00ebn penale \u201cMbajtja pa leje dhe prodhimi i arm\u00ebve, arm\u00ebve shp\u00ebrthyese dhe i municionit\u201d kryer n\u00eb bashk\u00ebpunim, n\u00eb form\u00eb t\u00eb grupit t\u00eb strukturuar kriminal t\u00eb parashikuar nga neni 278\/1 (para ndryshimeve t\u00eb p\u00ebsuara me ligjin nr.43, dat\u00eb 23.3.2021) dhe 28 pika 4 dhe n\u00eb baz\u00eb edhe t\u00eb nenit 334 pika 1 t\u00eb Kodit Penal, d\u00ebnimin e tij me 8 (tet\u00eb) vjet burgim.<\/span><\/p>\n<p><span style=\"color: #000000;\">-Deklarimin fajtor t\u00eb t\u00eb pandehurit A.B. p\u00ebr vepr\u00ebn penale \u201cGrupi i strukturuar kriminal\u201d, t\u00eb parashikuar nga neni 333\/a paragrafi 2 t\u00eb Kodit Penal dhe d\u00ebnimin e tij me 3 (tre) vjet burgim.<\/span><\/p>\n<p><span style=\"color: #000000;\">-N\u00eb bashkim t\u00eb d\u00ebnimeve, sipas nenit 55 paragrafi i par\u00eb i Kodit Penal, d\u00ebnimin e t\u00eb pandehurit A.B. me nj\u00eb d\u00ebnim t\u00eb vet\u00ebm prej 17 (shtat\u00ebmb\u00ebdhjet\u00eb) vjet burgim.<\/span><\/p>\n<p><span style=\"color: #000000;\">-Vuajtja e d\u00ebnimit t\u00eb pandehurit i fillon nga dita e ndalimit dhe t\u00eb kryhet n\u00eb nj\u00eb burg t\u00eb siguris\u00eb s\u00eb lart\u00eb\u2026\u201d<\/span><\/p>\n<p><span style=\"color: #000000;\">N\u00eb p\u00ebrfundim, Gjykata e Posa\u00e7me e Apelit p\u00ebr Korrupsionin dhe Krimin e Organizuar vendosi:<\/span><\/p>\n<p><span style=\"color: #000000;\">L\u00ebnien n\u00eb fuqi t\u00eb vendimit nr. 56, dat\u00eb 05.10.2022 t\u00eb Gjykat\u00ebs s\u00eb Posa\u00e7me t\u00eb Shkall\u00ebs s\u00eb Par\u00eb p\u00ebr Korrupsionin dhe Krimin e Organizuar.<\/span><\/p>\n","protected":false,"gt_translate_keys":[{"key":"rendered","format":"html"}]},"excerpt":{"rendered":"<p>Apeli i Gjykat\u00ebs s\u00eb Posa\u00e7me t\u00eb Apelit p\u00ebr Korrupsionin dhe Krimin e Organizuar, ka dh\u00ebn\u00eb sot vendimet p\u00ebr shtat\u00eb t\u00eb pandehurit e grabitjes s\u00eb ndodhur n\u00eb Rinas, n\u00eb vitin 2022. Apeli ka d\u00ebnuar me 20 vite burg Klemend \u00c7al\u00ebn, nd\u00ebrsa Eldi \u00c7ala dhe t\u00eb pandehurit e tjer\u00eb, Oltjan Veseli, Renaldo Sula, Saimir \u00c7ela, Elton Pikli [&hellip;]<\/p>\n","protected":false,"gt_translate_keys":[{"key":"rendered","format":"html"}]},"author":32,"featured_media":608117,"comment_status":"closed","ping_status":"closed","sticky":false,"template":"","format":"standard","meta":{"footnotes":""},"categories":[65,13],"tags":[],"class_list":["post-608116","post","type-post","status-publish","format-standard","has-post-thumbnail","hentry","category-lajme","category-te-fundit"],"gt_translate_keys":[{"key":"link","format":"url"}],"_links":{"self":[{"href":"https:\/\/www.hashtag.al\/index.php\/wp-json\/wp\/v2\/posts\/608116","targetHints":{"allow":["GET"]}}],"collection":[{"href":"https:\/\/www.hashtag.al\/index.php\/wp-json\/wp\/v2\/posts"}],"about":[{"href":"https:\/\/www.hashtag.al\/index.php\/wp-json\/wp\/v2\/types\/post"}],"author":[{"embeddable":true,"href":"https:\/\/www.hashtag.al\/index.php\/wp-json\/wp\/v2\/users\/32"}],"replies":[{"embeddable":true,"href":"https:\/\/www.hashtag.al\/index.php\/wp-json\/wp\/v2\/comments?post=608116"}],"version-history":[{"count":0,"href":"https:\/\/www.hashtag.al\/index.php\/wp-json\/wp\/v2\/posts\/608116\/revisions"}],"wp:featuredmedia":[{"embeddable":true,"href":"https:\/\/www.hashtag.al\/index.php\/wp-json\/wp\/v2\/media\/608117"}],"wp:attachment":[{"href":"https:\/\/www.hashtag.al\/index.php\/wp-json\/wp\/v2\/media?parent=608116"}],"wp:term":[{"taxonomy":"category","embeddable":true,"href":"https:\/\/www.hashtag.al\/index.php\/wp-json\/wp\/v2\/categories?post=608116"},{"taxonomy":"post_tag","embeddable":true,"href":"https:\/\/www.hashtag.al\/index.php\/wp-json\/wp\/v2\/tags?post=608116"}],"curies":[{"name":"wp","href":"https:\/\/api.w.org\/{rel}","templated":true}]}}