{"id":608112,"date":"2023-07-26T11:44:54","date_gmt":"2023-07-26T09:44:54","guid":{"rendered":"https:\/\/www.hashtag.al\/?p=608112"},"modified":"2023-07-26T11:44:54","modified_gmt":"2023-07-26T09:44:54","slug":"asgjesohen-338-bime-kanabis-ne-lezhe-arrestohet-nje-person","status":"publish","type":"post","link":"https:\/\/www.hashtag.al\/index.php\/2023\/07\/26\/asgjesohen-338-bime-kanabis-ne-lezhe-arrestohet-nje-person\/","title":{"rendered":"Asgj\u00ebsohen 338 bim\u00eb kanabis n\u00eb Lezh\u00eb, arrestohet nj\u00eb person","gt_translate_keys":[{"key":"rendered","format":"text"}]},"content":{"rendered":"<p><span style=\"color: #000000;\"><a href=\"https:\/\/www.hashtag.al\/wp-content\/uploads\/2023\/07\/bf4b61aa-627d-4ad6-9fa4-cbbf88082d4b-1536x865-1.jpg\"><img loading=\"lazy\" decoding=\"async\" class=\"aligncenter size-full wp-image-608113\" src=\"https:\/\/www.hashtag.al\/wp-content\/uploads\/2023\/07\/bf4b61aa-627d-4ad6-9fa4-cbbf88082d4b-1536x865-1.jpg\" alt=\"\" width=\"1536\" height=\"865\" srcset=\"https:\/\/www.hashtag.al\/wp-content\/uploads\/2023\/07\/bf4b61aa-627d-4ad6-9fa4-cbbf88082d4b-1536x865-1.jpg 1536w, https:\/\/www.hashtag.al\/wp-content\/uploads\/2023\/07\/bf4b61aa-627d-4ad6-9fa4-cbbf88082d4b-1536x865-1-300x169.jpg 300w, https:\/\/www.hashtag.al\/wp-content\/uploads\/2023\/07\/bf4b61aa-627d-4ad6-9fa4-cbbf88082d4b-1536x865-1-1024x577.jpg 1024w, https:\/\/www.hashtag.al\/wp-content\/uploads\/2023\/07\/bf4b61aa-627d-4ad6-9fa4-cbbf88082d4b-1536x865-1-768x433.jpg 768w\" sizes=\"auto, (max-width: 1536px) 100vw, 1536px\" \/><\/a><\/span><\/p>\n<p><span style=\"color: #000000;\">Dit\u00ebn e sotme jan\u00eb asgj\u00ebsuar 338 bim\u00eb narkotike cannabis sativa q\u00eb u gjet\u00ebn t\u00eb kultivuara n\u00eb nj\u00eb parcel\u00eb toke n\u00eb fshatin Gjad\u00ebr, Lezh\u00eb.<\/span><\/p>\n<p><span style=\"color: #000000;\">Policia b\u00ebn me dije se \u00ebsht\u00eb arrestuar edhe autori i dyshuar t\u00eb kultivimit t\u00eb k\u00ebtyre bim\u00ebve, Ritvan Vilajeti.<\/span><\/p>\n<p><span style=\"color: #000000;\">&#8220;<em>N\u00eb zbatim t\u00eb planit operacional me q\u00ebllim parandalimin dhe goditjen e veprimtaris\u00eb kriminale t\u00eb kultivimit t\u00eb bim\u00ebve narkotike, sh\u00ebrbimet e Komisariatit t\u00eb Policis\u00eb Lezh\u00eb kan\u00eb organizuar dhe finalizuar faz\u00ebn e 31-t\u00eb t\u00eb megaoperacionit policor antikanabis n\u00eb nivel qarku, t\u00eb koduar \u201cImazhi\u201d.<\/em><\/span><\/p>\n<p><span style=\"color: #000000;\"><em>Gjat\u00eb k\u00ebsaj faze, si rezultat i kontrolleve nga toka dhe me dron\u00eb, n\u00eb fshatin Gjad\u00ebr nj\u00ebsia administrative Daj\u00e7, sh\u00ebrbimet e Policis\u00eb gjet\u00ebn t\u00eb kultivuara 338 bim\u00eb t\u00eb dyshuara narkotike cannabis sativa, t\u00eb cilat pas kryerjes s\u00eb veprimeve procedurale, u asgj\u00ebsuan n\u00ebp\u00ebrmjet djegies.N\u00eb vijim t\u00eb veprimeve t\u00eb thelluara hetimore, u b\u00eb i mundur identifikimi dhe ndalimi i autorit t\u00eb dyshuar t\u00eb kultivimit t\u00eb k\u00ebtyre bim\u00ebve narkotike, shtetasit R. V., 42 vje\u00e7, banues n\u00eb fshatin Kukel, Shkod\u00ebr.<\/em><\/span><\/p>\n<p><span style=\"color: #000000;\"><em>Vijon puna hetimore p\u00ebr identifikimin dhe kapjen e shtetasve t\u00eb tjer\u00eb t\u00eb p\u00ebrfshir\u00eb n\u00eb k\u00ebt\u00eb veprimtari kriminale.<\/em><\/span><\/p>\n<p><span style=\"color: #000000;\"><em>Materialet procedurale i kaluan Prokuroris\u00eb pran\u00eb Gjykat\u00ebs s\u00eb Shkall\u00ebs s\u00eb Par\u00eb t\u00eb Juridiksionit t\u00eb P\u00ebrgjithsh\u00ebm Lezh\u00eb, p\u00ebr veprime t\u00eb m\u00ebtejshme<\/em>&#8221; &#8211; njofton policia.\u00a0<\/span><\/p>\n","protected":false,"gt_translate_keys":[{"key":"rendered","format":"html"}]},"excerpt":{"rendered":"<p>Dit\u00ebn e sotme jan\u00eb asgj\u00ebsuar 338 bim\u00eb narkotike cannabis sativa q\u00eb u gjet\u00ebn t\u00eb kultivuara n\u00eb nj\u00eb parcel\u00eb toke n\u00eb fshatin Gjad\u00ebr, Lezh\u00eb. Policia b\u00ebn me dije se \u00ebsht\u00eb arrestuar edhe autori i dyshuar t\u00eb kultivimit t\u00eb k\u00ebtyre bim\u00ebve, Ritvan Vilajeti. &#8220;N\u00eb zbatim t\u00eb planit operacional me q\u00ebllim parandalimin dhe goditjen e veprimtaris\u00eb kriminale t\u00eb [&hellip;]<\/p>\n","protected":false,"gt_translate_keys":[{"key":"rendered","format":"html"}]},"author":32,"featured_media":608114,"comment_status":"closed","ping_status":"closed","sticky":false,"template":"","format":"standard","meta":{"footnotes":""},"categories":[65,13],"tags":[],"class_list":["post-608112","post","type-post","status-publish","format-standard","has-post-thumbnail","hentry","category-lajme","category-te-fundit"],"gt_translate_keys":[{"key":"link","format":"url"}],"_links":{"self":[{"href":"https:\/\/www.hashtag.al\/index.php\/wp-json\/wp\/v2\/posts\/608112","targetHints":{"allow":["GET"]}}],"collection":[{"href":"https:\/\/www.hashtag.al\/index.php\/wp-json\/wp\/v2\/posts"}],"about":[{"href":"https:\/\/www.hashtag.al\/index.php\/wp-json\/wp\/v2\/types\/post"}],"author":[{"embeddable":true,"href":"https:\/\/www.hashtag.al\/index.php\/wp-json\/wp\/v2\/users\/32"}],"replies":[{"embeddable":true,"href":"https:\/\/www.hashtag.al\/index.php\/wp-json\/wp\/v2\/comments?post=608112"}],"version-history":[{"count":0,"href":"https:\/\/www.hashtag.al\/index.php\/wp-json\/wp\/v2\/posts\/608112\/revisions"}],"wp:featuredmedia":[{"embeddable":true,"href":"https:\/\/www.hashtag.al\/index.php\/wp-json\/wp\/v2\/media\/608114"}],"wp:attachment":[{"href":"https:\/\/www.hashtag.al\/index.php\/wp-json\/wp\/v2\/media?parent=608112"}],"wp:term":[{"taxonomy":"category","embeddable":true,"href":"https:\/\/www.hashtag.al\/index.php\/wp-json\/wp\/v2\/categories?post=608112"},{"taxonomy":"post_tag","embeddable":true,"href":"https:\/\/www.hashtag.al\/index.php\/wp-json\/wp\/v2\/tags?post=608112"}],"curies":[{"name":"wp","href":"https:\/\/api.w.org\/{rel}","templated":true}]}}