{"id":607869,"date":"2023-07-24T21:24:39","date_gmt":"2023-07-24T19:24:39","guid":{"rendered":"https:\/\/www.hashtag.al\/?p=607869"},"modified":"2023-07-24T21:24:39","modified_gmt":"2023-07-24T19:24:39","slug":"bardhi-mesazh-bashes-zgjedhjet-per-kreun-e-pd-se-me-29-korrik-te-pavlefshme","status":"publish","type":"post","link":"https:\/\/www.hashtag.al\/index.php\/2023\/07\/24\/bardhi-mesazh-bashes-zgjedhjet-per-kreun-e-pd-se-me-29-korrik-te-pavlefshme\/","title":{"rendered":"Bardhi mesazh Bash\u00ebs: Zgjedhjet p\u00ebr kreun e PD-s\u00eb m\u00eb 29 korrik t\u00eb pavlefshme","gt_translate_keys":[{"key":"rendered","format":"text"}]},"content":{"rendered":"<p><img loading=\"lazy\" decoding=\"async\" class=\"aligncenter size-full wp-image-607870\" src=\"https:\/\/www.hashtag.al\/wp-content\/uploads\/2023\/07\/WhatsApp-Image-2023-07-24-at-20.58.25.jpeg\" alt=\"\" width=\"1600\" height=\"900\" srcset=\"https:\/\/www.hashtag.al\/wp-content\/uploads\/2023\/07\/WhatsApp-Image-2023-07-24-at-20.58.25.jpeg 1600w, https:\/\/www.hashtag.al\/wp-content\/uploads\/2023\/07\/WhatsApp-Image-2023-07-24-at-20.58.25-300x169.jpeg 300w, https:\/\/www.hashtag.al\/wp-content\/uploads\/2023\/07\/WhatsApp-Image-2023-07-24-at-20.58.25-1024x576.jpeg 1024w, https:\/\/www.hashtag.al\/wp-content\/uploads\/2023\/07\/WhatsApp-Image-2023-07-24-at-20.58.25-768x432.jpeg 768w, https:\/\/www.hashtag.al\/wp-content\/uploads\/2023\/07\/WhatsApp-Image-2023-07-24-at-20.58.25-1536x864.jpeg 1536w\" sizes=\"auto, (max-width: 1600px) 100vw, 1600px\" \/><\/p>\n<p><span style=\"color: #000000;\">Kreu i grupit parlamentar t\u00eb PD-s\u00eb Gazment Bardhi ka hedhur posht\u00eb akuzat nga grupi i Bash\u00ebs se \u00ebsht\u00eb n\u00eb marr\u00ebveshje me Berish\u00ebn. <\/span><\/p>\n<p><span style=\"color: #000000;\">N\u00eb nj\u00eb intervist\u00eb p\u00ebr gazetaren Elona Me\u00e7o n\u00eb emisionin \u2018Pa Censur\u00eb\u2019 n\u00eb RTSH, Bardhi tha se akuzat n\u00eb fjal\u00eb vijn\u00eb nga persona q\u00eb ndjekin interesin personal de q\u00eb b\u00ebjn\u00eb t\u00eb kund\u00ebrt\u00ebn e asaj q\u00eb kan\u00eb th\u00ebn\u00eb deri para nj\u00eb viti, duke n\u00ebnkuptuar ish-kreun e PD-s\u00eb Lulzim Basha. <\/span><\/p>\n<p><span style=\"color: #000000;\">Ai theksoi se nuk b\u00ebn asnj\u00eb mmarr\u00ebveshje p\u00ebr interesa personale nd\u00ebrsa shtoi se<\/span><\/p>\n<p><span style=\"color: #000000;\"><em>\u201c\u00cbsht\u00eb alibia e atyre q\u00eb kan\u00eb vendosur q\u00eb p\u00ebr interesat e tyre personale t\u00eb b\u00ebjn\u00eb t\u00eb kund\u00ebrt\u00ebn e atyre q\u00eb kan\u00eb th\u00ebn\u00eb deri para nj\u00eb viti. Para nj\u00eb viti p\u00ebr z. Berisha isha i shitur tek Edi Rama, sot p\u00ebr nj\u00eb pjes\u00eb brenda partis\u00eb jam i shitur tek z. Berisha. Mesa duket me k\u00ebt\u00eb tregojn\u00eb at\u00eb q\u00eb ata do mund t\u00eb b\u00ebnin, n\u00ebse do kishin n\u00eb dor\u00eb k\u00ebt\u00eb q\u00eb kam un\u00eb. Un\u00eb as nuk shitem, as nuk blihem, as nuk b\u00ebj marr\u00ebveshje p\u00ebr interesa personal\u00eb. N\u00ebse do ta kisha b\u00ebr\u00eb k\u00ebt\u00eb do t\u00eb kisha patur nj\u00eb qendrim tjet\u00ebr mbi at\u00eb q\u00eb po ndodh sot n\u00eb PD.\u201d<\/em> &#8211; tha Bardhi.<\/span><\/p>\n<p><span style=\"color: #000000;\">Ai sqaroi m\u00eb tej se mes tij dhe Sali Berish\u00ebs nuk ka ndryshuar asgj\u00eb dhe se mbi q\u00ebndrimet e Berish\u00ebs ndaj tij duhet pyetur ish-kryeministri.<\/span><\/p>\n<p><span style=\"color: #000000;\"><em>\u201cP\u00ebrsa m\u00eb p\u00ebrket, mes meje dhe zotit Berisha nuk po ndodh asgj\u00eb. P\u00ebr qendrimin e z. Berisha duhet t\u00eb pyesni at\u00eb. \u00cbsht\u00eb e \u00e7uditshme sesi m\u00eb k\u00ebrkohet mua llogari p\u00ebr qendrime q\u00eb z. Berisha mban ndaj meje. Nuk e kontrolloja dot z. Berisha, kur m\u00eb sulmonte, nuk e kontrolloj dot, kur m\u00eb lavd\u00ebron. Nga z. Berisha kam marr\u00eb duartrokitje jo p\u00ebr qendrime q\u00eb kan\u00eb lidhje me PD, por p\u00ebr qendrime n\u00eb raport me Edi Ram\u00ebn dhe qeverin\u00eb e tij. N\u00eb at\u00eb seanc\u00eb kam marr\u00eb duartrokitje edhe nga z. Basha dhe nga koleg\u00eb t\u00eb tjer\u00eb. Edhe un\u00eb, do t\u00eb duartrokas sa her\u00eb q\u00eb z. Berisha, z. Basha, nj\u00eb koleg, qytetar t\u00eb b\u00ebj\u00eb nj\u00eb aksion apo t\u00eb ket\u00eb nj\u00eb qendrim ndaj qeverisjes, nuk ka asgj\u00eb p\u00ebr t\u2018u habitur\u201d<\/em> &#8211; shtoi numri dy i selis\u00eb blu.<\/span><\/p>\n<p><span style=\"color: #000000;\">Bardhi theksoi se PD-ja dhe fronti opozitar duhet t\u00eb jet\u00eb i bashkuar n\u00eb luft\u00ebn ndaj Edi Ram\u00ebs. Ai pohoi gjithashtu se n\u00eb shtator \u00ebsht\u00eb i gatsh\u00ebm t\u00eb ulet me gjith\u00eb faktorin opozitar p\u00ebr bashk\u00ebrendimin e aksonit.<\/span><\/p>\n<p><span style=\"color: #000000;\"><em>\u201cNe do duhet t\u00eb ulemi p\u00ebr t\u00eb par\u00eb kush jan\u00eb zgjidhjet m\u00eb t\u00eb mira p\u00ebr PD dhe p\u00ebr t\u00eb gjith\u00eb opozit\u00ebn n\u00eb t\u00ebr\u00ebsi. Deri tani nuk ka ndodhur, por secili ka qendruar i ve\u00e7uar n\u00eb qendrimin e tij dhe ne nuk kemi patur mund\u00ebsi t\u00eb ballafaqojm\u00eb qendrimet se cila \u00ebsht\u00eb rruga m\u00eb e mir\u00eb p\u00ebr ta forcuar PD dhe opozit\u00ebn. N\u00ebse secili ec\u00ebn me mendjen e vet dhe vazhdon luft\u00eb brenda llojit, e sigurt\u00eb \u00ebsht\u00eb q\u00eb ne do t\u00eb dob\u00ebsohemi dhe Edi Rama do t\u00eb forcohet.\u201d<\/em> &#8211; theksoi Bardhi n\u00eb emisionin \u2018Pa Censur\u00eb\u2019.<\/span><\/p>\n<p><span style=\"color: #000000;\">Lidhur me \u00e7\u00ebshtjen e vul\u00ebs s\u00eb partis\u00eb, Bardhi tha se vendimi i marr\u00eb nga kryesia p\u00ebr t\u2019i hequr atij t\u00eb drejt\u00ebn e mbajtjes dhe p\u00ebrdorimit t\u00eb vul\u00ebs \u00ebsht\u00eb antistatutor.<\/span><\/p>\n<p><span style=\"color: #000000;\"><em>\u201cVul\u00ebn e kan\u00eb institucionet e PD, ato institucione q\u00eb statuti i ka ngarkuar me kompetenca dhe detyra statutore. Sipas statutit protokollimi, arkivimi, administrimi i vul\u00ebs dhe me radh\u00eb \u00ebsht\u00eb e drejt\u00eb e Sekretarit t\u00eb P\u00ebrgjithsh\u00ebm. Kryesia e partis\u00eb nuk ka asnj\u00eb kompetenc\u00eb lidhur m\u00eb k\u00ebt\u00eb \u00e7\u00ebshtje. Kjo nuk \u00ebsht\u00eb betej\u00eb kush mban vul\u00ebn. Beteja q\u00eb po b\u00ebj nuk b\u00ebhet as p\u00ebr vul\u00eb, as p\u00ebr karrige. Ia kam l\u00ebn\u00eb t\u00eb tjer\u00ebve k\u00ebt\u00eb. Beteja ime \u00ebsht\u00eb q\u00eb PD t\u00eb mos shkoj\u00eb nga nj\u00eb p\u00ebr\u00e7arje n\u00eb nj\u00eb p\u00ebr\u00e7arje tjet\u00ebr, q\u00eb e zvog\u00eblon PD. Proceset q\u00eb lidhen ngusht\u00eb me interesat e nj\u00eb individi as nuk i kam mb\u00ebshtetur, se nuk i mb\u00ebshtes.\u201d<\/em> &#8211; tha Bardhi, pasi 15 an\u00ebtar\u00eb t\u00eb kryesis\u00eb vendos\u00ebn p\u00ebr t\u2019ia dh\u00ebn\u00eb k\u00ebt\u00eb detyr\u00eb Sekretarit Zgjedhor.<\/span><\/p>\n<p><span style=\"color: #000000;\">N\u00eb fund Bardhi tha se procesi i thirrur n\u00eb 29 korrik p\u00ebr zgjedhjen e kreut t\u00eb ri t\u00eb PD-s \u00ebsht\u00eb i pavlefsh\u00ebm.<\/span><\/p>\n<p><span style=\"color: #000000;\"><em>\u201cKushdo mund t\u00eb kryej\u00eb procese q\u00eb jan\u00eb jostatuore. Mund t\u2019i kryej\u00eb n\u00eb sht\u00ebpi, n\u00eb kafe.\u00a0 Ajo q\u00eb di un\u00eb se n\u00eb 29 korrik nuk ka zgjedhje p\u00ebr kryetar t\u00eb PD p\u00ebr sa koh\u00eb nuk ka nj\u00eb vendim t\u00eb K\u00ebshillit Komb\u00ebtar. Pastaj, kushdo mund t\u2019i vendos\u00eb nj\u00eb kuror\u00eb vetes dhe thot\u00eb se \u00ebsht\u00eb mbreti i Anglis\u00eb, thot\u00eb se \u00ebsht\u00eb kryetar i partis\u00eb, por kryetar partie b\u00ebhesh sipas rregullave t\u00eb bashk\u00ebjetes\u00ebs q\u00eb p\u00ebrcaktohen n\u00eb statut. Kushdo \u00ebsht\u00eb i lir\u00eb t\u00eb vet\u00ebshpallet \u00e7far\u00eb ka d\u00ebshir\u00eb, e r\u00ebnd\u00ebsishme \u00ebsht\u00eb \u00e7far\u00eb \u00ebsht\u00eb statutore, \u00e7far\u00eb \u00ebsht\u00eb e ligjshme.\u201d<\/em> &#8211; mbylli Bardhi.<\/span><\/p>\n","protected":false,"gt_translate_keys":[{"key":"rendered","format":"html"}]},"excerpt":{"rendered":"<p>Kreu i grupit parlamentar t\u00eb PD-s\u00eb Gazment Bardhi ka hedhur posht\u00eb akuzat nga grupi i Bash\u00ebs se \u00ebsht\u00eb n\u00eb marr\u00ebveshje me Berish\u00ebn. N\u00eb nj\u00eb intervist\u00eb p\u00ebr gazetaren Elona Me\u00e7o n\u00eb emisionin \u2018Pa Censur\u00eb\u2019 n\u00eb RTSH, Bardhi tha se akuzat n\u00eb fjal\u00eb vijn\u00eb nga persona q\u00eb ndjekin interesin personal de q\u00eb b\u00ebjn\u00eb t\u00eb kund\u00ebrt\u00ebn e asaj [&hellip;]<\/p>\n","protected":false,"gt_translate_keys":[{"key":"rendered","format":"html"}]},"author":51,"featured_media":607870,"comment_status":"closed","ping_status":"closed","sticky":false,"template":"","format":"standard","meta":{"footnotes":""},"categories":[22],"tags":[],"class_list":["post-607869","post","type-post","status-publish","format-standard","has-post-thumbnail","hentry","category-ballina"],"gt_translate_keys":[{"key":"link","format":"url"}],"_links":{"self":[{"href":"https:\/\/www.hashtag.al\/index.php\/wp-json\/wp\/v2\/posts\/607869","targetHints":{"allow":["GET"]}}],"collection":[{"href":"https:\/\/www.hashtag.al\/index.php\/wp-json\/wp\/v2\/posts"}],"about":[{"href":"https:\/\/www.hashtag.al\/index.php\/wp-json\/wp\/v2\/types\/post"}],"author":[{"embeddable":true,"href":"https:\/\/www.hashtag.al\/index.php\/wp-json\/wp\/v2\/users\/51"}],"replies":[{"embeddable":true,"href":"https:\/\/www.hashtag.al\/index.php\/wp-json\/wp\/v2\/comments?post=607869"}],"version-history":[{"count":0,"href":"https:\/\/www.hashtag.al\/index.php\/wp-json\/wp\/v2\/posts\/607869\/revisions"}],"wp:featuredmedia":[{"embeddable":true,"href":"https:\/\/www.hashtag.al\/index.php\/wp-json\/wp\/v2\/media\/607870"}],"wp:attachment":[{"href":"https:\/\/www.hashtag.al\/index.php\/wp-json\/wp\/v2\/media?parent=607869"}],"wp:term":[{"taxonomy":"category","embeddable":true,"href":"https:\/\/www.hashtag.al\/index.php\/wp-json\/wp\/v2\/categories?post=607869"},{"taxonomy":"post_tag","embeddable":true,"href":"https:\/\/www.hashtag.al\/index.php\/wp-json\/wp\/v2\/tags?post=607869"}],"curies":[{"name":"wp","href":"https:\/\/api.w.org\/{rel}","templated":true}]}}