{"id":607362,"date":"2023-07-21T13:02:12","date_gmt":"2023-07-21T11:02:12","guid":{"rendered":"https:\/\/www.hashtag.al\/?p=607362"},"modified":"2023-07-21T13:59:56","modified_gmt":"2023-07-21T11:59:56","slug":"berisha-akuza-rames-kreu-i-skemes-mafioze-te-djegesave-edhe-niko-i-zhytur-ne-pleh-veliaj-e-ahmetaj-jane-aty","status":"publish","type":"post","link":"https:\/\/www.hashtag.al\/index.php\/2023\/07\/21\/berisha-akuza-rames-kreu-i-skemes-mafioze-te-djegesave-edhe-niko-i-zhytur-ne-pleh-veliaj-e-ahmetaj-jane-aty\/","title":{"rendered":"Berisha akuza Ram\u00ebs: Kreu i skem\u00ebs mafioze t\u00eb djeg\u00ebsave, edhe Niko i zhytur n\u00eb pleh, Veliaj e Ahmetaj jan\u00eb aty\u2026","gt_translate_keys":[{"key":"rendered","format":"text"}]},"content":{"rendered":"<p><img loading=\"lazy\" decoding=\"async\" class=\"aligncenter size-full wp-image-607363\" src=\"https:\/\/www.hashtag.al\/wp-content\/uploads\/2023\/07\/berisha233.jpeg\" alt=\"\" width=\"1600\" height=\"820\" srcset=\"https:\/\/www.hashtag.al\/wp-content\/uploads\/2023\/07\/berisha233.jpeg 1600w, https:\/\/www.hashtag.al\/wp-content\/uploads\/2023\/07\/berisha233-300x154.jpeg 300w, https:\/\/www.hashtag.al\/wp-content\/uploads\/2023\/07\/berisha233-1024x525.jpeg 1024w, https:\/\/www.hashtag.al\/wp-content\/uploads\/2023\/07\/berisha233-768x394.jpeg 768w, https:\/\/www.hashtag.al\/wp-content\/uploads\/2023\/07\/berisha233-1536x787.jpeg 1536w, https:\/\/www.hashtag.al\/wp-content\/uploads\/2023\/07\/berisha233-568x290.jpeg 568w\" sizes=\"auto, (max-width: 1600px) 100vw, 1600px\" \/><\/p>\n<p><span style=\"color: #000000;\">Kreu i Rithemelimit t\u00eb PD-s\u00eb Berisha akuzoi kryeministrin Rama si p\u00ebrgjegj\u00ebs lidhur me \u00e7\u00ebshtjen e incenerator\u00ebve. <\/span><\/p>\n<p><span style=\"color: #000000;\">Ai tha se kreu i qeveris\u00eb ka firm\u00ebn e tij mbi financimin e inceneratorit t\u00eb Elbasanit p\u00ebrmes fondit rezerv\u00eb t\u00eb K\u00ebshillit t\u00eb Ministrave. <\/span><\/p>\n<p><span style=\"color: #000000;\">Gjat\u00eb nj\u00eb bashk\u00ebbisedimi me gazetar\u00ebt Berisha theksoi se p\u00ebrmes afer\u00ebs mafioze Rama synonte t\u00eb pasuronte jo vet\u00ebm veten po edhe brezat e tij.<\/span><\/p>\n<p><span style=\"color: #000000;\"><em>\u201cEdi Rama ka nj\u00eb problem tjet\u00ebr madhor. Problemi i tij madhor \u00ebsht\u00eb se ka firm\u00ebn e tij mbi financimin me parat\u00eb e fondit rezerv\u00eb t\u00eb K\u00ebshillit t\u00eb Ministrave, t\u00eb djeg\u00ebsit t\u00eb Elbasanit. Pra, kjo e b\u00ebn at\u00eb p\u00ebrgjegj\u00ebsin m\u00eb kryesor n\u00eb zbatimin e k\u00ebtij projekti mafioz. Kurr\u00eb ai nuk mund t\u00eb prek\u00eb at\u00eb fond p\u00ebr k\u00ebto q\u00ebllime. Kurr\u00eb! Por ai e ka b\u00ebr\u00eb se e kishte sip\u00ebrmarrjen e tij. E fundit te firmat \u00ebsht\u00eb firma e tij fatale mbi dh\u00ebnien e bonusit prej 8 pik\u00ebsh t\u00eb nj\u00eb kompanie q\u00eb nuk ekzistonte kurr\u00eb, tet\u00eb muaj p\u00ebrpara se ajo t\u00eb themelohej. Dh\u00ebnia n\u00eb dhjetor t\u00eb vitit 2016 p\u00ebr kompanin\u00eb Integrated, edhe pse Ermonela Felaj e ka informuar me shkres\u00eb se kjo nuk mund t\u00eb ndodh\u00eb pasi kompania nuk ekziston. Ky ishte projekti i djeg\u00ebsit t\u00eb Tiran\u00ebs me t\u00eb cilin jo vet\u00ebm ai, por edhe gjeneratat q\u00eb do vijn\u00eb do t\u00eb b\u00ebheshin t\u00eb pasur.\u201d<\/em> &#8211; tha Berisha.<\/span><\/p>\n<p><span style=\"color: #000000;\">Berisha shtoi se nd\u00ebrsa Rama ka deklaruar se inceneratori i Tiran\u00ebs \u00ebsht\u00eb kompani e dyshes Zoto-M\u00ebrtiri, k\u00ebta t\u00eb dy edhe n\u00eb arrati marrin \u00e7do dit\u00eb nga 90 mij\u00eb euro. <\/span><\/p>\n<p><span style=\"color: #000000;\">Ish-kryeministri tha se pjes\u00eb e afer\u00ebs jan\u00eb edhe Ahmetaj, Veliaj, Peleshi e shum\u00eb zyrtar\u00eb t\u00eb tj\u00ebr\u00eb.<\/span><\/p>\n<p><span style=\"color: #000000;\"><em>\u201cKryeminist\u00ebr n\u00eb bot\u00eb q\u00eb pretendon se djeg\u00ebsi i Tiran\u00ebs \u00ebsht\u00eb nj\u00eb kompani e Zoto-M\u00ebrtirit dhe q\u00eb t\u00eb dy jan\u00eb me mandat arresti dhe n\u00eb k\u00ebrkim, paguhen \u00e7do dit\u00eb 90 mij\u00eb euro, paguhen mbi 2 milion\u00eb euro n\u00eb muaj, kjo ndodh vet\u00ebm se \u00ebsht\u00eb sip\u00ebrmarrja e tij. Kur vjen puna, ai ka b\u00ebr\u00eb ligjin e konfiskimit, autorizon veten e tij p\u00ebr t\u00eb konfiskuar, q\u00eb nuk ndodh as n\u00eb diktatura. Por kur \u00ebsht\u00eb puna, at\u00eb ligj e ka p\u00ebr t\u00eb tjer\u00ebt, jo p\u00ebr sip\u00ebrmarrjen e vet. Sip\u00ebrmarrja e vet vazhdon t\u00eb furnizohet dhe paguhet n\u00eb kund\u00ebrshtim me ligjin nga parat\u00eb e taksapaguesve shqiptar\u00eb dhe Edi Ram\u00ebs t\u2019i shtohen kontot bashk\u00eb me Erion Veliajn. Nuk ka firmosur rast\u00ebsisht Niko aty, \u00ebsht\u00eb i zhytur edhe ai n\u00eb pleh. Do dalin edhe dokumentet p\u00ebr zhytjen e tij. Do t\u00eb shihni ju se si k\u00ebta an\u00ebtar\u00eb t\u00eb organizat\u00ebs kriminale, kan\u00eb shkelmuar \u00e7do interes t\u00eb qytetar\u00ebve shqiptar\u00eb. Ahmetaj \u00ebsht\u00eb, pavar\u00ebsisht se nuk \u00ebsht\u00eb akuzuar p\u00ebr dy gj\u00ebrat kryesore, p\u00ebr dh\u00ebnien, miratimin, p\u00ebr procedur\u00ebn me negociata t\u00eb mbyllura, Ahmetaj ka dh\u00ebn\u00eb miratimin. Fondi rezerv\u00eb i K\u00ebshillit t\u00eb Ministrave nuk mund t\u00eb preket pa firm\u00ebn e ministrit t\u00eb Financave. U zhvilluan pothuajse nj\u00eb jav\u00eb negociata me t\u00eb dhe nuk pati rezultat dhe dje u l\u00ebshua mandati i arrestit.\u201d<\/em> \u2013 tha Berisha.<\/span><\/p>\n","protected":false,"gt_translate_keys":[{"key":"rendered","format":"html"}]},"excerpt":{"rendered":"<p>Kreu i Rithemelimit t\u00eb PD-s\u00eb Berisha akuzoi kryeministrin Rama si p\u00ebrgjegj\u00ebs lidhur me \u00e7\u00ebshtjen e incenerator\u00ebve. Ai tha se kreu i qeveris\u00eb ka firm\u00ebn e tij mbi financimin e inceneratorit t\u00eb Elbasanit p\u00ebrmes fondit rezerv\u00eb t\u00eb K\u00ebshillit t\u00eb Ministrave. Gjat\u00eb nj\u00eb bashk\u00ebbisedimi me gazetar\u00ebt Berisha theksoi se p\u00ebrmes afer\u00ebs mafioze Rama synonte t\u00eb pasuronte jo [&hellip;]<\/p>\n","protected":false,"gt_translate_keys":[{"key":"rendered","format":"html"}]},"author":51,"featured_media":607363,"comment_status":"closed","ping_status":"closed","sticky":false,"template":"","format":"standard","meta":{"footnotes":""},"categories":[65,13],"tags":[],"class_list":["post-607362","post","type-post","status-publish","format-standard","has-post-thumbnail","hentry","category-lajme","category-te-fundit"],"gt_translate_keys":[{"key":"link","format":"url"}],"_links":{"self":[{"href":"https:\/\/www.hashtag.al\/index.php\/wp-json\/wp\/v2\/posts\/607362","targetHints":{"allow":["GET"]}}],"collection":[{"href":"https:\/\/www.hashtag.al\/index.php\/wp-json\/wp\/v2\/posts"}],"about":[{"href":"https:\/\/www.hashtag.al\/index.php\/wp-json\/wp\/v2\/types\/post"}],"author":[{"embeddable":true,"href":"https:\/\/www.hashtag.al\/index.php\/wp-json\/wp\/v2\/users\/51"}],"replies":[{"embeddable":true,"href":"https:\/\/www.hashtag.al\/index.php\/wp-json\/wp\/v2\/comments?post=607362"}],"version-history":[{"count":0,"href":"https:\/\/www.hashtag.al\/index.php\/wp-json\/wp\/v2\/posts\/607362\/revisions"}],"wp:featuredmedia":[{"embeddable":true,"href":"https:\/\/www.hashtag.al\/index.php\/wp-json\/wp\/v2\/media\/607363"}],"wp:attachment":[{"href":"https:\/\/www.hashtag.al\/index.php\/wp-json\/wp\/v2\/media?parent=607362"}],"wp:term":[{"taxonomy":"category","embeddable":true,"href":"https:\/\/www.hashtag.al\/index.php\/wp-json\/wp\/v2\/categories?post=607362"},{"taxonomy":"post_tag","embeddable":true,"href":"https:\/\/www.hashtag.al\/index.php\/wp-json\/wp\/v2\/tags?post=607362"}],"curies":[{"name":"wp","href":"https:\/\/api.w.org\/{rel}","templated":true}]}}