{"id":607359,"date":"2023-07-21T12:51:48","date_gmt":"2023-07-21T10:51:48","guid":{"rendered":"https:\/\/www.hashtag.al\/?p=607359"},"modified":"2023-07-21T12:51:48","modified_gmt":"2023-07-21T10:51:48","slug":"berisha-rama-i-zhytur-koke-e-kembe-te-afera-e-inceneratoreve-kerkon-te-beje-kurban-peleshin","status":"publish","type":"post","link":"https:\/\/www.hashtag.al\/index.php\/2023\/07\/21\/berisha-rama-i-zhytur-koke-e-kembe-te-afera-e-inceneratoreve-kerkon-te-beje-kurban-peleshin\/","title":{"rendered":"Berisha: Rama i zhytur kok\u00eb e k\u00ebmb\u00eb te afera e incenerator\u00ebve, k\u00ebrkon t\u00eb b\u00ebj\u00eb kurban Peleshin","gt_translate_keys":[{"key":"rendered","format":"text"}]},"content":{"rendered":"<p><span style=\"color: #000000;\"><img loading=\"lazy\" decoding=\"async\" class=\"aligncenter size-full wp-image-607360\" src=\"https:\/\/www.hashtag.al\/wp-content\/uploads\/2023\/07\/berishaaa-2.jpg\" alt=\"\" width=\"1024\" height=\"683\" srcset=\"https:\/\/www.hashtag.al\/wp-content\/uploads\/2023\/07\/berishaaa-2.jpg 1024w, https:\/\/www.hashtag.al\/wp-content\/uploads\/2023\/07\/berishaaa-2-300x200.jpg 300w, https:\/\/www.hashtag.al\/wp-content\/uploads\/2023\/07\/berishaaa-2-768x512.jpg 768w\" sizes=\"auto, (max-width: 1024px) 100vw, 1024px\" \/><\/span><\/p>\n<p><span style=\"color: #000000;\">Kreu i Rithemelimit t\u00eb PD-s\u00eb Sali Berisha ka akuzuar kryeministrin Rama si p\u00ebrgjegj\u00ebsin kryesor t\u00eb \u00e7\u00ebshtjes s\u00eb incenerator\u00ebve. <\/span><\/p>\n<p><span style=\"color: #000000;\">N\u00eb nj\u00eb komunikim me mediat, ai tha se Rama \u00ebsht\u00eb i zhytur kok\u00eb e k\u00ebmb\u00eb te incenerator\u00ebt dhe se asnj\u00eb zv.kryeminist\u00ebr nuk mund t\u00eb firmos\u00eb pa u autorizuar nga kryeministri.<\/span><\/p>\n<p><span style=\"color: #000000;\"><em>\u201cS\u00eb pari, Edi Rama \u00ebsht\u00eb kok\u00eb e k\u00ebmb\u00eb dhe me firm\u00ebn e tij i zhytur dhe kryesor n\u00eb afer\u00ebn e djeg\u00ebsave.\u00a0<\/em><em>K\u00ebtu, un\u00eb kam nj\u00eb vendim t\u00eb dat\u00ebs 2 n\u00ebntor t\u00eb vitit 2014. Edi Rama me firm\u00ebn e tij rishikon buxhetin afatmes\u00ebm dhe fut n\u00eb k\u00ebt\u00eb rishikim djeg\u00ebsin e Elbasanit, kontrata p\u00ebr t\u00eb cilin do firmosej vet\u00ebm nj\u00eb muaj m\u00eb von\u00eb. Kjo shkres\u00eb \u00ebsht\u00eb e dat\u00ebs 2 n\u00ebntor, n\u00eb nj\u00eb koh\u00eb kur kontrata \u00ebsht\u00eb firmosur dit\u00ebn fatale, si\u00e7 e kan\u00eb quajtur mediat, t\u00eb qeveris\u00eb p\u00ebr djeg\u00ebsat, 16 ose 17 dhjetorin. S\u00eb dyti, Edi Rama \u00ebsht\u00eb personi q\u00eb ka firmosur lejen e nd\u00ebrtimit t\u00eb djeg\u00ebsit t\u00eb Elbasanit. Kryetari i komitetit nd\u00ebrministror t\u00eb emergjenc\u00ebs civile, e ka quajtur veten Edi Rama dhe keni k\u00ebtu t\u00eb firmosur planimetrin\u00eb dhe lejen e nd\u00ebrtimit. S\u00eb treti, Edi Rama, tani t\u00eb lexojm\u00eb pak shkres\u00ebn, sepse k\u00ebtu Peleshi ka firmosur n\u00eb nj\u00eb shkres\u00eb ku thot\u00eb n\u00eb munges\u00eb dhe me porosi. P\u00ebr kryeministrin e vendit nuk mund t\u00eb firmos\u00eb kurr\u00eb kush pa autorizimin e tij.\u201d<\/em> &#8211; tha Berisha.<\/span><\/p>\n<p><span style=\"color: #000000;\">Ai shtoi se Rama k\u00ebrkon t\u00eb shp\u00ebtoj\u00eb veten duke b\u00ebr\u00eb kurban ministrin Niko Peleshi por kjo sipas Berisha nuk mund t\u00eb ndodh\u00eb, duke shtuar se Peleshi ka p\u00ebrgjegj\u00ebsin\u00eb e tij n\u00eb \u00e7\u00ebshtjen e incenerator\u00ebve.<\/span><\/p>\n<p><span style=\"color: #000000;\"><em>\u201cMund t\u00eb jet\u00eb pes\u00eb z\u00ebvend\u00ebskryeministra, asnj\u00ebri nuk mund t\u00eb firmos\u00eb n\u00ebse nuk autorizohet nga kryeministri. Autorizimi i kryeministrit p\u00ebr firm\u00ebn mbi dokument \u00ebsht\u00eb p\u00ebrgjegj\u00ebsi e plot\u00eb e kryeministrit. Dmth autorizimi q\u00eb i b\u00ebn kryeministri, e b\u00ebn at\u00eb p\u00ebrgjegj\u00ebs nj\u00eblloj, sikur ka firmosur vet\u00eb sepse K\u00ebshilli i Ministrave me Kushtetut\u00eb, drejtohet nga kryeministri dhe jo nga z\u00ebvend\u00ebsi. N\u00eb \u00e7do rast, kur nj\u00eb firm\u00eb vihet n\u00eb munges\u00eb dhe me porosi, p\u00ebrgjegj\u00ebsia e par\u00eb \u00ebsht\u00eb e atij q\u00eb ka porositur. Se si mendon Rama t\u00eb shp\u00ebtoj\u00eb, duke b\u00ebr\u00eb kurban Peleshin, kjo nuk mund t\u00eb ndodh\u00eb. Nuk ka drejt\u00ebsi n\u00eb bot\u00eb q\u00eb mund ta b\u00ebj\u00eb k\u00ebt\u00eb. Peleshi \u00ebsht\u00eb p\u00ebrgjegj\u00ebs vet\u00eb se ka firmosur nj\u00eb akt t\u00eb kund\u00ebrligjsh\u00ebm dhe \u00e7do njeri q\u00eb vepron n\u00eb kund\u00ebrshtim me ligjin, \u00ebsht\u00eb p\u00ebrgjegj\u00ebs p\u00ebr veprimin e tij p\u00ebrpara ligjit. ndaj kjo jo nuk e leht\u00ebson Ram\u00ebn, por p\u00ebrkundrazi b\u00ebn p\u00ebrgjegj\u00ebs Ram\u00ebn dhe z\u00ebvend\u00ebsin e tij, i cili mesa duket do t\u00eb shkoj\u00eb bashk\u00eb me t\u00eb.\u201d <\/em>&#8211; shtoi Berisha.<\/span><\/p>\n","protected":false,"gt_translate_keys":[{"key":"rendered","format":"html"}]},"excerpt":{"rendered":"<p>Kreu i Rithemelimit t\u00eb PD-s\u00eb Sali Berisha ka akuzuar kryeministrin Rama si p\u00ebrgjegj\u00ebsin kryesor t\u00eb \u00e7\u00ebshtjes s\u00eb incenerator\u00ebve. N\u00eb nj\u00eb komunikim me mediat, ai tha se Rama \u00ebsht\u00eb i zhytur kok\u00eb e k\u00ebmb\u00eb te incenerator\u00ebt dhe se asnj\u00eb zv.kryeminist\u00ebr nuk mund t\u00eb firmos\u00eb pa u autorizuar nga kryeministri. \u201cS\u00eb pari, Edi Rama \u00ebsht\u00eb kok\u00eb e [&hellip;]<\/p>\n","protected":false,"gt_translate_keys":[{"key":"rendered","format":"html"}]},"author":51,"featured_media":607360,"comment_status":"closed","ping_status":"closed","sticky":false,"template":"","format":"standard","meta":{"footnotes":""},"categories":[65],"tags":[],"class_list":["post-607359","post","type-post","status-publish","format-standard","has-post-thumbnail","hentry","category-lajme"],"gt_translate_keys":[{"key":"link","format":"url"}],"_links":{"self":[{"href":"https:\/\/www.hashtag.al\/index.php\/wp-json\/wp\/v2\/posts\/607359","targetHints":{"allow":["GET"]}}],"collection":[{"href":"https:\/\/www.hashtag.al\/index.php\/wp-json\/wp\/v2\/posts"}],"about":[{"href":"https:\/\/www.hashtag.al\/index.php\/wp-json\/wp\/v2\/types\/post"}],"author":[{"embeddable":true,"href":"https:\/\/www.hashtag.al\/index.php\/wp-json\/wp\/v2\/users\/51"}],"replies":[{"embeddable":true,"href":"https:\/\/www.hashtag.al\/index.php\/wp-json\/wp\/v2\/comments?post=607359"}],"version-history":[{"count":0,"href":"https:\/\/www.hashtag.al\/index.php\/wp-json\/wp\/v2\/posts\/607359\/revisions"}],"wp:featuredmedia":[{"embeddable":true,"href":"https:\/\/www.hashtag.al\/index.php\/wp-json\/wp\/v2\/media\/607360"}],"wp:attachment":[{"href":"https:\/\/www.hashtag.al\/index.php\/wp-json\/wp\/v2\/media?parent=607359"}],"wp:term":[{"taxonomy":"category","embeddable":true,"href":"https:\/\/www.hashtag.al\/index.php\/wp-json\/wp\/v2\/categories?post=607359"},{"taxonomy":"post_tag","embeddable":true,"href":"https:\/\/www.hashtag.al\/index.php\/wp-json\/wp\/v2\/tags?post=607359"}],"curies":[{"name":"wp","href":"https:\/\/api.w.org\/{rel}","templated":true}]}}