{"id":607349,"date":"2023-07-21T12:06:31","date_gmt":"2023-07-21T10:06:31","guid":{"rendered":"https:\/\/www.hashtag.al\/?p=607349"},"modified":"2023-07-21T12:07:03","modified_gmt":"2023-07-21T10:07:03","slug":"pl-thirrje-spak-ut-heto-veliajn-pwr-inceneratorin-e-tiranws-wshtw-propozuesi-ideatori-e-zbatuesi-i-aferws-korruptive","status":"publish","type":"post","link":"https:\/\/www.hashtag.al\/index.php\/2023\/07\/21\/pl-thirrje-spak-ut-heto-veliajn-pwr-inceneratorin-e-tiranws-wshtw-propozuesi-ideatori-e-zbatuesi-i-aferws-korruptive\/","title":{"rendered":"PL thirrje SPAK-ut: Heto Veliajn p\u00ebr inceneratorin e Tiran\u00ebs, \u00ebsht\u00eb propozuesi, ideatori e zbatuesi i afer\u00ebs korruptive","gt_translate_keys":[{"key":"rendered","format":"text"}]},"content":{"rendered":"<p><img loading=\"lazy\" decoding=\"async\" class=\"aligncenter size-full wp-image-607350\" src=\"https:\/\/www.hashtag.al\/wp-content\/uploads\/2023\/07\/veliajbraimllari.jpg\" alt=\"\" width=\"2000\" height=\"1000\" srcset=\"https:\/\/www.hashtag.al\/wp-content\/uploads\/2023\/07\/veliajbraimllari.jpg 2000w, https:\/\/www.hashtag.al\/wp-content\/uploads\/2023\/07\/veliajbraimllari-300x150.jpg 300w, https:\/\/www.hashtag.al\/wp-content\/uploads\/2023\/07\/veliajbraimllari-1024x512.jpg 1024w, https:\/\/www.hashtag.al\/wp-content\/uploads\/2023\/07\/veliajbraimllari-768x384.jpg 768w, https:\/\/www.hashtag.al\/wp-content\/uploads\/2023\/07\/veliajbraimllari-1536x768.jpg 1536w\" sizes=\"auto, (max-width: 2000px) 100vw, 2000px\" \/><\/p>\n<p><span style=\"color: #000000;\">Partia e Liris\u00eb ka akuzuar kryebashkiakun e Tiran\u00ebs Veliaj si t\u00eb p\u00ebrfshir\u00eb n\u00eb \u00e7\u00ebshtjen e inceneratorit t\u00eb Tiran\u00ebs duke i b\u00ebr\u00eb thirrje SPAK-ut q\u00eb ta hetoj\u00eb at\u00eb dhe t\u00eb gjith\u00eb zyrtar\u00ebt e tjer\u00eb t\u00eb bashkis\u00eb. <\/span><\/p>\n<p><span style=\"color: #000000;\">N\u00eb deklarat\u00ebn p\u00ebr mediat, an\u00ebtari i K\u00ebshillit Bashkiak Endrit Braimllari, tha se SPAK duhet t\u00eb nd\u00ebrprer\u00eb menj\u00ebher\u00eb pagesat p\u00ebr inceneratorin e Tiran\u00ebs. Braimllari theksoi se Veliaj \u00ebsht\u00eb propozuesi, ideatori e zbatuesi i afer\u00ebs s\u00eb inceneratorit t\u00eb Tiran\u00ebs.<\/span><\/p>\n<p><span style=\"color: #000000;\"><strong>Deklarata e Braimllarit<\/strong><\/span><\/p>\n<p><span style=\"color: #000000;\"><em>\u201cErion Veliaj \u00ebsht\u00eb i tmerruar nga mega afera korruptive e inceneratorit t\u00eb Tiran\u00ebs. Dje n\u00eb mbledhjen e e K\u00ebshillit Bashkiak, shum\u00eb e r\u00ebnd\u00ebsishme p\u00ebr Tiran\u00ebn pasi diskutohej projekt buxheti 2024-2026 i bashkis\u00eb; Erion Veliaj nuk pati guxim t\u00eb p\u00ebrballej me k\u00ebshiltar\u00ebt e opozit\u00ebs duke braktisur mbledhjen e k\u00ebshillit bashkiak n\u00eb momentin q\u00eb k\u00ebshilltar\u00ebt e opozit\u00ebs mor\u00ebn fjal\u00ebn duke I k\u00ebrkuar transparenc\u00eb mbi inceneratorin e Tiran\u00ebs. Braktisja e mbledhjes se k\u00ebshillit Bashkiak nga Erion Veliaj tregon qart\u00eb panikun e tij, si nj\u00eb njeri q\u00eb do t\u00eb b\u00ebj\u00eb \u00e7do gj\u00eb p\u00ebr t\u2019i shp\u00ebtuar llogaridh\u00ebnies me publikun dhe p\u00ebrballjes me drejt\u00ebsin\u00eb, pasi t\u00eb dyja e nxjerrin fajtor.\u201d<\/em><\/span><\/p>\n<p><span style=\"color: #000000;\"><em>Erion Veliaj \u00ebsht\u00eb propozuesi, ideatori, dhe zbatuesi i afer\u00ebs korruptive t\u00eb inceneratorit t\u00eb Tiran\u00ebs. Erion Veliaj ka firmosur \u201cMiratimin n\u00eb Parim t\u00eb Studimit t\u00eb Fizibilitetit t\u00eb Koncesionit\u201d, n\u00eb kund\u00ebrshtim me ligjin, pasi k\u00ebt\u00eb miratim, ligji ja atribuon K\u00ebshillit Bashkiak. Edhe p\u00ebrfaq\u00ebsuesit e Erion Veliajt n\u00eb komisionin e dh\u00ebnies me koncesionin, t\u00eb dirigjuar nga urdhrat e kryetarit t\u00eb bashkis\u00eb, kan\u00eb deklaruar zyrtarisht se mjaftonte firma e Veliajt dhe jo K\u00ebshilli Bashkiak, i cili \u00ebsht\u00eb i vetmi institucion q\u00eb \u00ebsht\u00eb p\u00ebrgjegj\u00ebs p\u00ebr buxhetin. Sot, Bashkia e Tiran\u00ebs paguan \u00e7do dit\u00eb miliona nga taksat e shqiptar\u00ebve, p\u00ebr nj\u00eb sh\u00ebrbim q\u00eb nuk kryhet sipas kontrat\u00ebs koncesionare. Dhe kjo \u00ebsht\u00eb p\u00ebrgjegj\u00ebsi direkte e Erion Veliaj, i cili n\u00eb cil\u00ebsin\u00eb e kryetarit t\u00eb bashkis\u00eb, \u00ebsht\u00eb p\u00ebrgjegj\u00ebs kryesor p\u00ebr menaxhimin e mbetjeve.<\/em><\/span><\/p>\n<p><span style=\"color: #000000;\"><em>Erion Veliaj n\u00eb mbledhjen e dit\u00ebs s\u00eb djeshme nuk ishte n\u00eb gjendje t\u2019i p\u00ebrgjigjej pyetjeve t\u00eb opozit\u00ebs dhe n\u00ebn panik u largua nga mbledhja e k\u00ebshillit bashkiak duke treguar qart\u00eb frik\u00ebn nga autor\u00ebsia e k\u00ebsaj mega afere korruptive.<\/em><\/span><\/p>\n<p><span style=\"color: #000000;\"><em>Erion Veliaj iu shmang k\u00ebtyre pyetjeve n\u00eb k\u00ebshillin bashkiak:<\/em><\/span><\/p>\n<ol>\n<li><span style=\"color: #000000;\"><em> A ka qen\u00eb parashikuar n\u00eb buxhetin e kaluar si z\u00eb n\u00eb buxhet financimi i inceneratorit nga Bashkia Tiran\u00eb?<\/em><\/span><\/li>\n<li><span style=\"color: #000000;\"><em> Sa ton mbetje jan\u00eb depozituar \u00e7do vit kalendarik q\u00eb nga lidhja e marr\u00ebveshjes s\u00eb Bashkis\u00eb s\u00eb Tiran\u00ebs n\u00eb landfillin e Sharr\u00ebs?<\/em><\/span><\/li>\n<li><span style=\"color: #000000;\"><em> Sa \u00ebsht\u00eb buxheti i Bashkis\u00eb Tiran\u00eb p\u00ebr inceneratorin e Tiran\u00ebs?<\/em><\/span><\/li>\n<\/ol>\n<p><span style=\"color: #000000;\"><em>Sa para jan\u00eb paguar \u00e7do dit\u00eb nga buxheti i Bashkis\u00eb s\u00eb Tiran\u00ebs p\u00ebr inceneratorin e Tiran\u00ebs, q\u00eb nga nisja e k\u00ebsaj kontrate.<\/em><\/span><\/p>\n<ol start=\"4\">\n<li><span style=\"color: #000000;\"><em> Pse Erion Veliaj nuk ju drejtuar K\u00ebshillit Bashkiak p\u00ebr k\u00ebt\u00eb \u00e7\u00ebshtje n\u00eb vitin 2017? Duke I rr\u00ebmbyer k\u00ebshtu kompetencat k\u00ebshillit bashkiak?<\/em><\/span><\/li>\n<\/ol>\n<p><span style=\"color: #000000;\"><em>K\u00ebto jan\u00eb pyetje q\u00eb shqet\u00ebsojn\u00eb \u00e7do dit\u00eb Erion Veliaj, sepse ai \u00ebsht\u00eb i vet\u00ebdijsh\u00ebm mbi autor\u00ebsin\u00eb, p\u00ebrgjegj\u00ebsin\u00eb dhe p\u00ebrfitimim e drejtp\u00ebrdrejt\u00eb nga kjo afer\u00eb korruptive.<\/em><\/span><\/p>\n<p><span style=\"color: #000000;\"><em>K\u00ebshilltar\u00ebt e Partis\u00eb s\u00eb Liris\u00eb n\u00eb k\u00ebshillin bashkiak t\u00eb Tiran\u00ebs do t\u00eb luftojn\u00eb \u00e7do dit\u00eb p\u00ebr transparenc\u00eb dhe llogaridh\u00ebnie.<\/em><\/span><\/p>\n<p><span style=\"color: #000000;\"><em>Ne do t\u00eb p\u00ebrmbushim premtimin ton\u00eb p\u00ebrpara qytetar\u00ebve t\u00eb Tiran\u00ebs q\u00eb Bashkia e Tiran\u00ebs do t\u2019i n\u00ebnshtrohet transparenc\u00ebs dhe llogaridh\u00ebnies.<\/em><\/span><\/p>\n<p><span style=\"color: #000000;\"><em>Erion Veliaj nuk mund t\u2019i shmanget transparenc\u00ebs dhe llogaridh\u00ebnien.<\/em><\/span><\/p>\n<p><span style=\"color: #000000;\"><em>I b\u00ebjm\u00eb thirrje SPAK, t\u00eb ndaloj\u00eb pagesat p\u00ebr inceneratorin e Tiran\u00ebs. T\u00eb hetoj\u00eb deri n\u00eb fund, pa kompromis, q\u00eb nga Erion Veliaj dhe deri t\u00eb zyrtari m\u00eb i fundit n\u00eb bashkin\u00eb e Tiran\u00ebs, p\u00ebr rolin e tyre tek inceneratori i i Tiran\u00ebs, gropa e madhe q\u00eb po ha parat\u00eb e shqiptar\u00ebve.\u201d<\/em> &#8211; tha Braimllari.<\/span><\/p>\n","protected":false,"gt_translate_keys":[{"key":"rendered","format":"html"}]},"excerpt":{"rendered":"<p>Partia e Liris\u00eb ka akuzuar kryebashkiakun e Tiran\u00ebs Veliaj si t\u00eb p\u00ebrfshir\u00eb n\u00eb \u00e7\u00ebshtjen e inceneratorit t\u00eb Tiran\u00ebs duke i b\u00ebr\u00eb thirrje SPAK-ut q\u00eb ta hetoj\u00eb at\u00eb dhe t\u00eb gjith\u00eb zyrtar\u00ebt e tjer\u00eb t\u00eb bashkis\u00eb. N\u00eb deklarat\u00ebn p\u00ebr mediat, an\u00ebtari i K\u00ebshillit Bashkiak Endrit Braimllari, tha se SPAK duhet t\u00eb nd\u00ebrprer\u00eb menj\u00ebher\u00eb pagesat p\u00ebr inceneratorin [&hellip;]<\/p>\n","protected":false,"gt_translate_keys":[{"key":"rendered","format":"html"}]},"author":51,"featured_media":607350,"comment_status":"closed","ping_status":"closed","sticky":false,"template":"","format":"standard","meta":{"footnotes":""},"categories":[65,13],"tags":[],"class_list":["post-607349","post","type-post","status-publish","format-standard","has-post-thumbnail","hentry","category-lajme","category-te-fundit"],"gt_translate_keys":[{"key":"link","format":"url"}],"_links":{"self":[{"href":"https:\/\/www.hashtag.al\/index.php\/wp-json\/wp\/v2\/posts\/607349","targetHints":{"allow":["GET"]}}],"collection":[{"href":"https:\/\/www.hashtag.al\/index.php\/wp-json\/wp\/v2\/posts"}],"about":[{"href":"https:\/\/www.hashtag.al\/index.php\/wp-json\/wp\/v2\/types\/post"}],"author":[{"embeddable":true,"href":"https:\/\/www.hashtag.al\/index.php\/wp-json\/wp\/v2\/users\/51"}],"replies":[{"embeddable":true,"href":"https:\/\/www.hashtag.al\/index.php\/wp-json\/wp\/v2\/comments?post=607349"}],"version-history":[{"count":0,"href":"https:\/\/www.hashtag.al\/index.php\/wp-json\/wp\/v2\/posts\/607349\/revisions"}],"wp:featuredmedia":[{"embeddable":true,"href":"https:\/\/www.hashtag.al\/index.php\/wp-json\/wp\/v2\/media\/607350"}],"wp:attachment":[{"href":"https:\/\/www.hashtag.al\/index.php\/wp-json\/wp\/v2\/media?parent=607349"}],"wp:term":[{"taxonomy":"category","embeddable":true,"href":"https:\/\/www.hashtag.al\/index.php\/wp-json\/wp\/v2\/categories?post=607349"},{"taxonomy":"post_tag","embeddable":true,"href":"https:\/\/www.hashtag.al\/index.php\/wp-json\/wp\/v2\/tags?post=607349"}],"curies":[{"name":"wp","href":"https:\/\/api.w.org\/{rel}","templated":true}]}}