{"id":607012,"date":"2023-07-19T14:52:10","date_gmt":"2023-07-19T12:52:10","guid":{"rendered":"https:\/\/www.hashtag.al\/?p=607012"},"modified":"2023-07-19T14:52:10","modified_gmt":"2023-07-19T12:52:10","slug":"zyrat-e-shoqates-se-para-dhe-tetraplegjikeve-blushi-veliaj-refuzon-ta-takoje-kryetarin-e-deges-kerkesa-e-tij-do-degjohet-ne-keshillin-bashkiak","status":"publish","type":"post","link":"https:\/\/www.hashtag.al\/index.php\/2023\/07\/19\/zyrat-e-shoqates-se-para-dhe-tetraplegjikeve-blushi-veliaj-refuzon-ta-takoje-kryetarin-e-deges-kerkesa-e-tij-do-degjohet-ne-keshillin-bashkiak\/","title":{"rendered":"Zyrat e Shoqat\u00ebs s\u00eb Para dhe Tetraplegjik\u00ebve\/ Blushi: Veliaj refuzon ta takoj\u00eb kryetarin e deg\u00ebs, k\u00ebrkesa e tij do d\u00ebgjohet n\u00eb K\u00ebshillin Bashkiak","gt_translate_keys":[{"key":"rendered","format":"text"}]},"content":{"rendered":"<p><span style=\"color: #000000;\"><a href=\"https:\/\/www.hashtag.al\/wp-content\/uploads\/2023\/07\/bl.jpg\"><img loading=\"lazy\" decoding=\"async\" class=\"aligncenter size-full wp-image-607013\" src=\"https:\/\/www.hashtag.al\/wp-content\/uploads\/2023\/07\/bl.jpg\" alt=\"\" width=\"768\" height=\"1024\" srcset=\"https:\/\/www.hashtag.al\/wp-content\/uploads\/2023\/07\/bl.jpg 768w, https:\/\/www.hashtag.al\/wp-content\/uploads\/2023\/07\/bl-225x300.jpg 225w\" sizes=\"auto, (max-width: 768px) 100vw, 768px\" \/><\/a><\/span><\/p>\n<p><span style=\"color: #000000;\">Sekeretari i P\u00ebrgjithsh\u00ebm i Partis\u00eb s\u00eb Liris\u00eb dhe k\u00ebshilltari i saj, Tedi Blushi ka denoncuar shembjen e zyrave t\u00eb Shoqat\u00ebs s\u00eb Para dhe Tetraplegjik\u00ebve nga Bashkia e Tiran\u00ebs.<\/span><\/p>\n<p><span style=\"color: #000000;\">Blushi p\u00ebrmes nj\u00eb reagimi shkruan se kryetari i Deg\u00ebs p\u00ebr Tiran\u00ebn t\u00eb k\u00ebsaj shoqate z.Ali Plaka prej shum\u00eb muajsh q\u00ebndron para dyerve t\u00eb Bashkis\u00eb s\u00eb Tiran\u00ebs dhe askush nuk e pret.<\/span><\/p>\n<p><span style=\"color: #000000;\">Plaka k\u00ebrkon t\u00eb d\u00ebgjohet n\u00eb mbledhjen e K\u00ebshillit Bashkiak, p\u00ebr faktin se zyrat u shemb\u00ebn n\u00eb m\u00ebnyr\u00eb t\u00eb paligjshme dhe pa njoftim paraprak nga Bashkia e Tiran\u00ebs dhe sipas Blushit, edhe Erion Veliaj refuzon ta takoj\u00eb.<\/span><\/p>\n<p><span style=\"color: #000000;\">Blushi thot\u00eb se n\u00eb lidhje me k\u00ebt\u00eb rast, i premtoi zotit Plaka se z\u00ebri do t\u2019i d\u00ebgjohet n\u00eb mbledhjen e K\u00ebshillit, duke paraqitur edhe nj\u00eb k\u00ebrkes\u00eb.<\/span><\/p>\n<p>&nbsp;<\/p>\n<p><span style=\"color: #000000;\">Statusi.<\/span><\/p>\n<p><span style=\"color: #000000;\"><em>Kryetari i Deg\u00ebs s\u00eb Tiran\u00ebs s\u00eb Shoqat\u00ebs s\u00eb Para dhe Tetraplegjik\u00ebve, z.Ali Plaka prej shum\u00eb muajsh q\u00ebndron para dyerve t\u00eb Bashkis\u00eb s\u00eb Tiran\u00ebs dhe askush nuk e pret.<\/em><\/span><\/p>\n<p><span style=\"color: #000000;\"><em>Erion Veliaj refuzon ta takoj\u00eb dhe K\u00ebshilli Bashkiak i Tiran\u00ebs, deri dje 100% n\u00ebn kontrollin e \u201cRilindjes\u201d nuk e ka miratuar k\u00ebrkes\u00ebn e tij p\u00ebr t\u00eb qen\u00eb prezent n\u00eb mbledhjet, q\u00eb ligj\u00ebrisht duhet t\u00eb jen\u00eb t\u00eb hapura p\u00ebr qytetar\u00ebt.<\/em><\/span><\/p>\n<p><span style=\"color: #000000;\"><em>Z.Plaka k\u00ebrkon t\u00eb d\u00ebgjohet p\u00ebr faktin se n\u00eb m\u00ebnyr\u00eb t\u00eb paligjshme dhe pa njoftim paraprak nga Bashkia e Tiran\u00ebs, zyrat e Shoqat\u00ebs jan\u00eb shembur brutalisht n\u00eb mesnat\u00eb.<\/em><\/span><\/p>\n<p><span style=\"color: #000000;\"><em>N\u00eb em\u00ebr t\u00eb t\u00eb gjith\u00eb personave me aft\u00ebsi t\u00eb kufizuara n\u00eb Tiran\u00eb, ai k\u00ebrkon nga Bashkia nj\u00eb ambient ku Shoqata t\u00eb ushtroj\u00eb veprimtarin\u00eb e saj.<\/em><\/span><\/p>\n<p><span style=\"color: #000000;\"><em>E takova p\u00ebr her\u00eb t\u00eb par\u00eb z.Plaka n\u00eb dit\u00ebn e betimit tim si K\u00ebshilltar i Partis\u00eb s\u00eb Liris\u00eb dhe i premtova se do t\u00eb b\u00ebj gjith\u00e7ka q\u00eb z\u00ebri i tij t\u00eb d\u00ebgjohet.<\/em><\/span><\/p>\n<p><span style=\"color: #000000;\"><em>Ndaj sot, s\u00eb bashku me t\u00eb, depozitova k\u00ebrkes\u00ebn q\u00eb n\u00eb mbledhjen e nes\u00ebrme t\u00eb K\u00ebshillit Bashkiak t\u00eb Tiran\u00ebs t\u00eb jet\u00eb i pranish\u00ebm p\u00ebr t\u00eb ngritur shqet\u00ebsimet e tij.<\/em><\/span><\/p>\n<p>&nbsp;<\/p>\n<p><a href=\"https:\/\/www.hashtag.al\/wp-content\/uploads\/2023\/07\/bl1.jpg\"><img loading=\"lazy\" decoding=\"async\" class=\"aligncenter size-full wp-image-607014\" src=\"https:\/\/www.hashtag.al\/wp-content\/uploads\/2023\/07\/bl1.jpg\" alt=\"\" width=\"797\" height=\"1024\" srcset=\"https:\/\/www.hashtag.al\/wp-content\/uploads\/2023\/07\/bl1.jpg 797w, https:\/\/www.hashtag.al\/wp-content\/uploads\/2023\/07\/bl1-233x300.jpg 233w, https:\/\/www.hashtag.al\/wp-content\/uploads\/2023\/07\/bl1-768x987.jpg 768w\" sizes=\"auto, (max-width: 797px) 100vw, 797px\" \/><\/a><\/p>\n","protected":false,"gt_translate_keys":[{"key":"rendered","format":"html"}]},"excerpt":{"rendered":"<p>Sekeretari i P\u00ebrgjithsh\u00ebm i Partis\u00eb s\u00eb Liris\u00eb dhe k\u00ebshilltari i saj, Tedi Blushi ka denoncuar shembjen e zyrave t\u00eb Shoqat\u00ebs s\u00eb Para dhe Tetraplegjik\u00ebve nga Bashkia e Tiran\u00ebs. Blushi p\u00ebrmes nj\u00eb reagimi shkruan se kryetari i Deg\u00ebs p\u00ebr Tiran\u00ebn t\u00eb k\u00ebsaj shoqate z.Ali Plaka prej shum\u00eb muajsh q\u00ebndron para dyerve t\u00eb Bashkis\u00eb s\u00eb Tiran\u00ebs dhe [&hellip;]<\/p>\n","protected":false,"gt_translate_keys":[{"key":"rendered","format":"html"}]},"author":30,"featured_media":607013,"comment_status":"closed","ping_status":"closed","sticky":false,"template":"","format":"standard","meta":{"footnotes":""},"categories":[65],"tags":[],"class_list":["post-607012","post","type-post","status-publish","format-standard","has-post-thumbnail","hentry","category-lajme"],"gt_translate_keys":[{"key":"link","format":"url"}],"_links":{"self":[{"href":"https:\/\/www.hashtag.al\/index.php\/wp-json\/wp\/v2\/posts\/607012","targetHints":{"allow":["GET"]}}],"collection":[{"href":"https:\/\/www.hashtag.al\/index.php\/wp-json\/wp\/v2\/posts"}],"about":[{"href":"https:\/\/www.hashtag.al\/index.php\/wp-json\/wp\/v2\/types\/post"}],"author":[{"embeddable":true,"href":"https:\/\/www.hashtag.al\/index.php\/wp-json\/wp\/v2\/users\/30"}],"replies":[{"embeddable":true,"href":"https:\/\/www.hashtag.al\/index.php\/wp-json\/wp\/v2\/comments?post=607012"}],"version-history":[{"count":0,"href":"https:\/\/www.hashtag.al\/index.php\/wp-json\/wp\/v2\/posts\/607012\/revisions"}],"wp:featuredmedia":[{"embeddable":true,"href":"https:\/\/www.hashtag.al\/index.php\/wp-json\/wp\/v2\/media\/607013"}],"wp:attachment":[{"href":"https:\/\/www.hashtag.al\/index.php\/wp-json\/wp\/v2\/media?parent=607012"}],"wp:term":[{"taxonomy":"category","embeddable":true,"href":"https:\/\/www.hashtag.al\/index.php\/wp-json\/wp\/v2\/categories?post=607012"},{"taxonomy":"post_tag","embeddable":true,"href":"https:\/\/www.hashtag.al\/index.php\/wp-json\/wp\/v2\/tags?post=607012"}],"curies":[{"name":"wp","href":"https:\/\/api.w.org\/{rel}","templated":true}]}}