{"id":606930,"date":"2023-07-19T08:57:31","date_gmt":"2023-07-19T06:57:31","guid":{"rendered":"https:\/\/www.hashtag.al\/?p=606930"},"modified":"2023-07-19T08:57:31","modified_gmt":"2023-07-19T06:57:31","slug":"lajthitja-ne-parim-e-kryetarit-te-tiranes","status":"publish","type":"post","link":"https:\/\/www.hashtag.al\/index.php\/2023\/07\/19\/lajthitja-ne-parim-e-kryetarit-te-tiranes\/","title":{"rendered":"Lajthitja n\u00eb parim e kryetarit t\u00eb Tiran\u00ebs","gt_translate_keys":[{"key":"rendered","format":"text"}]},"content":{"rendered":"<p><span style=\"color: #000000;\"><strong><img loading=\"lazy\" decoding=\"async\" class=\"aligncenter size-full wp-image-427209\" src=\"https:\/\/www.hashtag.al\/wp-content\/uploads\/2021\/02\/Irena-Beqiraj.jpg\" alt=\"\" width=\"886\" height=\"473\" srcset=\"https:\/\/www.hashtag.al\/wp-content\/uploads\/2021\/02\/Irena-Beqiraj.jpg 886w, https:\/\/www.hashtag.al\/wp-content\/uploads\/2021\/02\/Irena-Beqiraj-300x160.jpg 300w, https:\/\/www.hashtag.al\/wp-content\/uploads\/2021\/02\/Irena-Beqiraj-768x410.jpg 768w, https:\/\/www.hashtag.al\/wp-content\/uploads\/2021\/02\/Irena-Beqiraj-620x330.jpg 620w\" sizes=\"auto, (max-width: 886px) 100vw, 886px\" \/><\/strong><\/span><\/p>\n<p><span style=\"color: #000000;\"><strong>Nga Irena Beqiraj<\/strong><\/span><\/p>\n<p><span style=\"color: #000000;\">Ministri i Financave sipas ligjit p\u00ebr Financat e qeverisjes vendore kujdeset q\u00eb financat e nj\u00ebsive vendore t\u00eb menaxhohen n\u00eb baz\u00eb t\u00eb parimeve edhe standardeve t\u00eb p\u00ebrcaktuara t\u00eb mir\u00ebmenaxhimit t\u00eb financave publike.<\/span><\/p>\n<p><span style=\"color: #000000;\">Nj\u00eb nga ato parime t\u00eb cilin rrjedhimisht e k\u00ebrkon edhe ligji, \u00ebsht\u00eb q\u00eb buxheti edhe parashikimet buxhetore afatmesme miratohen nga k\u00ebshilli i bashkis\u00eb.<\/span><\/p>\n<p><span style=\"color: #000000;\">Meq\u00eb Ministria e Mjedisit e cila defakto qenk\u00ebrka drejtuar nga Klodian Zoto kishte propozuar &#8220;q\u00eb shpenzimet p\u00ebr shpron\u00ebsimin e tok\u00ebs dhe pagesat p\u00ebr mbetjet q\u00eb p\u00ebrpunohen do t\u00eb p\u00ebrballohen nga vet\u00eb bashkia me fondet e transfertave t\u00eb pakusht\u00ebzuara q\u00eb b\u00ebn buxheti&#8221;, me t\u00eb drejt\u00eb Ministri i Financave ka k\u00ebrkuar shkres\u00ebn &#8220;e miratimit me shkrim nga qarku Tiran\u00eb (i cili ka 5 bashki) t\u00eb modelit financiar q\u00eb kishte d\u00ebrguar Ministria e Mjedisit&#8221;.<\/span><\/p>\n<p><span style=\"color: #000000;\">Megjith\u00ebse vet\u00ebm Kryetari i Bashkis\u00eb s\u00eb Tiran\u00ebs dha miratimin n\u00eb parim m\u00eb dat\u00eb 27 Mars 2017, kaq mjaftoi q\u00eb Ministri i Financave t\u00eb jepte miratimin e tij pa komente.<\/span><\/p>\n<p><span style=\"color: #000000;\">Kur e kam d\u00ebgjuar p\u00ebr her\u00eb t\u00eb par\u00eb k\u00ebt\u00eb fakt nga znj. Monika Kryemadhi e cila i m\u00ebshonte me ngulm politik shp\u00ebrdorimit t\u00eb detyr\u00ebs s\u00eb kryer nga Kryetari i Bashkis\u00eb s\u00eb Tiran\u00ebs, m\u00eb lind\u00ebn disa pyetje q\u00eb shum\u00eb politikan\u00eb e analist\u00eb t\u00eb gjith\u00ebditur nuk i b\u00ebjn\u00eb.<\/span><\/p>\n<p><span style=\"color: #000000;\">P\u00ebr ata q\u00eb nuk e din\u00eb, Ministri i Financave e di q\u00eb sipas ligjit:<\/span><\/p>\n<p><span style=\"color: #000000;\">&#8220;Jo m\u00eb von\u00eb se data 31 janar, kryetari i nj\u00ebsis\u00eb s\u00eb vet\u00ebqeverisjes vendore paraqet p\u00ebr shqyrtim e miratim n\u00eb k\u00ebshill raportin p\u00ebr vler\u00ebsimet dhe parashikimet afatmesme t\u00eb t\u00eb ardhurave edhe shpenzimeve p\u00ebr:<\/span><\/p>\n<p><span style=\"color: #000000;\">a) dy vitet para vitit buxhetor;<\/span><\/p>\n<p><span style=\"color: #000000;\">b) vitin buxhetor;<\/span><\/p>\n<p><span style=\"color: #000000;\">c) tre vitet e ardhshme buxhetore.<\/span><\/p>\n<p><span style=\"color: #000000;\">N\u00eb baz\u00eb t\u00eb k\u00ebtij p\u00ebrcaktimi ligjor n\u00eb 27 Mars, Bashkia Tiran\u00eb, apo 4 bashkit\u00eb e tjera e kishin q\u00eb me dat\u00eb 31 Janar nj\u00eb plan t\u00eb miratuar nga k\u00ebshilli p\u00ebr shpenzimet edhe t\u00eb ardhurat e tre viteve t\u00eb ardhshme buxhetore, ku duhet t\u00eb ishin t\u00eb p\u00ebrfshira pagesat p\u00ebr djeg\u00ebsin.<\/span><\/p>\n<p><span style=\"color: #000000;\">Ishte detyra e Ministrit t\u00eb Financave t\u00eb mos jepte p\u00eblqimin e tij derisa t\u00eb kishte t\u00eb shkruar e zeza mbi t\u00eb bardh\u00eb q\u00eb 5\u00a0 bashkit\u00eb e Qarkut ose i kishin tanim\u00eb t\u00eb p\u00ebrfshir\u00eb pagesat n\u00eb planifikimin buxhetor afatmes\u00ebm , ose t\u00eb miratonin nj\u00eb planifikim t\u00eb rishikuar duke p\u00ebrfshir\u00eb edhe pagesat p\u00ebr djeg\u00ebsit.<\/span><\/p>\n<p><span style=\"color: #000000;\">P\u00ebr m\u00eb tep\u00ebr &#8220;Gardiani i Financave Publike&#8221;, e theksoj ku p\u00ebrfshihet edhe qeverisja vendore, nuk ka kurr\u00ebfar\u00eb nevoje t\u00eb komunikoj\u00eb me an\u00eb t\u00eb nj\u00eb ministrie tjet\u00ebr me nj\u00ebsit\u00eb e qeverisjes vendore. Ai i kishte t\u00eb gjitha kompetencat q\u00eb p\u00ebr \u00e7\u00ebshtje q\u00eb lidhen me financat vendore t\u2019i drejtohej t\u00eb 5-ta bashkive me dijeni Ministrin\u00eb e Mjedisit, duke ju k\u00ebrkuar t\u2019i vendosnin n\u00eb dispozicion miratimin nga k\u00ebshilli t\u00eb p\u00ebrfshirjes s\u00eb pagesave p\u00ebr djeg\u00ebsin n\u00eb planifikimin buxhetor afatmes\u00ebm.<\/span><\/p>\n<p><span style=\"color: #000000;\">Pse ministri i Financave, i hapi rrug\u00ebn financimit t\u00eb djegsave nga buxhetet e bashkive pa marr\u00eb miratimin e k\u00ebshillave t\u00eb 5 bashkive?<\/span><\/p>\n<p><span style=\"color: #000000;\">\u00c7far\u00eb e shtyu t\u00eb mos e kryej\u00eb detyr\u00ebn e tij deri n\u00eb fund por t\u00eb mjaftohet me &#8220;Nj\u00eb Lajthitje n\u00eb Parim t\u00eb kryetarit t\u00eb Tiran\u00ebs\u201d, duke e ditur shum\u00eb mir\u00eb q\u00eb ajo shkres\u00eb nuk i hynte n\u00eb pun\u00eb as dreqit n\u00ebse Ministri nuk do t\u00eb nguronte t\u00eb k\u00ebrkonte zbatimin me p\u00ebrpikm\u00ebri t\u00eb ligjit t\u00eb hartuar nga institucioni q\u00eb ai drejton?<\/span><\/p>\n<p><span style=\"color: #000000;\">P\u00ebrtej konfliktit t\u00eb interesit apo akuzave p\u00ebr korrupsion kur procedura e planifikimit buxhetor trajtohet si nj\u00eb akt formal nga Ministri i Financave, mir\u00eb qeverisja financiare ka marr\u00eb fund.<\/span><\/p>\n<p><span style=\"color: #000000;\">Sot djeg\u00ebsi i Tiran\u00ebs p\u00ebrve\u00e7 buxheteve t\u00eb bashkive vendos n\u00eb rrezik edhe buxhetin e shtetit.<\/span><\/p>\n<p><span style=\"color: #000000;\">Psh, n\u00eb vitin 2023 n\u00eb total pritet t\u00eb paguhen p\u00ebr djeg\u00ebsin e Tiran\u00ebs 14.5 milion\u00eb euro nga 7.8 milion\u00eb q\u00eb ishte parashikuar n\u00eb skenarin e vendosur n\u00eb kontrat\u00ebn mes qeveris\u00eb dhe Integrated Energy BV,\u00a0 pra gati 2 fish m\u00eb shum\u00eb.<\/span><\/p>\n<p><span style=\"color: #000000;\">Megjith\u00eb rritjen e tarifave t\u00eb pastrimit edhe t\u00eb grumbullimit t\u00eb mbetjeve, thuajse n\u00eb \u00e7do bashki pagesat gjithmon\u00eb n\u00eb rritje kan\u00eb gllab\u00ebruar buxhetet e bashkive\u00a0 duke e transferuar riskun tek buxheti i shtetit.<\/span><\/p>\n<p><span style=\"color: #000000;\">A nuk ishte detyra e Ministrit t\u00eb Financave si &#8220;Gardiani&#8221; i Financave publike t\u00eb p\u00ebrcaktonte mekanizmat e menaxhimin t\u00eb riskut t\u00eb detyrimeve n\u00eb rritje q\u00eb mund t\u00eb vinin nga nj\u00eb kontrat\u00eb e till\u00eb ?<\/span><\/p>\n<p><span style=\"color: #000000;\">Po ishte! Por ai nuk u kujdes as p\u00ebr k\u00ebt\u00eb.<\/span><\/p>\n<p><span style=\"color: #000000;\">Edhe n\u00eb munges\u00eb t\u00eb tyre akrobacit\u00eb nuk munguan.\u00a0 Prsh, kujtoj q\u00eb n\u00eb 2020 Znj .Klotilda Bushka, e cila \u00ebsht\u00eb juriste me profesion, i propozonte pa asnj\u00eb argument qe\u00a0 te rritej\u00a0 plani i t\u00eb ardhurave t\u00eb tvsh-s\u00eb n\u00eb buxhet me 4.1 milion\u00eb p\u00ebr t\u2019ja dh\u00ebn\u00eb ato shtes\u00eb incineratorit t\u00eb Tiran\u00ebs, a thua parashikimi i t\u00eb ardhurave n\u00eb buxhet ishte si loja me kungulleshk\u00ebn. ( letra me poshte )<\/span><\/p>\n<p><span style=\"color: #000000;\">Detyra e Ministrit t\u00eb Financave \u00ebsht\u00eb detyra m\u00eb e v\u00ebshtir\u00eb.<\/span><\/p>\n<p><span style=\"color: #000000;\">Vendimet e tij n\u00ebse jan\u00eb t\u00eb shkujdesura, t\u00eb gabuara, apo m\u00eb keq t\u00eb marra n\u00eb kushtet e konfliktit t\u00eb hapur t\u00eb interesit shpeshher\u00eb jan\u00eb t\u00eb parikuperueshme e me kosto t\u00eb lart\u00eb p\u00ebr vendin.<\/span><\/p>\n<p><span style=\"color: #000000;\">Edhe &#8220;djeg\u00ebsat e Benit&#8221; si\u00e7 i quanin p\u00ebr \u00e7udin\u00eb time t\u00eb asaj kohe n\u00eb Ministrin\u00eb e\u00a0 Financave jan\u00eb d\u00ebmi m\u00eb i vog\u00ebl q\u00eb ky i fundit ka shkaktuar gjat\u00eb menaxhimit\u00a0 t\u00eb financave t\u00eb k\u00ebtij vendi.<\/span><\/p>\n","protected":false,"gt_translate_keys":[{"key":"rendered","format":"html"}]},"excerpt":{"rendered":"<p>Nga Irena Beqiraj Ministri i Financave sipas ligjit p\u00ebr Financat e qeverisjes vendore kujdeset q\u00eb financat e nj\u00ebsive vendore t\u00eb menaxhohen n\u00eb baz\u00eb t\u00eb parimeve edhe standardeve t\u00eb p\u00ebrcaktuara t\u00eb mir\u00ebmenaxhimit t\u00eb financave publike. Nj\u00eb nga ato parime t\u00eb cilin rrjedhimisht e k\u00ebrkon edhe ligji, \u00ebsht\u00eb q\u00eb buxheti edhe parashikimet buxhetore afatmesme miratohen nga k\u00ebshilli [&hellip;]<\/p>\n","protected":false,"gt_translate_keys":[{"key":"rendered","format":"html"}]},"author":51,"featured_media":427209,"comment_status":"closed","ping_status":"closed","sticky":false,"template":"","format":"standard","meta":{"footnotes":""},"categories":[23],"tags":[],"class_list":["post-606930","post","type-post","status-publish","format-standard","has-post-thumbnail","hentry","category-editorial"],"gt_translate_keys":[{"key":"link","format":"url"}],"_links":{"self":[{"href":"https:\/\/www.hashtag.al\/index.php\/wp-json\/wp\/v2\/posts\/606930","targetHints":{"allow":["GET"]}}],"collection":[{"href":"https:\/\/www.hashtag.al\/index.php\/wp-json\/wp\/v2\/posts"}],"about":[{"href":"https:\/\/www.hashtag.al\/index.php\/wp-json\/wp\/v2\/types\/post"}],"author":[{"embeddable":true,"href":"https:\/\/www.hashtag.al\/index.php\/wp-json\/wp\/v2\/users\/51"}],"replies":[{"embeddable":true,"href":"https:\/\/www.hashtag.al\/index.php\/wp-json\/wp\/v2\/comments?post=606930"}],"version-history":[{"count":0,"href":"https:\/\/www.hashtag.al\/index.php\/wp-json\/wp\/v2\/posts\/606930\/revisions"}],"wp:featuredmedia":[{"embeddable":true,"href":"https:\/\/www.hashtag.al\/index.php\/wp-json\/wp\/v2\/media\/427209"}],"wp:attachment":[{"href":"https:\/\/www.hashtag.al\/index.php\/wp-json\/wp\/v2\/media?parent=606930"}],"wp:term":[{"taxonomy":"category","embeddable":true,"href":"https:\/\/www.hashtag.al\/index.php\/wp-json\/wp\/v2\/categories?post=606930"},{"taxonomy":"post_tag","embeddable":true,"href":"https:\/\/www.hashtag.al\/index.php\/wp-json\/wp\/v2\/tags?post=606930"}],"curies":[{"name":"wp","href":"https:\/\/api.w.org\/{rel}","templated":true}]}}