{"id":606870,"date":"2023-07-18T19:11:38","date_gmt":"2023-07-18T17:11:38","guid":{"rendered":"https:\/\/www.hashtag.al\/?p=606870"},"modified":"2023-07-18T19:11:38","modified_gmt":"2023-07-18T17:11:38","slug":"pse-nuk-reaguan-birn-reporter-al-balkan-insight-dhe-ricardo-gutierrez-i-federates-europiane-te-gazetareve-kur-saliu-i-akuzoi-dje-si-media-mashtruese-dhe-super-spekulante-te-sorosit","status":"publish","type":"post","link":"https:\/\/www.hashtag.al\/index.php\/2023\/07\/18\/pse-nuk-reaguan-birn-reporter-al-balkan-insight-dhe-ricardo-gutierrez-i-federates-europiane-te-gazetareve-kur-saliu-i-akuzoi-dje-si-media-mashtruese-dhe-super-spekulante-te-sorosit\/","title":{"rendered":"Pse nuk reaguan BIRN, Reporter.al, Balkan Insight dhe Ricardo Gutierrez, i Federat\u00ebs Europiane t\u00eb Gazetar\u00ebve, kur Saliu i akuzoi dje si media \u2018mashtruese dhe super spekulante t\u00eb Sorosit\u2019","gt_translate_keys":[{"key":"rendered","format":"text"}]},"content":{"rendered":"<p><span style=\"color: #000000;\"><a href=\"https:\/\/www.hashtag.al\/wp-content\/uploads\/2023\/07\/berisha-dita-balline.jpg\"><img loading=\"lazy\" decoding=\"async\" class=\"aligncenter size-full wp-image-606871\" src=\"https:\/\/www.hashtag.al\/wp-content\/uploads\/2023\/07\/berisha-dita-balline.jpg\" alt=\"\" width=\"1160\" height=\"879\" srcset=\"https:\/\/www.hashtag.al\/wp-content\/uploads\/2023\/07\/berisha-dita-balline.jpg 1160w, https:\/\/www.hashtag.al\/wp-content\/uploads\/2023\/07\/berisha-dita-balline-300x227.jpg 300w, https:\/\/www.hashtag.al\/wp-content\/uploads\/2023\/07\/berisha-dita-balline-1024x776.jpg 1024w, https:\/\/www.hashtag.al\/wp-content\/uploads\/2023\/07\/berisha-dita-balline-768x582.jpg 768w\" sizes=\"auto, (max-width: 1160px) 100vw, 1160px\" \/><\/a><\/span><\/p>\n<p><span style=\"color: #000000;\">Dit\u00ebt e fundit, n\u00eb rrethin e gazetar\u00ebve shqiptar\u00eb, po b\u00ebhet nj\u00eb gurgule p\u00ebr nj\u00eb komunikim q\u00eb gazetarja Ola Xama ka pasur me kryebashkiakun Erion Veliaj, lidhur me nj\u00eb shkrim t\u00eb publikuar prej saj n\u00eb portalin reporter.al te rrjetit BIRN p\u00ebr hetimet e SPAK p\u00ebr inceneratorin e Tiran\u00ebs.<\/span><\/p>\n<p><span style=\"color: #000000;\">Pas k\u00ebsaj, mediat, por fatkeq\u00ebsisht edhe organizatat europiane t\u00eb gazetar\u00ebve, q\u00eb shpejtuan t\u00eb reagojn\u00eb p\u00ebr k\u00ebt\u00eb komunikim pa u munduar t\u00eb m\u00ebsojn\u00eb q\u00eb n\u00eb fillim se si q\u00ebndronte e v\u00ebrteta, nuk u mor\u00ebn fare me pasakt\u00ebsit\u00eb e r\u00ebnda t\u00eb shkrimit t\u00eb gazetares Ola Xama (e cila, sipas nj\u00eb sqarimi t\u00eb Bashkis\u00eb s\u00eb Tiran\u00ebs, dukej se ngat\u00ebrronte q\u00ebllimisht nj\u00eb studim t\u00eb IFC t\u00eb vitit 2012, p\u00ebr t\u2019i faturuar me porosi akuz\u00ebn e nism\u00ebtarit t\u00eb inceneratorit t\u00eb Tiran\u00ebs, Veliajt), por e kaluan ngjarjen n\u00eb nj\u00eb akuz\u00eb direkte se Veliaj po sulmonte lirin\u00eb e medias n\u00eb Shqip\u00ebri.<\/span><\/p>\n<p><span style=\"color: #000000;\">Por, kur disa gazetar\u00eb shqiptar\u00eb, p\u00ebrfshir\u00eb k\u00ebtu edhe drejtuesin e rrjetit BIRN n\u00eb Shqip\u00ebri, Besar Likmeta, apo Sekretarin e P\u00ebrgjithsh\u00ebm t\u00eb Federat\u00ebs Europiane t\u00eb Gazetar\u00ebve, Ricardo Gutierrez, etj., merreshin me kryebashkiakun Veliaj, nj\u00eb tjet\u00ebr ngjarje q\u00eb regjistrohet si nj\u00eb sulm i past\u00ebr ndaj medias dhe liris\u00eb s\u00eb saj n\u00eb Shqip\u00ebri, kaloi \u201csi pa u v\u00ebn\u00eb re\u201d nga mbrojt\u00ebsit dhe ithtar\u00ebt e medias n\u00eb Shqip\u00ebri e kudo n\u00eb bot\u00eb.<\/span><\/p>\n<p><span style=\"color: #000000;\">Dje, n\u00eb nj\u00eb konferenc\u00eb p\u00ebr shtyp, doli Sali Berisha (ish Presidenti dhe ish Kryeministri q\u00eb n\u00eb vitet \u201990 ka guxuar t\u00eb djeg\u00eb redaksin\u00eb e gazet\u00ebs s\u00eb vetme t\u00eb pavarur n\u00eb at\u00eb koh\u00eb, Koha Jon\u00eb, dhe ka mbyllur me dhjetra redaksi gazetash e sulmuar fizikisht gazetar\u00eb gjat\u00eb mbret\u00ebrimit t\u00eb tij n\u00eb Shqip\u00ebri), dhe sulmoi r\u00ebnd\u00eb t\u00eb nj\u00ebjtat portale, BIRN, Balkan Insight dhe Reporter.al.<\/span><\/p>\n<p><span style=\"color: #000000;\">Berisha tha dje p\u00ebr shpalljen e tij \u201cnon grata\u201d nga Britania e Madhe: [\u2026p\u00ebr lidhjet e mia me Damir Fazlli\u00e7 p\u00ebr t\u00eb cilin sipas Home Office un\u00eb kam nd\u00ebrhyr\u00eb, kur p\u00ebr at\u00eb kan\u00eb dal\u00eb prova inkriminuese, burimet jan\u00eb BIRN, Balkan Insight dhe Reporter.al, t\u00eb super-spekullantit Xhorxh Soros].<\/span><\/p>\n<p><span style=\"color: #000000;\">Pra, p\u00ebr Berish\u00ebn, k\u00ebto media spekullojn\u00eb me lajmet q\u00eb nxjerrin, duke v\u00ebn\u00eb seriozisht n\u00eb dyshim v\u00ebrtet\u00ebsin\u00eb e lajmeve t\u00eb tyre. Dhe pasi sulmoi dje BIRN p\u00ebr hallin e tij, sot n\u00eb nj\u00eb konfer\u00ebnc\u00eb tjet\u00ebr p\u00ebr shtyp, p\u00ebrdori pasakt\u00ebsit\u00eb e provuara t\u00eb gazetares Ola Xama p\u00ebr t\u00eb sulmuar Ram\u00ebn dhe Veliaj p\u00ebr incenerator\u00ebt.<\/span><\/p>\n<p><span style=\"color: #000000;\">Tani disa pyetje q\u00eb meritojn\u00eb p\u00ebrgjigje:<\/span><\/p>\n<p><span style=\"color: #000000;\">A \u00ebsht\u00eb ky nj\u00eb sulm i hapur q\u00eb i b\u00ebhet medias s\u00eb lir\u00eb n\u00eb Shqip\u00ebri? A \u00ebsht\u00eb sulm ndaj medias n\u00ebse quan nj\u00eb media spekullante? A duhet denoncuar Sali Berisha nga Sekretari Gutierrez dhe t\u00eb gjitha organizatat q\u00eb mbrojn\u00eb t\u00eb drejtat e medias, si nj\u00eb politikan i lart\u00eb dhe me pushtet q\u00eb po sulmon hapur median?<\/span><\/p>\n<p><span style=\"color: #000000;\">Dhe nj\u00eb pyetje e fundit:<\/span><\/p>\n<p><span style=\"color: #000000;\">A keni par\u00eb ndonj\u00eb reagim nga organizatat europiane q\u00eb mbrojn\u00eb gazetar\u00ebt dhe median, p\u00ebr k\u00ebt\u00eb deklarat\u00eb intimiduese t\u00eb Sali Berish\u00ebs kund\u00ebr BIRN, Balkan Insight dhe Reporter.al?<\/span><\/p>\n<p><span style=\"color: #000000;\">Pse jo?!<\/span><\/p>\n<p><span style=\"color: #000000;\"><span style=\"color: #3366ff;\"><strong>VINI RE<\/strong>:<\/span> Artikulli \u00ebsht\u00eb pron\u00eb intelektuale e <a href=\"https:\/\/gazetadita.al\/pse-nuk-reaguan-birn-reporter-al-balkan-insight-dhe-ricardo-gutierrez-i-federates-europiane-te-gazetareve-kur-sali-berisha-i-akuzoi-dje-si-media-mashtruese-dhe-super-spekullante-te-sorosit\/\"><span style=\"color: #ff0000;\"><strong>Gazeta Dita<\/strong><\/span><\/a><\/span><\/p>\n","protected":false,"gt_translate_keys":[{"key":"rendered","format":"html"}]},"excerpt":{"rendered":"<p>Dit\u00ebt e fundit, n\u00eb rrethin e gazetar\u00ebve shqiptar\u00eb, po b\u00ebhet nj\u00eb gurgule p\u00ebr nj\u00eb komunikim q\u00eb gazetarja Ola Xama ka pasur me kryebashkiakun Erion Veliaj, lidhur me nj\u00eb shkrim t\u00eb publikuar prej saj n\u00eb portalin reporter.al te rrjetit BIRN p\u00ebr hetimet e SPAK p\u00ebr inceneratorin e Tiran\u00ebs. Pas k\u00ebsaj, mediat, por fatkeq\u00ebsisht edhe organizatat europiane [&hellip;]<\/p>\n","protected":false,"gt_translate_keys":[{"key":"rendered","format":"html"}]},"author":32,"featured_media":606871,"comment_status":"closed","ping_status":"closed","sticky":false,"template":"","format":"standard","meta":{"footnotes":""},"categories":[22,13],"tags":[],"class_list":["post-606870","post","type-post","status-publish","format-standard","has-post-thumbnail","hentry","category-ballina","category-te-fundit"],"gt_translate_keys":[{"key":"link","format":"url"}],"_links":{"self":[{"href":"https:\/\/www.hashtag.al\/index.php\/wp-json\/wp\/v2\/posts\/606870","targetHints":{"allow":["GET"]}}],"collection":[{"href":"https:\/\/www.hashtag.al\/index.php\/wp-json\/wp\/v2\/posts"}],"about":[{"href":"https:\/\/www.hashtag.al\/index.php\/wp-json\/wp\/v2\/types\/post"}],"author":[{"embeddable":true,"href":"https:\/\/www.hashtag.al\/index.php\/wp-json\/wp\/v2\/users\/32"}],"replies":[{"embeddable":true,"href":"https:\/\/www.hashtag.al\/index.php\/wp-json\/wp\/v2\/comments?post=606870"}],"version-history":[{"count":0,"href":"https:\/\/www.hashtag.al\/index.php\/wp-json\/wp\/v2\/posts\/606870\/revisions"}],"wp:featuredmedia":[{"embeddable":true,"href":"https:\/\/www.hashtag.al\/index.php\/wp-json\/wp\/v2\/media\/606871"}],"wp:attachment":[{"href":"https:\/\/www.hashtag.al\/index.php\/wp-json\/wp\/v2\/media?parent=606870"}],"wp:term":[{"taxonomy":"category","embeddable":true,"href":"https:\/\/www.hashtag.al\/index.php\/wp-json\/wp\/v2\/categories?post=606870"},{"taxonomy":"post_tag","embeddable":true,"href":"https:\/\/www.hashtag.al\/index.php\/wp-json\/wp\/v2\/tags?post=606870"}],"curies":[{"name":"wp","href":"https:\/\/api.w.org\/{rel}","templated":true}]}}