{"id":606864,"date":"2023-07-18T18:32:30","date_gmt":"2023-07-18T16:32:30","guid":{"rendered":"https:\/\/www.hashtag.al\/?p=606864"},"modified":"2023-07-18T18:32:30","modified_gmt":"2023-07-18T16:32:30","slug":"balla-nga-lezha-ne-shqiperi-nuk-mund-te-kete-feude-apo-bajraqe-te-te-forteve","status":"publish","type":"post","link":"https:\/\/www.hashtag.al\/index.php\/2023\/07\/18\/balla-nga-lezha-ne-shqiperi-nuk-mund-te-kete-feude-apo-bajraqe-te-te-forteve\/","title":{"rendered":"Balla nga Lezha: N\u00eb Shqip\u00ebri nuk mund t\u00eb ket\u00eb feude apo bajraqe t\u00eb t\u00eb fort\u00ebve","gt_translate_keys":[{"key":"rendered","format":"text"}]},"content":{"rendered":"<p><span style=\"color: #000000;\"><a style=\"color: #000000;\" href=\"https:\/\/www.hashtag.al\/wp-content\/uploads\/2023\/07\/balla-lezhe.jpg\"><img loading=\"lazy\" decoding=\"async\" class=\"aligncenter size-full wp-image-606865\" src=\"https:\/\/www.hashtag.al\/wp-content\/uploads\/2023\/07\/balla-lezhe.jpg\" alt=\"\" width=\"780\" height=\"440\" srcset=\"https:\/\/www.hashtag.al\/wp-content\/uploads\/2023\/07\/balla-lezhe.jpg 780w, https:\/\/www.hashtag.al\/wp-content\/uploads\/2023\/07\/balla-lezhe-300x169.jpg 300w, https:\/\/www.hashtag.al\/wp-content\/uploads\/2023\/07\/balla-lezhe-768x433.jpg 768w\" sizes=\"auto, (max-width: 780px) 100vw, 780px\" \/><\/a><\/span><\/p>\n<p><span style=\"color: #000000;\">Ministri i Brendsh\u00ebm Taulant Balla n\u00eb dit\u00ebt e para t\u00eb marrjes s\u00eb t\u00eb detyr\u00ebs ka nisur nj\u00eb zinxhir takimesh n\u00ebp\u00ebr rrethe.<\/span><\/p>\n<p><span style=\"color: #000000;\">Gjat\u00eb takimit n\u00eb Lezh\u00eb u shpreh se n\u00eb Shqip\u00ebri nuk mund t\u00eb ket\u00eb feude apo bajraqe, ku mbi ligjin dhe mbi qytetar\u00ebt t\u00eb jen\u00eb t\u00eb fort\u00ebt.<\/span><\/p>\n<p><span style=\"color: #000000;\">\u201c<em>N\u00eb territorin e k\u00ebsaj republike nuk mund t\u00eb ket\u00eb feude apo bajraqe, ku mbi ligjin dhe mbi qytetar\u00ebt t\u00eb jen\u00eb t\u00eb fort\u00ebt dhe nuk mund t\u00eb ket\u00eb individ\u00eb m\u00eb t\u00eb fort\u00eb, sesa e bardha e vijave t\u00eb rrug\u00ebs apo e kuqja e ngjyr\u00ebs s\u00eb semafor\u00ebve<\/em>\u201d, tha Balla.<\/span><\/p>\n","protected":false,"gt_translate_keys":[{"key":"rendered","format":"html"}]},"excerpt":{"rendered":"<p>Ministri i Brendsh\u00ebm Taulant Balla n\u00eb dit\u00ebt e para t\u00eb marrjes s\u00eb t\u00eb detyr\u00ebs ka nisur nj\u00eb zinxhir takimesh n\u00ebp\u00ebr rrethe. Gjat\u00eb takimit n\u00eb Lezh\u00eb u shpreh se n\u00eb Shqip\u00ebri nuk mund t\u00eb ket\u00eb feude apo bajraqe, ku mbi ligjin dhe mbi qytetar\u00ebt t\u00eb jen\u00eb t\u00eb fort\u00ebt. \u201cN\u00eb territorin e k\u00ebsaj republike nuk mund t\u00eb [&hellip;]<\/p>\n","protected":false,"gt_translate_keys":[{"key":"rendered","format":"html"}]},"author":32,"featured_media":606865,"comment_status":"closed","ping_status":"closed","sticky":false,"template":"","format":"standard","meta":{"footnotes":""},"categories":[65,13],"tags":[],"class_list":["post-606864","post","type-post","status-publish","format-standard","has-post-thumbnail","hentry","category-lajme","category-te-fundit"],"gt_translate_keys":[{"key":"link","format":"url"}],"_links":{"self":[{"href":"https:\/\/www.hashtag.al\/index.php\/wp-json\/wp\/v2\/posts\/606864","targetHints":{"allow":["GET"]}}],"collection":[{"href":"https:\/\/www.hashtag.al\/index.php\/wp-json\/wp\/v2\/posts"}],"about":[{"href":"https:\/\/www.hashtag.al\/index.php\/wp-json\/wp\/v2\/types\/post"}],"author":[{"embeddable":true,"href":"https:\/\/www.hashtag.al\/index.php\/wp-json\/wp\/v2\/users\/32"}],"replies":[{"embeddable":true,"href":"https:\/\/www.hashtag.al\/index.php\/wp-json\/wp\/v2\/comments?post=606864"}],"version-history":[{"count":0,"href":"https:\/\/www.hashtag.al\/index.php\/wp-json\/wp\/v2\/posts\/606864\/revisions"}],"wp:featuredmedia":[{"embeddable":true,"href":"https:\/\/www.hashtag.al\/index.php\/wp-json\/wp\/v2\/media\/606865"}],"wp:attachment":[{"href":"https:\/\/www.hashtag.al\/index.php\/wp-json\/wp\/v2\/media?parent=606864"}],"wp:term":[{"taxonomy":"category","embeddable":true,"href":"https:\/\/www.hashtag.al\/index.php\/wp-json\/wp\/v2\/categories?post=606864"},{"taxonomy":"post_tag","embeddable":true,"href":"https:\/\/www.hashtag.al\/index.php\/wp-json\/wp\/v2\/tags?post=606864"}],"curies":[{"name":"wp","href":"https:\/\/api.w.org\/{rel}","templated":true}]}}