{"id":606828,"date":"2023-07-18T14:52:32","date_gmt":"2023-07-18T12:52:32","guid":{"rendered":"https:\/\/www.hashtag.al\/?p=606828"},"modified":"2023-07-18T14:52:32","modified_gmt":"2023-07-18T12:52:32","slug":"vangjush-dako-kerkoi-zbutjen-e-mases-se-sigurise-apeli-i-gjkko-se-e-le-ne-burg","status":"publish","type":"post","link":"https:\/\/www.hashtag.al\/index.php\/2023\/07\/18\/vangjush-dako-kerkoi-zbutjen-e-mases-se-sigurise-apeli-i-gjkko-se-e-le-ne-burg\/","title":{"rendered":"Vangjush Dako k\u00ebrkoi zbutjen e mas\u00ebs s\u00eb siguris\u00eb, Apeli i GJKKO-s\u00eb e l\u00eb n\u00eb burg","gt_translate_keys":[{"key":"rendered","format":"text"}]},"content":{"rendered":"<p><span style=\"color: #000000;\"><a href=\"https:\/\/www.hashtag.al\/wp-content\/uploads\/2023\/06\/GJKKO-vangush-dako.jpeg\"><img loading=\"lazy\" decoding=\"async\" class=\"aligncenter size-full wp-image-600458\" src=\"https:\/\/www.hashtag.al\/wp-content\/uploads\/2023\/06\/GJKKO-vangush-dako.jpeg\" alt=\"\" width=\"780\" height=\"440\" srcset=\"https:\/\/www.hashtag.al\/wp-content\/uploads\/2023\/06\/GJKKO-vangush-dako.jpeg 780w, https:\/\/www.hashtag.al\/wp-content\/uploads\/2023\/06\/GJKKO-vangush-dako-300x169.jpeg 300w, https:\/\/www.hashtag.al\/wp-content\/uploads\/2023\/06\/GJKKO-vangush-dako-768x433.jpeg 768w\" sizes=\"auto, (max-width: 780px) 100vw, 780px\" \/><\/a><\/span><\/p>\n<p><span style=\"color: #000000;\">Ish-kryebashkiaku Vangjush Dako ndon\u00ebse ka k\u00ebrkuar zbutje t\u00eb mas\u00ebs s\u00eb siguris\u00eb, Apeli i GJKKO-s\u00eb e ka l\u00ebn\u00eb n\u00eb burg.<\/span><\/p>\n<p><span style=\"color: #000000;\">Mediat raportojn\u00eb se vendimi u dha n\u00eb seanc\u00ebn e sotme gjyq\u00ebsore.<\/span><\/p>\n<p><span style=\"color: #000000;\">Dako ndodhet n\u00eb burg, nd\u00ebrsa akuzohet se n\u00eb bashk\u00ebpunim me ish-zyrtar\u00eb t\u00eb tjer\u00eb \u201c<em>kan\u00eb legalizuar nj\u00eb objekt t\u00eb nd\u00ebrtuar para zbardhjes s\u00eb lejes s\u00eb nd\u00ebrtimit, dhe jo sipas projektit t\u00eb miratuar\u201d.<\/em><\/span><\/p>\n<p><span style=\"color: #000000;\">Po k\u00ebshtu sipas SPAK, ish-kryebashkiaku s\u00eb bashku me drejtorin e firm\u00ebs s\u00eb nd\u00ebrtimit, arkitekten dhe topograf\u00ebt kan\u00eb shp\u00ebrdoruar detyr\u00ebn, ku citohet se k\u00ebta t\u00eb fundit \u201c<em>nuk kan\u00eb pasqyruar n\u00eb dokumentacionin tekniko-ligjor, t\u00eb objektit t\u00eb v\u00ebrtet\u00ebn n\u00eb lidhje me koh\u00ebn kur jan\u00eb b\u00ebr\u00eb punimet dhe \u00ebsht\u00eb realizuar nd\u00ebrtimi, duke b\u00ebr\u00eb q\u00eb k\u00ebto akte t\u00eb jen\u00eb t\u00eb falsifikuara n\u00eb p\u00ebrmbajtje\u201d.<\/em><\/span><\/p>\n<p>&nbsp;<\/p>\n<p>&nbsp;<\/p>\n<p><span style=\"color: #000000;\">VENDIMI I APELIT TE GJKKO<\/span><\/p>\n<p><span style=\"color: #000000;\"><em>Gjykata e Posa\u00e7me e Apelit p\u00ebr Korrupsionin dhe Krimin e Organizuar, me trup gjykues monokratik t\u00eb p\u00ebrb\u00ebr\u00eb nga gjyqtare Daniela Shirka, sot m\u00eb 18.07.2023, zhvilloi seanc\u00eb gjyq\u00ebsore p\u00ebr \u00e7\u00ebshtjen penale nr. 31 akti, dat\u00eb 10.07.2023 regjistrimi, regjistruar mbi ankimet e personave n\u00ebn hetim V.D., F.E., M.S.(P.), F.H., F.F., A.B., ndaj vendimeve nr. 57, dat\u00eb 06.06.2023 dhe nr. 61, dat\u00eb 08.06.2023 (mbi caktimin e masave t\u00eb sigurimit personal) t\u00eb Gjykat\u00ebs s\u00eb Posa\u00e7me t\u00eb Shkall\u00ebs s\u00eb Par\u00eb p\u00ebr Korrupsionin dhe Krimin e Organizuar, dhe vendosi:<\/em><\/span><\/p>\n<p><span style=\"color: #000000;\"><em>\u00a0<\/em><\/span><\/p>\n<p><span style=\"color: #000000;\"><em>\u2013 Miratimin e vendimit nr. 57 akti, dat\u00eb 06.06.2023 dhe vendimit nr. 61 akti, dat\u00eb 08.06.2023 t\u00eb Gjykat\u00ebs s\u00eb Posa\u00e7me t\u00eb Shkall\u00ebs s\u00eb Par\u00eb p\u00ebr Korrupsionin dhe Krimin e Organizuar p\u00ebr personin n\u00ebn hetim V.D.<\/em><\/span><\/p>\n<p><span style=\"color: #000000;\"><em>\u2013 Miratimin e vendimit nr. 57 akti, dat\u00eb 06.06.2023 t\u00eb Gjykat\u00ebs s\u00eb Posa\u00e7me t\u00eb Shkall\u00ebs s\u00eb Par\u00eb p\u00ebr Korrupsionin dhe Krimin e Organizuar p\u00ebr personat n\u00ebn hetim F.E. dhe F.H.<\/em><\/span><\/p>\n<p><span style=\"color: #000000;\"><em>\u2013 Miratimin e vendimit nr. 61 akti, dat\u00eb 08.06.2023 t\u00eb Gjykat\u00ebs s\u00eb Posa\u00e7me t\u00eb Shkall\u00ebs s\u00eb Par\u00eb p\u00ebr Korrupsionin dhe Krimin e Organizuar p\u00ebr personat n\u00ebn hetim M.S.(P.), F.F. dhe A.B.<\/em><\/span><\/p>\n","protected":false,"gt_translate_keys":[{"key":"rendered","format":"html"}]},"excerpt":{"rendered":"<p>Ish-kryebashkiaku Vangjush Dako ndon\u00ebse ka k\u00ebrkuar zbutje t\u00eb mas\u00ebs s\u00eb siguris\u00eb, Apeli i GJKKO-s\u00eb e ka l\u00ebn\u00eb n\u00eb burg. Mediat raportojn\u00eb se vendimi u dha n\u00eb seanc\u00ebn e sotme gjyq\u00ebsore. Dako ndodhet n\u00eb burg, nd\u00ebrsa akuzohet se n\u00eb bashk\u00ebpunim me ish-zyrtar\u00eb t\u00eb tjer\u00eb \u201ckan\u00eb legalizuar nj\u00eb objekt t\u00eb nd\u00ebrtuar para zbardhjes s\u00eb lejes s\u00eb nd\u00ebrtimit, [&hellip;]<\/p>\n","protected":false,"gt_translate_keys":[{"key":"rendered","format":"html"}]},"author":30,"featured_media":600458,"comment_status":"closed","ping_status":"closed","sticky":false,"template":"","format":"standard","meta":{"footnotes":""},"categories":[65],"tags":[],"class_list":["post-606828","post","type-post","status-publish","format-standard","has-post-thumbnail","hentry","category-lajme"],"gt_translate_keys":[{"key":"link","format":"url"}],"_links":{"self":[{"href":"https:\/\/www.hashtag.al\/index.php\/wp-json\/wp\/v2\/posts\/606828","targetHints":{"allow":["GET"]}}],"collection":[{"href":"https:\/\/www.hashtag.al\/index.php\/wp-json\/wp\/v2\/posts"}],"about":[{"href":"https:\/\/www.hashtag.al\/index.php\/wp-json\/wp\/v2\/types\/post"}],"author":[{"embeddable":true,"href":"https:\/\/www.hashtag.al\/index.php\/wp-json\/wp\/v2\/users\/30"}],"replies":[{"embeddable":true,"href":"https:\/\/www.hashtag.al\/index.php\/wp-json\/wp\/v2\/comments?post=606828"}],"version-history":[{"count":0,"href":"https:\/\/www.hashtag.al\/index.php\/wp-json\/wp\/v2\/posts\/606828\/revisions"}],"wp:featuredmedia":[{"embeddable":true,"href":"https:\/\/www.hashtag.al\/index.php\/wp-json\/wp\/v2\/media\/600458"}],"wp:attachment":[{"href":"https:\/\/www.hashtag.al\/index.php\/wp-json\/wp\/v2\/media?parent=606828"}],"wp:term":[{"taxonomy":"category","embeddable":true,"href":"https:\/\/www.hashtag.al\/index.php\/wp-json\/wp\/v2\/categories?post=606828"},{"taxonomy":"post_tag","embeddable":true,"href":"https:\/\/www.hashtag.al\/index.php\/wp-json\/wp\/v2\/tags?post=606828"}],"curies":[{"name":"wp","href":"https:\/\/api.w.org\/{rel}","templated":true}]}}