{"id":606610,"date":"2023-07-17T11:54:16","date_gmt":"2023-07-17T09:54:16","guid":{"rendered":"https:\/\/www.hashtag.al\/?p=606610"},"modified":"2023-07-17T11:54:16","modified_gmt":"2023-07-17T09:54:16","slug":"prishtina-e-quan-spekulim-lajmin-e-pjesemarrjes-se-zv-kryeministrit-bislimi-ne-takimin-e-kryeministrave-rajonale-ne-tirane","status":"publish","type":"post","link":"https:\/\/www.hashtag.al\/index.php\/2023\/07\/17\/prishtina-e-quan-spekulim-lajmin-e-pjesemarrjes-se-zv-kryeministrit-bislimi-ne-takimin-e-kryeministrave-rajonale-ne-tirane\/","title":{"rendered":"Prishtina e quan spekulim lajmin e pjes\u00ebmarrjes s\u00eb zv.kryeministrit Bislimi n\u00eb takimin e kryeministrave rajonal\u00eb n\u00eb Tiran\u00eb","gt_translate_keys":[{"key":"rendered","format":"text"}]},"content":{"rendered":"<p><img loading=\"lazy\" decoding=\"async\" class=\"aligncenter size-full wp-image-606611\" src=\"https:\/\/www.hashtag.al\/wp-content\/uploads\/2023\/07\/bislimi.jpg\" alt=\"\" width=\"1127\" height=\"772\" srcset=\"https:\/\/www.hashtag.al\/wp-content\/uploads\/2023\/07\/bislimi.jpg 1127w, https:\/\/www.hashtag.al\/wp-content\/uploads\/2023\/07\/bislimi-300x206.jpg 300w, https:\/\/www.hashtag.al\/wp-content\/uploads\/2023\/07\/bislimi-1024x701.jpg 1024w, https:\/\/www.hashtag.al\/wp-content\/uploads\/2023\/07\/bislimi-768x526.jpg 768w\" sizes=\"auto, (max-width: 1127px) 100vw, 1127px\" \/><\/p>\n<p><span style=\"color: #000000;\">Qeveria e Kosov\u00ebs ka hedhur posht\u00eb lajmin e qarkulluar n\u00eb media p\u00ebr pjes\u00ebmarrjen e zv.kryeministrit Besnik Bislimi n\u00eb takimin e sot\u00ebm informal n\u00eb Tiran\u00eb.<\/span><\/p>\n<p><span style=\"color: #000000;\">N\u00eb takim marrin pjes\u00eb kryeministrat e Serbis\u00eb, Maqedonis\u00eb s\u00eb Veriut e Malit\u00a0 t\u00eb Zi si dhe Komisioneri p\u00ebr Zgjerim Varhelyi. <\/span><\/p>\n<p><span style=\"color: #000000;\">Sipas qeveris\u00eb s\u00eb Kosov\u00ebs pjes\u00ebmarrja e Bislimit nuk ka qen\u00eb e planifikuar dhe as e konfirmuar.<\/span><\/p>\n<p><span style=\"color: #000000;\"><em>\u201cLajmi i djesh\u00ebm p\u00ebr pjes\u00ebmarrjen e z\u00ebvend\u00ebskryeministrit Bislimi n\u00eb takimin joformal n\u00eb Tiran\u00eb nuk \u00ebsht\u00eb i v\u00ebrtet\u00eb. Nuk ka qen\u00eb i planifikuar e aq m\u00eb pak i konfirmuar. Meq\u00eb nuk ka patur asnj\u00eb konfirmim nga z\u00ebvend\u00ebskryeministri Bislimi, at\u00ebher\u00eb nuk ka mundur as t&#8217;i refuzohej pjes\u00ebmarrja apo prania e tij. Prandaj edhe raportimet nga disa media shqiptare n\u00eb lidhje me refuzimin nuk jan\u00eb gj\u00eb tjet\u00ebr ve\u00e7se spekulim dhe duke qen\u00eb i till\u00eb ve\u00e7 mund t\u00eb spekulojm\u00eb p\u00ebr origjin\u00ebn e tij.\u201d<\/em> &#8211; njofton qeveria e Kosov\u00ebs.<\/span><\/p>\n","protected":false,"gt_translate_keys":[{"key":"rendered","format":"html"}]},"excerpt":{"rendered":"<p>Qeveria e Kosov\u00ebs ka hedhur posht\u00eb lajmin e qarkulluar n\u00eb media p\u00ebr pjes\u00ebmarrjen e zv.kryeministrit Besnik Bislimi n\u00eb takimin e sot\u00ebm informal n\u00eb Tiran\u00eb. N\u00eb takim marrin pjes\u00eb kryeministrat e Serbis\u00eb, Maqedonis\u00eb s\u00eb Veriut e Malit\u00a0 t\u00eb Zi si dhe Komisioneri p\u00ebr Zgjerim Varhelyi. Sipas qeveris\u00eb s\u00eb Kosov\u00ebs pjes\u00ebmarrja e Bislimit nuk ka qen\u00eb e [&hellip;]<\/p>\n","protected":false,"gt_translate_keys":[{"key":"rendered","format":"html"}]},"author":51,"featured_media":606611,"comment_status":"closed","ping_status":"closed","sticky":false,"template":"","format":"standard","meta":{"footnotes":""},"categories":[65,13],"tags":[],"class_list":["post-606610","post","type-post","status-publish","format-standard","has-post-thumbnail","hentry","category-lajme","category-te-fundit"],"gt_translate_keys":[{"key":"link","format":"url"}],"_links":{"self":[{"href":"https:\/\/www.hashtag.al\/index.php\/wp-json\/wp\/v2\/posts\/606610","targetHints":{"allow":["GET"]}}],"collection":[{"href":"https:\/\/www.hashtag.al\/index.php\/wp-json\/wp\/v2\/posts"}],"about":[{"href":"https:\/\/www.hashtag.al\/index.php\/wp-json\/wp\/v2\/types\/post"}],"author":[{"embeddable":true,"href":"https:\/\/www.hashtag.al\/index.php\/wp-json\/wp\/v2\/users\/51"}],"replies":[{"embeddable":true,"href":"https:\/\/www.hashtag.al\/index.php\/wp-json\/wp\/v2\/comments?post=606610"}],"version-history":[{"count":0,"href":"https:\/\/www.hashtag.al\/index.php\/wp-json\/wp\/v2\/posts\/606610\/revisions"}],"wp:featuredmedia":[{"embeddable":true,"href":"https:\/\/www.hashtag.al\/index.php\/wp-json\/wp\/v2\/media\/606611"}],"wp:attachment":[{"href":"https:\/\/www.hashtag.al\/index.php\/wp-json\/wp\/v2\/media?parent=606610"}],"wp:term":[{"taxonomy":"category","embeddable":true,"href":"https:\/\/www.hashtag.al\/index.php\/wp-json\/wp\/v2\/categories?post=606610"},{"taxonomy":"post_tag","embeddable":true,"href":"https:\/\/www.hashtag.al\/index.php\/wp-json\/wp\/v2\/tags?post=606610"}],"curies":[{"name":"wp","href":"https:\/\/api.w.org\/{rel}","templated":true}]}}