{"id":606606,"date":"2023-07-17T11:45:52","date_gmt":"2023-07-17T09:45:52","guid":{"rendered":"https:\/\/www.hashtag.al\/?p=606606"},"modified":"2023-07-17T11:45:52","modified_gmt":"2023-07-17T09:45:52","slug":"lufta-e-moskes-ne-ukraine-arsyeja-e-krizes-ne-ekonomine-boterore-dhe-shtimit-te-urise-ministrja-gjermane","status":"publish","type":"post","link":"https:\/\/www.hashtag.al\/index.php\/2023\/07\/17\/lufta-e-moskes-ne-ukraine-arsyeja-e-krizes-ne-ekonomine-boterore-dhe-shtimit-te-urise-ministrja-gjermane\/","title":{"rendered":"\u201cLufta e Mosk\u00ebs n\u00eb Ukrain\u00eb arsyeja e kriz\u00ebs n\u00eb ekonomin\u00eb bot\u00ebrore dhe shtimit t\u00eb uris\u00eb\u201d &#8211; Ministrja gjermane","gt_translate_keys":[{"key":"rendered","format":"text"}]},"content":{"rendered":"<p><span style=\"color: #000000;\"><img loading=\"lazy\" decoding=\"async\" class=\"aligncenter size-full wp-image-606607\" src=\"https:\/\/www.hashtag.al\/wp-content\/uploads\/2023\/07\/ezgif.com-webp-to-jpg-27.jpg\" alt=\"\" width=\"992\" height=\"558\" srcset=\"https:\/\/www.hashtag.al\/wp-content\/uploads\/2023\/07\/ezgif.com-webp-to-jpg-27.jpg 992w, https:\/\/www.hashtag.al\/wp-content\/uploads\/2023\/07\/ezgif.com-webp-to-jpg-27-300x169.jpg 300w, https:\/\/www.hashtag.al\/wp-content\/uploads\/2023\/07\/ezgif.com-webp-to-jpg-27-768x432.jpg 768w\" sizes=\"auto, (max-width: 992px) 100vw, 992px\" \/><\/span><\/p>\n<p><span style=\"color: #000000;\">Operacioni ushtarak i Rusis\u00eb n\u00eb Ukrain\u00eb \u00ebsht\u00eb arsyeja e kriz\u00ebs s\u00eb kostos s\u00eb jetes\u00ebs n\u00eb Gjermani, tha ministrja e Jashtme Annalena Baerbock p\u00ebr gazet\u00ebn <span style=\"color: #0000ff;\"><a style=\"color: #0000ff;\" href=\"https:\/\/www.bild.de\/politik\/ausland\/politik-ausland\/annalena-baerbock-soziale-probleme-nicht-gegen-ukraine-hilfe-ausspielen-84695906.bild.html\">Bild<\/a><\/span> n\u00eb nj\u00eb intervist\u00eb t\u00eb botuar t\u00eb shtun\u00ebn.<\/span><\/p>\n<p><span style=\"color: #000000;\">E pyetur p\u00ebr nj\u00eb shpjegim p\u00ebr premtimin e fundit t\u00eb Berlinit p\u00ebr ndihm\u00eb ushtarake p\u00ebr Kievin, nd\u00ebrkoh\u00eb q\u00eb Gjermania vuan nga rritja e inflacionit, duke i b\u00ebr\u00eb njer\u00ebzit t\u00eb shkurtojn\u00eb shpenzimet si pushimet, Baerbock tha, \u2018nj\u00ebra nuk ka t\u00eb b\u00ebj\u00eb fare me tjetr\u00ebn\u2019. Ajo pohoi se nuk \u00ebsht\u00eb ndihma ushtarake p\u00ebr Ukrain\u00ebn q\u00eb po r\u00ebndon n\u00eb xhepat e gjerman\u00ebve, por operacioni ushtarak i Rusis\u00eb.<\/span><\/p>\n<p><span style=\"color: #000000;\"><em>\u201cKjo luft\u00eb ruse nuk \u00ebsht\u00eb vet\u00ebm shkaku i situat\u00ebs katastrofike n\u00eb Ukrain\u00eb, por \u00ebsht\u00eb edhe arsyeja pse ekonomia bot\u00ebrore \u00ebsht\u00eb futur n\u00eb nj\u00eb kriz\u00eb tjet\u00ebr pas Covid-19, q\u00eb uria n\u00eb bot\u00eb \u00ebsht\u00eb rritur, q\u00eb ne jemi gjithashtu n\u00eb nj\u00eb recesion ekonomik n\u00eb Evrop\u00eb, sepse e kemi b\u00ebr\u00eb veten t\u00eb pavarur nga gazi dhe nafta ruse\u201d<\/em>, tha Baerbock.<\/span><\/p>\n<p><span style=\"color: #000000;\"><em>\u201cMe fjal\u00eb t\u00eb tjera, t\u00eb gjith\u00eb atyre q\u00eb tani thon\u00eb: \u2018B\u00ebni di\u00e7ka p\u00ebr inflacionin\u2019, un\u00eb u p\u00ebrgjigjem: \u201cKjo \u00ebsht\u00eb nj\u00eb nga arsyet pse kjo luft\u00eb duhet t\u00eb ndalet\u201d.<\/em><\/span><\/p>\n<p><span style=\"color: #000000;\">Baerbock tha se fakti q\u00eb njer\u00ebzit nuk kan\u00eb para t\u00eb mjaftueshme p\u00ebr t\u00eb shkuar me pushime e l\u00ebndon at\u00eb gjithashtu, por u b\u00ebri thirrje njer\u00ebzve \u2018t\u00eb ken\u00eb kujdes q\u00eb t\u00eb mos fillojm\u00eb t\u00eb shikojm\u00eb larg nga ajo q\u00eb po ndodh n\u00eb Ukrain\u00eb kur flasim p\u00ebr pushimet sepse edhe kjo luft\u00eb nuk na ka l\u00ebn\u00eb pa prekur\u2019.<\/span><\/p>\n","protected":false,"gt_translate_keys":[{"key":"rendered","format":"html"}]},"excerpt":{"rendered":"<p>Operacioni ushtarak i Rusis\u00eb n\u00eb Ukrain\u00eb \u00ebsht\u00eb arsyeja e kriz\u00ebs s\u00eb kostos s\u00eb jetes\u00ebs n\u00eb Gjermani, tha ministrja e Jashtme Annalena Baerbock p\u00ebr gazet\u00ebn Bild n\u00eb nj\u00eb intervist\u00eb t\u00eb botuar t\u00eb shtun\u00ebn. E pyetur p\u00ebr nj\u00eb shpjegim p\u00ebr premtimin e fundit t\u00eb Berlinit p\u00ebr ndihm\u00eb ushtarake p\u00ebr Kievin, nd\u00ebrkoh\u00eb q\u00eb Gjermania vuan nga rritja e [&hellip;]<\/p>\n","protected":false,"gt_translate_keys":[{"key":"rendered","format":"html"}]},"author":51,"featured_media":606607,"comment_status":"closed","ping_status":"closed","sticky":false,"template":"","format":"standard","meta":{"footnotes":""},"categories":[53],"tags":[],"class_list":["post-606606","post","type-post","status-publish","format-standard","has-post-thumbnail","hentry","category-fast-foodi"],"gt_translate_keys":[{"key":"link","format":"url"}],"_links":{"self":[{"href":"https:\/\/www.hashtag.al\/index.php\/wp-json\/wp\/v2\/posts\/606606","targetHints":{"allow":["GET"]}}],"collection":[{"href":"https:\/\/www.hashtag.al\/index.php\/wp-json\/wp\/v2\/posts"}],"about":[{"href":"https:\/\/www.hashtag.al\/index.php\/wp-json\/wp\/v2\/types\/post"}],"author":[{"embeddable":true,"href":"https:\/\/www.hashtag.al\/index.php\/wp-json\/wp\/v2\/users\/51"}],"replies":[{"embeddable":true,"href":"https:\/\/www.hashtag.al\/index.php\/wp-json\/wp\/v2\/comments?post=606606"}],"version-history":[{"count":0,"href":"https:\/\/www.hashtag.al\/index.php\/wp-json\/wp\/v2\/posts\/606606\/revisions"}],"wp:featuredmedia":[{"embeddable":true,"href":"https:\/\/www.hashtag.al\/index.php\/wp-json\/wp\/v2\/media\/606607"}],"wp:attachment":[{"href":"https:\/\/www.hashtag.al\/index.php\/wp-json\/wp\/v2\/media?parent=606606"}],"wp:term":[{"taxonomy":"category","embeddable":true,"href":"https:\/\/www.hashtag.al\/index.php\/wp-json\/wp\/v2\/categories?post=606606"},{"taxonomy":"post_tag","embeddable":true,"href":"https:\/\/www.hashtag.al\/index.php\/wp-json\/wp\/v2\/tags?post=606606"}],"curies":[{"name":"wp","href":"https:\/\/api.w.org\/{rel}","templated":true}]}}