{"id":606578,"date":"2023-07-17T08:27:01","date_gmt":"2023-07-17T06:27:01","guid":{"rendered":"https:\/\/www.hashtag.al\/?p=606578"},"modified":"2023-07-17T11:50:13","modified_gmt":"2023-07-17T09:50:13","slug":"lideret-e-rajonit-e-varhelyi-mblidhen-ne-tirane-mungon-kurti","status":"publish","type":"post","link":"https:\/\/www.hashtag.al\/index.php\/2023\/07\/17\/lideret-e-rajonit-e-varhelyi-mblidhen-ne-tirane-mungon-kurti\/","title":{"rendered":"Lider\u00ebt e rajonit e Varhelyi mblidhen n\u00eb Tiran\u00eb, mungon Kurti","gt_translate_keys":[{"key":"rendered","format":"text"}]},"content":{"rendered":"<p><img loading=\"lazy\" decoding=\"async\" class=\"aligncenter size-full wp-image-606579\" src=\"https:\/\/www.hashtag.al\/wp-content\/uploads\/2023\/07\/procesiberlin.jpeg\" alt=\"\" width=\"640\" height=\"360\" srcset=\"https:\/\/www.hashtag.al\/wp-content\/uploads\/2023\/07\/procesiberlin.jpeg 640w, https:\/\/www.hashtag.al\/wp-content\/uploads\/2023\/07\/procesiberlin-300x169.jpeg 300w\" sizes=\"auto, (max-width: 640px) 100vw, 640px\" \/><\/p>\n<p><span style=\"color: #000000;\">Lider\u00ebt e rajonit dhe Komisioneri p\u00ebr Zgjerimin Oliver Varhelyi mb\u00ebrrijn\u00eb sot n\u00eb Tiran\u00eb n\u00eb nj\u00eb takim p\u00ebrgatitor p\u00ebr samitin e Procesit t\u00eb Berlinit. <\/span><\/p>\n<p><span style=\"color: #000000;\">N\u00eb takim nuk do marr\u00eb pjes\u00eb n\u00eb takim pasi sipas zyr\u00ebs s\u00eb shtypit ndodhet n\u00eb Greqi n\u00eb nj\u00eb simpozium nd\u00ebrkomb\u00ebtar.<\/span><\/p>\n<p><span style=\"color: #000000;\"> Pjes\u00eb e tryez\u00ebs n\u00eb Tiran\u00eb do jen\u00eb kryeministri i Malit t\u00eb Zi Dritan Abazovi\u00e7, ajo e Serbis\u00eb Ana B\u00ebrnabi\u00e7 e i Maqedonis\u00eb s\u00eb Veriut Dimitar Kova\u00e7evski.<\/span><\/p>\n","protected":false,"gt_translate_keys":[{"key":"rendered","format":"html"}]},"excerpt":{"rendered":"<p>Lider\u00ebt e rajonit dhe Komisioneri p\u00ebr Zgjerimin Oliver Varhelyi mb\u00ebrrijn\u00eb sot n\u00eb Tiran\u00eb n\u00eb nj\u00eb takim p\u00ebrgatitor p\u00ebr samitin e Procesit t\u00eb Berlinit. N\u00eb takim nuk do marr\u00eb pjes\u00eb n\u00eb takim pasi sipas zyr\u00ebs s\u00eb shtypit ndodhet n\u00eb Greqi n\u00eb nj\u00eb simpozium nd\u00ebrkomb\u00ebtar. Pjes\u00eb e tryez\u00ebs n\u00eb Tiran\u00eb do jen\u00eb kryeministri i Malit t\u00eb Zi [&hellip;]<\/p>\n","protected":false,"gt_translate_keys":[{"key":"rendered","format":"html"}]},"author":51,"featured_media":606579,"comment_status":"closed","ping_status":"closed","sticky":false,"template":"","format":"standard","meta":{"footnotes":""},"categories":[65,13],"tags":[],"class_list":["post-606578","post","type-post","status-publish","format-standard","has-post-thumbnail","hentry","category-lajme","category-te-fundit"],"gt_translate_keys":[{"key":"link","format":"url"}],"_links":{"self":[{"href":"https:\/\/www.hashtag.al\/index.php\/wp-json\/wp\/v2\/posts\/606578","targetHints":{"allow":["GET"]}}],"collection":[{"href":"https:\/\/www.hashtag.al\/index.php\/wp-json\/wp\/v2\/posts"}],"about":[{"href":"https:\/\/www.hashtag.al\/index.php\/wp-json\/wp\/v2\/types\/post"}],"author":[{"embeddable":true,"href":"https:\/\/www.hashtag.al\/index.php\/wp-json\/wp\/v2\/users\/51"}],"replies":[{"embeddable":true,"href":"https:\/\/www.hashtag.al\/index.php\/wp-json\/wp\/v2\/comments?post=606578"}],"version-history":[{"count":0,"href":"https:\/\/www.hashtag.al\/index.php\/wp-json\/wp\/v2\/posts\/606578\/revisions"}],"wp:featuredmedia":[{"embeddable":true,"href":"https:\/\/www.hashtag.al\/index.php\/wp-json\/wp\/v2\/media\/606579"}],"wp:attachment":[{"href":"https:\/\/www.hashtag.al\/index.php\/wp-json\/wp\/v2\/media?parent=606578"}],"wp:term":[{"taxonomy":"category","embeddable":true,"href":"https:\/\/www.hashtag.al\/index.php\/wp-json\/wp\/v2\/categories?post=606578"},{"taxonomy":"post_tag","embeddable":true,"href":"https:\/\/www.hashtag.al\/index.php\/wp-json\/wp\/v2\/tags?post=606578"}],"curies":[{"name":"wp","href":"https:\/\/api.w.org\/{rel}","templated":true}]}}