{"id":606561,"date":"2023-07-16T22:39:49","date_gmt":"2023-07-16T20:39:49","guid":{"rendered":"https:\/\/www.hashtag.al\/?p=606561"},"modified":"2023-07-16T22:39:49","modified_gmt":"2023-07-16T20:39:49","slug":"putin-nis-spastrimet-e-ushtarakeve-prane-wagnerit-mediat-perendimore","status":"publish","type":"post","link":"https:\/\/www.hashtag.al\/index.php\/2023\/07\/16\/putin-nis-spastrimet-e-ushtarakeve-prane-wagnerit-mediat-perendimore\/","title":{"rendered":"&#8220;Putin nis spastrimet e ushtarak\u00ebve pran\u00eb Wagnerit&#8221; &#8211; Mediat per\u00ebndimore","gt_translate_keys":[{"key":"rendered","format":"text"}]},"content":{"rendered":"<div class=\"single_container\">\n<div class=\"container no-gutter\">\n<div class=\"row\">\n<div class=\"col-md-8 col-sm-8 full_col_tab portrait_full single_wrap\">\n<div class=\"container no-gutter responsive-full-width\">\n<div class=\"row\">\n<div class=\"col-md-12 col-sm-12\">\n<div class=\"breadcrumb-wrapper\"><\/div>\n<\/div>\n<\/div>\n<\/div>\n<div class=\"container no-gutter responsive-full-width\">\n<div class=\"row\">\n<div class=\"col-md-12 col-sm-12\">\n<div class=\"news-full-content\">\n<div class=\"full_content_thumb_wrap thumb_holder\"><\/div>\n<\/div>\n<\/div>\n<\/div>\n<\/div>\n<div class=\"container no-gutter responsive-full-width article_content\">\n<div class=\"row\">\n<div class=\"col-md-10 col-sm-10 article-text\">\n<p><span style=\"color: #000000;\"><a style=\"color: #000000;\" href=\"https:\/\/www.hashtag.al\/wp-content\/uploads\/2023\/07\/rwsoi_mak.jpg\"><img loading=\"lazy\" decoding=\"async\" class=\"aligncenter size-full wp-image-606562\" src=\"https:\/\/www.hashtag.al\/wp-content\/uploads\/2023\/07\/rwsoi_mak.jpg\" alt=\"\" width=\"1360\" height=\"706\" srcset=\"https:\/\/www.hashtag.al\/wp-content\/uploads\/2023\/07\/rwsoi_mak.jpg 1360w, https:\/\/www.hashtag.al\/wp-content\/uploads\/2023\/07\/rwsoi_mak-300x156.jpg 300w, https:\/\/www.hashtag.al\/wp-content\/uploads\/2023\/07\/rwsoi_mak-1024x532.jpg 1024w, https:\/\/www.hashtag.al\/wp-content\/uploads\/2023\/07\/rwsoi_mak-768x399.jpg 768w\" sizes=\"auto, (max-width: 1360px) 100vw, 1360px\" \/><\/a><\/span><\/p>\n<p><span style=\"color: #000000;\">Disa oficer\u00eb t\u00eb rangut t\u00eb lart\u00eb rus\u00eb duket se jan\u00eb n\u00eb paraburgim nd\u00ebrsa Kremlini po l\u00ebviz p\u00ebr t\u00eb spastruar ushtrin\u00eb n\u00eb nj\u00eb p\u00ebrpjekje p\u00ebr t\u00eb identifikuar ata q\u00eb kan\u00eb lidhje me grupin paramilitar Wagner.<\/span><\/p>\n<p><span style=\"color: #000000;\">Sipas mediave t\u00eb huaja jan\u00eb arrestuar t\u00eb pakt\u00ebn 13 oficer\u00eb t\u00eb lart\u00eb dhe disa prej tyre jan\u00eb liruar m\u00eb pas. N\u00eb t\u00eb nj\u00ebjt\u00ebn koh\u00eb ka pasur disa t\u00eb cil\u00ebt ose jan\u00eb pezulluar ose p\u00ebrjashtuar nga pozitat e tyre dhe t\u00eb tjer\u00eb q\u00eb jan\u00eb duke u marr\u00eb n\u00eb pyetje.<\/span><\/p>\n<p><span style=\"color: #000000;\">Sipas Wall Street Journal, n\u00eb mesin e t\u00eb pyeturve thuhet se \u00ebsht\u00eb gjenerali Sergei Surovikin, i njohur gjithashtu si \u201cArmagedoni\u201d.<\/span><\/p>\n<p><span style=\"color: #000000;\">P\u00ebrve\u00e7 Surovikin, besohet se jan\u00eb sh\u00ebnjestruar koloneli Andrei Yudin, n\u00ebnkryetari i GRU-s\u00eb, gjenerallejt\u00ebnant Vladimir Alekseyev dhe ish-z\u00ebvend\u00ebsministri i mbrojtjes Mikhail Mizinchev. Burimet q\u00eb fol\u00ebn p\u00ebr gazet\u00ebn amerikane than\u00eb se ka zyrtar\u00eb t\u00eb tjer\u00eb t\u00eb sh\u00ebnjestruar nga Putin.<\/span><\/p>\n<\/div>\n<\/div>\n<\/div>\n<\/div>\n<\/div>\n<\/div>\n<\/div>\n","protected":false,"gt_translate_keys":[{"key":"rendered","format":"html"}]},"excerpt":{"rendered":"<p>Disa oficer\u00eb t\u00eb rangut t\u00eb lart\u00eb rus\u00eb duket se jan\u00eb n\u00eb paraburgim nd\u00ebrsa Kremlini po l\u00ebviz p\u00ebr t\u00eb spastruar ushtrin\u00eb n\u00eb nj\u00eb p\u00ebrpjekje p\u00ebr t\u00eb identifikuar ata q\u00eb kan\u00eb lidhje me grupin paramilitar Wagner. Sipas mediave t\u00eb huaja jan\u00eb arrestuar t\u00eb pakt\u00ebn 13 oficer\u00eb t\u00eb lart\u00eb dhe disa prej tyre jan\u00eb liruar m\u00eb pas. N\u00eb [&hellip;]<\/p>\n","protected":false,"gt_translate_keys":[{"key":"rendered","format":"html"}]},"author":32,"featured_media":606562,"comment_status":"closed","ping_status":"closed","sticky":false,"template":"","format":"standard","meta":{"footnotes":""},"categories":[6,13],"tags":[],"class_list":["post-606561","post","type-post","status-publish","format-standard","has-post-thumbnail","hentry","category-nderkombetare","category-te-fundit"],"gt_translate_keys":[{"key":"link","format":"url"}],"_links":{"self":[{"href":"https:\/\/www.hashtag.al\/index.php\/wp-json\/wp\/v2\/posts\/606561","targetHints":{"allow":["GET"]}}],"collection":[{"href":"https:\/\/www.hashtag.al\/index.php\/wp-json\/wp\/v2\/posts"}],"about":[{"href":"https:\/\/www.hashtag.al\/index.php\/wp-json\/wp\/v2\/types\/post"}],"author":[{"embeddable":true,"href":"https:\/\/www.hashtag.al\/index.php\/wp-json\/wp\/v2\/users\/32"}],"replies":[{"embeddable":true,"href":"https:\/\/www.hashtag.al\/index.php\/wp-json\/wp\/v2\/comments?post=606561"}],"version-history":[{"count":0,"href":"https:\/\/www.hashtag.al\/index.php\/wp-json\/wp\/v2\/posts\/606561\/revisions"}],"wp:featuredmedia":[{"embeddable":true,"href":"https:\/\/www.hashtag.al\/index.php\/wp-json\/wp\/v2\/media\/606562"}],"wp:attachment":[{"href":"https:\/\/www.hashtag.al\/index.php\/wp-json\/wp\/v2\/media?parent=606561"}],"wp:term":[{"taxonomy":"category","embeddable":true,"href":"https:\/\/www.hashtag.al\/index.php\/wp-json\/wp\/v2\/categories?post=606561"},{"taxonomy":"post_tag","embeddable":true,"href":"https:\/\/www.hashtag.al\/index.php\/wp-json\/wp\/v2\/tags?post=606561"}],"curies":[{"name":"wp","href":"https:\/\/api.w.org\/{rel}","templated":true}]}}