{"id":606558,"date":"2023-07-16T22:07:26","date_gmt":"2023-07-16T20:07:26","guid":{"rendered":"https:\/\/www.hashtag.al\/?p=606558"},"modified":"2023-07-16T22:07:26","modified_gmt":"2023-07-16T20:07:26","slug":"rama-mbledh-neser-kreret-e-vendeve-te-ballkanit-perendimor-ne-takimin-informal","status":"publish","type":"post","link":"https:\/\/www.hashtag.al\/index.php\/2023\/07\/16\/rama-mbledh-neser-kreret-e-vendeve-te-ballkanit-perendimor-ne-takimin-informal\/","title":{"rendered":"Rama mbledh nes\u00ebr krer\u00ebt e vendeve t\u00eb Ballkanit Per\u00ebndimor n\u00eb takimin informal","gt_translate_keys":[{"key":"rendered","format":"text"}]},"content":{"rendered":"<p><a style=\"color: #000000;\" href=\"https:\/\/www.hashtag.al\/wp-content\/uploads\/2023\/07\/vucic-kovacevski-rama.jpg\"><img loading=\"lazy\" decoding=\"async\" class=\"size-full wp-image-606559\" src=\"https:\/\/www.hashtag.al\/wp-content\/uploads\/2023\/07\/vucic-kovacevski-rama.jpg\" alt=\"\" width=\"600\" height=\"398\" srcset=\"https:\/\/www.hashtag.al\/wp-content\/uploads\/2023\/07\/vucic-kovacevski-rama.jpg 600w, https:\/\/www.hashtag.al\/wp-content\/uploads\/2023\/07\/vucic-kovacevski-rama-300x199.jpg 300w\" sizes=\"auto, (max-width: 600px) 100vw, 600px\" \/><\/a><\/p>\n<p><span style=\"color: #000000;\">Nj\u00eb takim joformal i udh\u00ebheq\u00ebsve t\u00eb Ballkanit Per\u00ebndimor \u00ebsht\u00eb parapar\u00eb t\u00eb zhvillohet t\u00eb h\u00ebn\u00ebn e 17 korrikut n\u00eb Tiran\u00eb.<\/span><\/p>\n<p><span style=\"color: #000000;\">I pranish\u00ebm n\u00eb k\u00ebt\u00eb mbledhje pritet t\u00eb jet\u00eb edhe komisionari i Bashkimit Evropian p\u00ebr Fqinj\u00ebsi dhe Zgjerim, Oliver Varheyli.<\/span><\/p>\n<p><span style=\"color: #000000;\">Takimi \u00ebsht\u00eb menduar t\u00eb zhvillohet n\u00eb kuad\u00ebr t\u00eb p\u00ebrgatitjeve p\u00ebr samitin e Procesit t\u00eb Berlinit, q\u00eb do t\u00eb mbahet n\u00eb kryeqytetin e Shqip\u00ebris\u00eb, m\u00eb 16 tetor.<\/span><\/p>\n<p><span style=\"color: #000000;\">Kryeministri i Shqip\u00ebris\u00eb, Edi Rama, vendi\u00a0 ka paralajm\u00ebruar takimin joformal gjat\u00eb turneut t\u00eb tij n\u00ebp\u00ebr shtetet e Ballkanit Per\u00ebndimor, pak dit\u00eb m\u00eb par\u00eb.<\/span><\/p>\n","protected":false,"gt_translate_keys":[{"key":"rendered","format":"html"}]},"excerpt":{"rendered":"<p>Nj\u00eb takim joformal i udh\u00ebheq\u00ebsve t\u00eb Ballkanit Per\u00ebndimor \u00ebsht\u00eb parapar\u00eb t\u00eb zhvillohet t\u00eb h\u00ebn\u00ebn e 17 korrikut n\u00eb Tiran\u00eb. I pranish\u00ebm n\u00eb k\u00ebt\u00eb mbledhje pritet t\u00eb jet\u00eb edhe komisionari i Bashkimit Evropian p\u00ebr Fqinj\u00ebsi dhe Zgjerim, Oliver Varheyli. Takimi \u00ebsht\u00eb menduar t\u00eb zhvillohet n\u00eb kuad\u00ebr t\u00eb p\u00ebrgatitjeve p\u00ebr samitin e Procesit t\u00eb Berlinit, q\u00eb do [&hellip;]<\/p>\n","protected":false,"gt_translate_keys":[{"key":"rendered","format":"html"}]},"author":32,"featured_media":606559,"comment_status":"closed","ping_status":"closed","sticky":false,"template":"","format":"standard","meta":{"footnotes":""},"categories":[65,13],"tags":[],"class_list":["post-606558","post","type-post","status-publish","format-standard","has-post-thumbnail","hentry","category-lajme","category-te-fundit"],"gt_translate_keys":[{"key":"link","format":"url"}],"_links":{"self":[{"href":"https:\/\/www.hashtag.al\/index.php\/wp-json\/wp\/v2\/posts\/606558","targetHints":{"allow":["GET"]}}],"collection":[{"href":"https:\/\/www.hashtag.al\/index.php\/wp-json\/wp\/v2\/posts"}],"about":[{"href":"https:\/\/www.hashtag.al\/index.php\/wp-json\/wp\/v2\/types\/post"}],"author":[{"embeddable":true,"href":"https:\/\/www.hashtag.al\/index.php\/wp-json\/wp\/v2\/users\/32"}],"replies":[{"embeddable":true,"href":"https:\/\/www.hashtag.al\/index.php\/wp-json\/wp\/v2\/comments?post=606558"}],"version-history":[{"count":0,"href":"https:\/\/www.hashtag.al\/index.php\/wp-json\/wp\/v2\/posts\/606558\/revisions"}],"wp:featuredmedia":[{"embeddable":true,"href":"https:\/\/www.hashtag.al\/index.php\/wp-json\/wp\/v2\/media\/606559"}],"wp:attachment":[{"href":"https:\/\/www.hashtag.al\/index.php\/wp-json\/wp\/v2\/media?parent=606558"}],"wp:term":[{"taxonomy":"category","embeddable":true,"href":"https:\/\/www.hashtag.al\/index.php\/wp-json\/wp\/v2\/categories?post=606558"},{"taxonomy":"post_tag","embeddable":true,"href":"https:\/\/www.hashtag.al\/index.php\/wp-json\/wp\/v2\/tags?post=606558"}],"curies":[{"name":"wp","href":"https:\/\/api.w.org\/{rel}","templated":true}]}}