{"id":606384,"date":"2023-07-15T13:43:12","date_gmt":"2023-07-15T11:43:12","guid":{"rendered":"https:\/\/www.hashtag.al\/?p=606384"},"modified":"2023-07-15T13:43:12","modified_gmt":"2023-07-15T11:43:12","slug":"tema-dokumentet-qe-pergenjeshtrojne-edmond-spahon-dhe-vasilin","status":"publish","type":"post","link":"https:\/\/www.hashtag.al\/index.php\/2023\/07\/15\/tema-dokumentet-qe-pergenjeshtrojne-edmond-spahon-dhe-vasilin\/","title":{"rendered":"TemA: Dokumentet q\u00eb p\u00ebrg\u00ebnjeshtrojn\u00eb Edmond Spahon dhe Vasilin","gt_translate_keys":[{"key":"rendered","format":"text"}]},"content":{"rendered":"<p><img loading=\"lazy\" decoding=\"async\" class=\"aligncenter size-full wp-image-606387\" src=\"https:\/\/www.hashtag.al\/wp-content\/uploads\/2023\/07\/640-0-1684068806xspaho-899.jpg\" alt=\"\" width=\"640\" height=\"361\" srcset=\"https:\/\/www.hashtag.al\/wp-content\/uploads\/2023\/07\/640-0-1684068806xspaho-899.jpg 640w, https:\/\/www.hashtag.al\/wp-content\/uploads\/2023\/07\/640-0-1684068806xspaho-899-300x169.jpg 300w\" sizes=\"auto, (max-width: 640px) 100vw, 640px\" \/><\/p>\n<p><span style=\"color: #000000;\">Deputeti i foltores Edmond Spaho me nj\u00eb status n\u00eb Facebook ka ricikluar akuzat e b\u00ebra dy vite m\u00eb par\u00eb se qeveria dhe posa\u00e7\u00ebrisht Ministria e Energjis\u00eb dhe Industris\u00eb i kishte dh\u00ebn\u00eb shoq\u00ebris\u00eb q\u00eb do nd\u00ebrtonte incenerator\u00ebt edhe nj\u00eb kontrat\u00eb p\u00ebr nd\u00ebrtim t\u00eb impiantit t\u00eb prodhimit t\u00eb energjis\u00eb nga djegia e mbetjeve p\u00ebr 25 vite duke garantuar edhe blerjen e energjis\u00eb.<\/span><\/p>\n<p><span style=\"color: #000000;\">P\u00ebr k\u00ebt\u00eb, Spaho nuk hezitoi t\u00eb akuzoj\u00eb me em\u00ebr edhe ish-ministrin e Energjis\u00eb dhe Industris\u00eb Damian Gjiknuri. Nj\u00eb akuz\u00eb q\u00eb ekzaltoi pamas\u00eb Petrit Vasilin e LSI q\u00eb si\u00e7 duket gjeti koh\u00ebn t\u00eb g\u00ebzoj\u00eb e t\u00eb shk\u00ebpus\u00eb mendjen nga \u00e7\u00ebshtja e nxeht\u00eb CEZ-DIA dhe pasojat e pritshme t\u00eb saj p\u00ebr kokat e LSI. Vasili madje deklaroi se zbulimi i ricikluar pas dy vitesh nga Spaho ishte nj\u00eb bomb\u00eb.<\/span><\/p>\n<p><span style=\"color: #000000;\">S\u00eb pari, Spaho e Vasili aludojn\u00eb se kompania e incenerator\u00ebve kishte marr\u00eb nj\u00eb koncesion t\u00eb dyt\u00eb q\u00eb mbivendosej me t\u00eb parin e l\u00ebshuar nga Ministria e Mjedisit. S\u00eb dyti, Spaho e Vasili aludojn\u00eb se kompania kishte marr\u00eb t\u00eb drejt\u00ebn t\u00eb prodhonte dhe shiste energjin\u00eb p\u00ebr 25 vite nd\u00ebrsa kontrat\u00ebn e koncesionit n\u00eb inceneratorin e Elbasanit e kishte vet\u00ebm p\u00ebr 7 vite. Pra, sikur kishte t\u00eb drejt\u00ebn p\u00ebr t\u00eb shitur energjin\u00eb edhe pasi t\u00eb kishte dor\u00ebzuar vepr\u00ebn tek shteti.<\/span><\/p>\n<p><span style=\"color: #000000;\">E v\u00ebrteta n\u00eb fakt \u00ebsht\u00eb krejt tjet\u00ebr. S\u00eb pari, ministria e drejtuar nga Damian Gjiknuri nuk ka firmosur asnj\u00eb kontrat\u00eb t\u00eb asnj\u00ebrit prej incenerator\u00ebve t\u00eb Elbasanit, Fierit dhe as Tiran\u00ebs. N\u00eb pamund\u00ebsin\u00eb p\u00ebr ta p\u00ebrfshir\u00eb n\u00eb k\u00ebt\u00eb \u00e7\u00ebshtje, pasi d\u00ebshtuan edhe me historin\u00eb e aludimeve p\u00ebr pagesa hotelesh nga bos\u00ebt e incenerator\u00ebve, Spaho e Vasili kan\u00eb tentuar indirekt t\u00eb shfryt\u00ebzojn\u00eb elementin e prodhimit t\u00eb energjis\u00eb duke p\u00ebrdorur dy spekulime.<\/span><\/p>\n<p><span style=\"color: #000000;\">Ministria e Energjis\u00eb dhe Industris\u00eb nuk ka l\u00ebshuar koncesion t\u00eb dyt\u00eb kompanis\u00eb s\u00eb inceneratorit. N\u00eb zbatim t\u00eb kontrat\u00ebs q\u00eb kompania kishte n\u00eb fuqi me Ministrin\u00eb e Mjedisit, t\u00eb miratuar nga qeveria, ajo kishte fituar t\u00eb drejt\u00ebn p\u00ebr t\u00eb nd\u00ebrtuar impiantin s\u00ebbashku me pjes\u00ebn e teknologjis\u00eb q\u00eb b\u00ebn shnd\u00ebrrimin e energjise termike te mbetjeve n\u00eb energji elektrike. N\u00eb zbatim t\u00eb k\u00ebsaj kontrate, Ministria e Energjis\u00eb kishte detyrimin ligjor p\u00ebr t\u00eb autorizuar dhe hapur rrug\u00ebn e licensimit t\u00eb shoq\u00ebris\u00eb \u201cALBTEK ENERGY\u201d shpk. p\u00ebr prodhimin dhe tregtimin e energjis\u00eb.<\/span><\/p>\n<p><span style=\"color: #000000;\">Nj\u00ebsoj si dhe autorizimet e tjera q\u00eb jepen p\u00ebr gjenerim energjie edhe n\u00eb burimet e gjenerimit nga uji, dielli apo era, kjo e drejt\u00eb l\u00ebshohet p\u00ebr 25\u00a0 apo dhe me shume vite. Pra, kompania autorizohet t\u00eb prodhoj\u00eb dhe t\u00eb shes\u00eb energjin\u00eb elektrike t\u00eb prodhuar nga p\u00ebrpunimi i mbetjeve. Ky autorizim \u00ebsht\u00eb detyrim kontraktual\u00a0 por dhe sipas legjislacionit n\u00eb fuqi. Jo l\u00ebshimi por mosl\u00ebshimi i tij do t\u00eb ishte nj\u00eb shkelje ligji nga ministria p\u00ebrgjegj\u00ebse.<\/span><\/p>\n<p><span style=\"color: #000000;\">N\u00eb p\u00ebrfundim t\u00eb kontrat\u00ebs koncesionare, pra n\u00eb p\u00ebrfundim t\u00eb periudh\u00ebs 7 vje\u00e7are t\u00eb koncesionit t\u00eb inceneratorit t\u00eb Elbasanit, kjo vep\u00ebr transferohet n\u00eb administrim t\u00eb shtat\u00eb bashkive t\u00eb Qarkut t\u00eb Elbasanit. Kto t\u00eb fundit marrin n\u00eb pron\u00ebsi vepr\u00ebn dhe fitojn\u00eb automatikisht edhe t\u00eb drejtat e fituara nga kompania n\u00eb raport me asetin.<\/span><\/p>\n<p><span style=\"color: #000000;\">Pra, koncesionari transferon inceneratorin bashk\u00eb me kompanin\u00eb dhe autorizimin q\u00eb ka \u201cALBTEK ENERGY\u201d shpk p\u00ebr prodhimin dhe tregtimin e energjis\u00eb elektrike. T\u00eb ardhurat q\u00eb gjenerohen nga prodhimi i energjis\u00eb elektrike pas marrjes n\u00eb dor\u00ebzim t\u00eb inceneratorit nga bashkit\u00eb e Qarkut t\u00eb Elbasanit shkojn\u00eb tek nd\u00ebrmarrja shtet\u00ebrore dhe koncesionari nuk ka m\u00eb lidhje me asgj\u00eb pas periudh\u00ebs 7 vje\u00e7are.<\/span><\/p>\n<p><span style=\"color: #000000;\">Sot q\u00eb flasim 7 bashkit\u00eb e Qarkut t\u00eb Elbasanit kan\u00eb inceneratorin bashk\u00eb me t\u00eb gjitha t\u00eb drejtat e tij p\u00ebrfshir\u00eb dhe prodhimin e energjis\u00eb. K\u00ebt\u00eb e di shum\u00eb mir\u00eb dhe SPAK madje e ka t\u00eb evidentuar n\u00eb dosjen hetimore. Si\u00e7 mund t\u00eb shihet n\u00eb ekstraktin e QKB, shtat\u00eb bashkit\u00eb e Qarkut Elbasan kan\u00eb marr\u00eb impiantin bashk\u00eb me t\u00eb drejtat e fituara p\u00ebr prodhim energjie.<\/span><\/p>\n<p><span style=\"color: #000000;\">N\u00eb objektin e aktivitetit ECO-ELB \u00ebsht\u00eb edhe prodhimi dhe shitja e energjis\u00eb elektrike, autorizimin p\u00ebr t\u00eb cil\u00ebn e ka t\u00eb trash\u00ebguar nga &#8220;Albtek Energy&#8221; shpk. Nd\u00ebrkoh\u00eb, ECO ELB sikurse mund ta shikoni \u00ebsht\u00eb e licencuar nga Enti Rregullator i Energjis\u00eb p\u00ebr veprimtarin\u00eb e prodhimit t\u00eb energjis\u00eb elektrike nga centrali i p\u00ebrpunimit t\u00eb mbetjeve urbane n\u00eb Elbasan.<\/span><\/p>\n<p><span style=\"color: #000000;\">Pra e gjith\u00eb gurguleja se kompania e inceneratorit kishte marr\u00eb koncesion t\u00eb dyt\u00eb dhe t\u00eb drejt\u00ebn p\u00ebr t\u00eb tregtuar energjin\u00eb p\u00ebr 25 vite, edhe pas p\u00ebrfundimit t\u00eb afatit t\u00eb koncesionit, rezulton t\u00eb jet\u00eb nj\u00eb fllusk\u00eb sapuni.<\/span><\/p>\n<p><span style=\"color: #000000;\">Ul\u00ebrimat publike t\u00eb Spahos dhe Vasilit ndaj SPAK-ut kan\u00eb vet\u00ebm nj\u00eb p\u00ebrgjigje: nuk ka asnj\u00eb shkelje ligjore ndaj nuk mund t\u00eb ket\u00eb asnj\u00eb p\u00ebrgjegj\u00ebs.<\/span><\/p>\n<p><span style=\"color: #000000;\">Vet\u00ebm logjika spahiste dhe realiteti faktik brenda sht\u00ebpis\u00eb s\u00eb tij politike mund ta konsideroj\u00eb impiantin e Elbasanit si partin\u00eb e vet me dy kongrese e dy vula, q\u00eb kur e ka shteti zyrtarisht duhet ta ket\u00eb akoma edhe privati. Nj\u00ebsoj si partin\u00eb q\u00eb kur e ka Berisha e ka ende dhe Basha! (Arlind Ja\u00e7e)<\/span><\/p>\n<p><span style=\"color: #000000;\"><span style=\"color: #ff0000;\"><strong>VINI RE<\/strong><\/span>: Ky material \u00ebsht\u00eb pron\u00ebsi intelektuale e <span style=\"color: #0000ff;\"><a style=\"color: #0000ff;\" href=\"https:\/\/www.gazetatema.net\/politika\/dokumentet-qe-pergenjeshtrojne-ednomd-spahon-dhe-vasilin-i398425\">TemA<\/a><\/span><\/span><\/p>\n<p><img loading=\"lazy\" decoding=\"async\" class=\"aligncenter size-full wp-image-606385\" src=\"https:\/\/www.hashtag.al\/wp-content\/uploads\/2023\/07\/1.jpg\" alt=\"\" width=\"966\" height=\"1599\" srcset=\"https:\/\/www.hashtag.al\/wp-content\/uploads\/2023\/07\/1.jpg 966w, https:\/\/www.hashtag.al\/wp-content\/uploads\/2023\/07\/1-181x300.jpg 181w, https:\/\/www.hashtag.al\/wp-content\/uploads\/2023\/07\/1-619x1024.jpg 619w, https:\/\/www.hashtag.al\/wp-content\/uploads\/2023\/07\/1-768x1271.jpg 768w, https:\/\/www.hashtag.al\/wp-content\/uploads\/2023\/07\/1-928x1536.jpg 928w\" sizes=\"auto, (max-width: 966px) 100vw, 966px\" \/><\/p>\n<p><img loading=\"lazy\" decoding=\"async\" class=\"aligncenter size-full wp-image-606386\" src=\"https:\/\/www.hashtag.al\/wp-content\/uploads\/2023\/07\/2.jpg\" alt=\"\" width=\"998\" height=\"1280\" srcset=\"https:\/\/www.hashtag.al\/wp-content\/uploads\/2023\/07\/2.jpg 998w, https:\/\/www.hashtag.al\/wp-content\/uploads\/2023\/07\/2-234x300.jpg 234w, https:\/\/www.hashtag.al\/wp-content\/uploads\/2023\/07\/2-798x1024.jpg 798w, https:\/\/www.hashtag.al\/wp-content\/uploads\/2023\/07\/2-768x985.jpg 768w\" sizes=\"auto, (max-width: 998px) 100vw, 998px\" \/><\/p>\n<p><img loading=\"lazy\" decoding=\"async\" class=\"aligncenter size-full wp-image-606388\" src=\"https:\/\/www.hashtag.al\/wp-content\/uploads\/2023\/07\/3.jpg\" alt=\"\" width=\"911\" height=\"1280\" srcset=\"https:\/\/www.hashtag.al\/wp-content\/uploads\/2023\/07\/3.jpg 911w, https:\/\/www.hashtag.al\/wp-content\/uploads\/2023\/07\/3-214x300.jpg 214w, https:\/\/www.hashtag.al\/wp-content\/uploads\/2023\/07\/3-729x1024.jpg 729w, https:\/\/www.hashtag.al\/wp-content\/uploads\/2023\/07\/3-768x1079.jpg 768w\" sizes=\"auto, (max-width: 911px) 100vw, 911px\" \/><\/p>\n<p><img loading=\"lazy\" decoding=\"async\" class=\"aligncenter size-full wp-image-606389\" src=\"https:\/\/www.hashtag.al\/wp-content\/uploads\/2023\/07\/4.jpg\" alt=\"\" width=\"912\" height=\"1280\" srcset=\"https:\/\/www.hashtag.al\/wp-content\/uploads\/2023\/07\/4.jpg 912w, https:\/\/www.hashtag.al\/wp-content\/uploads\/2023\/07\/4-214x300.jpg 214w, https:\/\/www.hashtag.al\/wp-content\/uploads\/2023\/07\/4-730x1024.jpg 730w, https:\/\/www.hashtag.al\/wp-content\/uploads\/2023\/07\/4-768x1078.jpg 768w\" sizes=\"auto, (max-width: 912px) 100vw, 912px\" \/><\/p>\n","protected":false,"gt_translate_keys":[{"key":"rendered","format":"html"}]},"excerpt":{"rendered":"<p>Deputeti i foltores Edmond Spaho me nj\u00eb status n\u00eb Facebook ka ricikluar akuzat e b\u00ebra dy vite m\u00eb par\u00eb se qeveria dhe posa\u00e7\u00ebrisht Ministria e Energjis\u00eb dhe Industris\u00eb i kishte dh\u00ebn\u00eb shoq\u00ebris\u00eb q\u00eb do nd\u00ebrtonte incenerator\u00ebt edhe nj\u00eb kontrat\u00eb p\u00ebr nd\u00ebrtim t\u00eb impiantit t\u00eb prodhimit t\u00eb energjis\u00eb nga djegia e mbetjeve p\u00ebr 25 vite duke [&hellip;]<\/p>\n","protected":false,"gt_translate_keys":[{"key":"rendered","format":"html"}]},"author":51,"featured_media":606387,"comment_status":"closed","ping_status":"closed","sticky":false,"template":"","format":"standard","meta":{"footnotes":""},"categories":[65,13],"tags":[],"class_list":["post-606384","post","type-post","status-publish","format-standard","has-post-thumbnail","hentry","category-lajme","category-te-fundit"],"gt_translate_keys":[{"key":"link","format":"url"}],"_links":{"self":[{"href":"https:\/\/www.hashtag.al\/index.php\/wp-json\/wp\/v2\/posts\/606384","targetHints":{"allow":["GET"]}}],"collection":[{"href":"https:\/\/www.hashtag.al\/index.php\/wp-json\/wp\/v2\/posts"}],"about":[{"href":"https:\/\/www.hashtag.al\/index.php\/wp-json\/wp\/v2\/types\/post"}],"author":[{"embeddable":true,"href":"https:\/\/www.hashtag.al\/index.php\/wp-json\/wp\/v2\/users\/51"}],"replies":[{"embeddable":true,"href":"https:\/\/www.hashtag.al\/index.php\/wp-json\/wp\/v2\/comments?post=606384"}],"version-history":[{"count":0,"href":"https:\/\/www.hashtag.al\/index.php\/wp-json\/wp\/v2\/posts\/606384\/revisions"}],"wp:featuredmedia":[{"embeddable":true,"href":"https:\/\/www.hashtag.al\/index.php\/wp-json\/wp\/v2\/media\/606387"}],"wp:attachment":[{"href":"https:\/\/www.hashtag.al\/index.php\/wp-json\/wp\/v2\/media?parent=606384"}],"wp:term":[{"taxonomy":"category","embeddable":true,"href":"https:\/\/www.hashtag.al\/index.php\/wp-json\/wp\/v2\/categories?post=606384"},{"taxonomy":"post_tag","embeddable":true,"href":"https:\/\/www.hashtag.al\/index.php\/wp-json\/wp\/v2\/tags?post=606384"}],"curies":[{"name":"wp","href":"https:\/\/api.w.org\/{rel}","templated":true}]}}