{"id":606145,"date":"2023-07-13T21:24:28","date_gmt":"2023-07-13T19:24:28","guid":{"rendered":"https:\/\/www.hashtag.al\/?p=606145"},"modified":"2023-07-13T21:24:28","modified_gmt":"2023-07-13T19:24:28","slug":"deputetet-miratojne-dekretin-e-begajt-taulant-balla-minister-i-brendshem","status":"publish","type":"post","link":"https:\/\/www.hashtag.al\/index.php\/2023\/07\/13\/deputetet-miratojne-dekretin-e-begajt-taulant-balla-minister-i-brendshem\/","title":{"rendered":"Deputet\u00ebt miratojn\u00eb dekretin e Begajt, Taulant Balla minist\u00ebr i Brendsh\u00ebm","gt_translate_keys":[{"key":"rendered","format":"text"}]},"content":{"rendered":"<p><img loading=\"lazy\" decoding=\"async\" class=\"aligncenter size-full wp-image-575627\" src=\"https:\/\/www.hashtag.al\/wp-content\/uploads\/2023\/01\/balla-1-768x512-1.jpg\" alt=\"\" width=\"768\" height=\"512\" srcset=\"https:\/\/www.hashtag.al\/wp-content\/uploads\/2023\/01\/balla-1-768x512-1.jpg 768w, https:\/\/www.hashtag.al\/wp-content\/uploads\/2023\/01\/balla-1-768x512-1-300x200.jpg 300w\" sizes=\"auto, (max-width: 768px) 100vw, 768px\" \/><\/p>\n<p><span style=\"color: #000000;\">Taulat Balla \u00ebsht\u00eb em\u00ebruar zytarisht minist\u00ebr i Brendsh\u00ebm pasi Kuvendi miratoi dekretin e presidentit p\u00ebr shkarkimin e Bledi \u00c7u\u00e7it.<\/span><\/p>\n<p><span style=\"color: #000000;\">Deputet\u00ebt miratuan me 75 vota pro, 16 kund\u00ebr e 1 abstenim vendimin.<\/span><\/p>\n<p><span style=\"color: #000000;\">\u00c7u\u00e7i u shkarkuar fundjav\u00ebn e shkuar nga kryeministri Rama pas dhun\u00ebs barbare t\u00eb an\u00ebtar\u00ebve t\u00eb fisit Rraja ndaj dy personave t\u00eb fisit Maja n\u00eb nj\u00eb lokal n\u00eb Fush\u00eb Kruj\u00eb.<\/span><\/p>\n","protected":false,"gt_translate_keys":[{"key":"rendered","format":"html"}]},"excerpt":{"rendered":"<p>Taulat Balla \u00ebsht\u00eb em\u00ebruar zytarisht minist\u00ebr i Brendsh\u00ebm pasi Kuvendi miratoi dekretin e presidentit p\u00ebr shkarkimin e Bledi \u00c7u\u00e7it. Deputet\u00ebt miratuan me 75 vota pro, 16 kund\u00ebr e 1 abstenim vendimin. \u00c7u\u00e7i u shkarkuar fundjav\u00ebn e shkuar nga kryeministri Rama pas dhun\u00ebs barbare t\u00eb an\u00ebtar\u00ebve t\u00eb fisit Rraja ndaj dy personave t\u00eb fisit Maja n\u00eb [&hellip;]<\/p>\n","protected":false,"gt_translate_keys":[{"key":"rendered","format":"html"}]},"author":51,"featured_media":575627,"comment_status":"closed","ping_status":"closed","sticky":false,"template":"","format":"standard","meta":{"footnotes":""},"categories":[65,13],"tags":[],"class_list":["post-606145","post","type-post","status-publish","format-standard","has-post-thumbnail","hentry","category-lajme","category-te-fundit"],"gt_translate_keys":[{"key":"link","format":"url"}],"_links":{"self":[{"href":"https:\/\/www.hashtag.al\/index.php\/wp-json\/wp\/v2\/posts\/606145","targetHints":{"allow":["GET"]}}],"collection":[{"href":"https:\/\/www.hashtag.al\/index.php\/wp-json\/wp\/v2\/posts"}],"about":[{"href":"https:\/\/www.hashtag.al\/index.php\/wp-json\/wp\/v2\/types\/post"}],"author":[{"embeddable":true,"href":"https:\/\/www.hashtag.al\/index.php\/wp-json\/wp\/v2\/users\/51"}],"replies":[{"embeddable":true,"href":"https:\/\/www.hashtag.al\/index.php\/wp-json\/wp\/v2\/comments?post=606145"}],"version-history":[{"count":0,"href":"https:\/\/www.hashtag.al\/index.php\/wp-json\/wp\/v2\/posts\/606145\/revisions"}],"wp:featuredmedia":[{"embeddable":true,"href":"https:\/\/www.hashtag.al\/index.php\/wp-json\/wp\/v2\/media\/575627"}],"wp:attachment":[{"href":"https:\/\/www.hashtag.al\/index.php\/wp-json\/wp\/v2\/media?parent=606145"}],"wp:term":[{"taxonomy":"category","embeddable":true,"href":"https:\/\/www.hashtag.al\/index.php\/wp-json\/wp\/v2\/categories?post=606145"},{"taxonomy":"post_tag","embeddable":true,"href":"https:\/\/www.hashtag.al\/index.php\/wp-json\/wp\/v2\/tags?post=606145"}],"curies":[{"name":"wp","href":"https:\/\/api.w.org\/{rel}","templated":true}]}}