{"id":606110,"date":"2023-07-13T19:44:46","date_gmt":"2023-07-13T17:44:46","guid":{"rendered":"https:\/\/www.hashtag.al\/?p=606110"},"modified":"2023-07-13T19:44:46","modified_gmt":"2023-07-13T17:44:46","slug":"kuvendi-mblidhet-neser-ne-seance-te-jashtezakonshme-per-mandatin-e-ahmetajt","status":"publish","type":"post","link":"https:\/\/www.hashtag.al\/index.php\/2023\/07\/13\/kuvendi-mblidhet-neser-ne-seance-te-jashtezakonshme-per-mandatin-e-ahmetajt\/","title":{"rendered":"Kuvendi mblidhet nes\u00ebr n\u00eb seanc\u00eb t\u00eb jasht\u00ebzakonshme p\u00ebr mandatin e Ahmetajt","gt_translate_keys":[{"key":"rendered","format":"text"}]},"content":{"rendered":"<p><img loading=\"lazy\" decoding=\"async\" class=\"aligncenter size-full wp-image-606111\" src=\"https:\/\/www.hashtag.al\/wp-content\/uploads\/2023\/07\/ezgif.com-webp-to-jpg-24.jpg\" alt=\"\" width=\"1280\" height=\"720\" srcset=\"https:\/\/www.hashtag.al\/wp-content\/uploads\/2023\/07\/ezgif.com-webp-to-jpg-24.jpg 1280w, https:\/\/www.hashtag.al\/wp-content\/uploads\/2023\/07\/ezgif.com-webp-to-jpg-24-300x169.jpg 300w, https:\/\/www.hashtag.al\/wp-content\/uploads\/2023\/07\/ezgif.com-webp-to-jpg-24-1024x576.jpg 1024w, https:\/\/www.hashtag.al\/wp-content\/uploads\/2023\/07\/ezgif.com-webp-to-jpg-24-768x432.jpg 768w\" sizes=\"auto, (max-width: 1280px) 100vw, 1280px\" \/><\/p>\n<p><span style=\"color: #000000;\">Kuvendi pritet t\u00eb mblidhet nes\u00ebr n\u00eb seanc\u00eb t\u00eb posa\u00e7me p\u00ebr t\u00eb vendosur mbi k\u00ebrkes\u00ebn e SPAK p\u00ebr heqjen e mandatit t\u00eb Arben Ahmetajt, duke i hapur rrug\u00ebn arrestimit t\u00eb ish-zv.kryeministrit, edhe pse p\u00ebr momentin ai ndodhet jasht\u00eb vendit.<\/span><\/p>\n<p><span style=\"color: #000000;\">Vendimi u mor pas disa dit\u00ebsh debate e p\u00ebrplasje n\u00eb K\u00ebshillin e Mandateve me opozit\u00ebn q\u00eb k\u00ebrkoi heqjen e menj\u00ebhershme t\u00eb imunutetit teksa PS-ja k\u00ebrkoi shtyrjen p\u00ebr t\u00eb h\u00ebn\u00ebn marrjen e vendimit.<\/span><\/p>\n<p><span style=\"color: #000000;\">Nj\u00eb dit\u00eb m\u00eb par\u00eb, deputeti i PD-s\u00eb Gazment Bardhi tha se PS-ja i dha mund\u00ebsin\u00eb Ahmetajt t\u00eb arratisej nga vendi p\u00ebr t\u2019iu shmangur drejt\u00ebsis\u00eb. Largimi i Ahmetajt jasht\u00eb vendit \u00ebsh\u00eb konfirmuar edhe nga avokat\u00ebt e tij Ardian Visha e Henrik Ligori, t\u00eb cil\u00ebt than\u00eb se klienti i tyre ndodhej jasht\u00eb p\u00ebr arsye familjare. Ata kan\u00eb akuzuar SPAK-un se po b\u00ebn \u2018show\u2019 me \u00e7\u00ebshtjen dhe se po sillet si prokuroria e koh\u00ebs s\u00eb diktatur\u00ebs duke mos u marr\u00eb me faktet penale po me personin.<\/span><\/p>\n","protected":false,"gt_translate_keys":[{"key":"rendered","format":"html"}]},"excerpt":{"rendered":"<p>Kuvendi pritet t\u00eb mblidhet nes\u00ebr n\u00eb seanc\u00eb t\u00eb posa\u00e7me p\u00ebr t\u00eb vendosur mbi k\u00ebrkes\u00ebn e SPAK p\u00ebr heqjen e mandatit t\u00eb Arben Ahmetajt, duke i hapur rrug\u00ebn arrestimit t\u00eb ish-zv.kryeministrit, edhe pse p\u00ebr momentin ai ndodhet jasht\u00eb vendit. Vendimi u mor pas disa dit\u00ebsh debate e p\u00ebrplasje n\u00eb K\u00ebshillin e Mandateve me opozit\u00ebn q\u00eb k\u00ebrkoi [&hellip;]<\/p>\n","protected":false,"gt_translate_keys":[{"key":"rendered","format":"html"}]},"author":51,"featured_media":606111,"comment_status":"closed","ping_status":"closed","sticky":false,"template":"","format":"standard","meta":{"footnotes":""},"categories":[65,13],"tags":[],"class_list":["post-606110","post","type-post","status-publish","format-standard","has-post-thumbnail","hentry","category-lajme","category-te-fundit"],"gt_translate_keys":[{"key":"link","format":"url"}],"_links":{"self":[{"href":"https:\/\/www.hashtag.al\/index.php\/wp-json\/wp\/v2\/posts\/606110","targetHints":{"allow":["GET"]}}],"collection":[{"href":"https:\/\/www.hashtag.al\/index.php\/wp-json\/wp\/v2\/posts"}],"about":[{"href":"https:\/\/www.hashtag.al\/index.php\/wp-json\/wp\/v2\/types\/post"}],"author":[{"embeddable":true,"href":"https:\/\/www.hashtag.al\/index.php\/wp-json\/wp\/v2\/users\/51"}],"replies":[{"embeddable":true,"href":"https:\/\/www.hashtag.al\/index.php\/wp-json\/wp\/v2\/comments?post=606110"}],"version-history":[{"count":0,"href":"https:\/\/www.hashtag.al\/index.php\/wp-json\/wp\/v2\/posts\/606110\/revisions"}],"wp:featuredmedia":[{"embeddable":true,"href":"https:\/\/www.hashtag.al\/index.php\/wp-json\/wp\/v2\/media\/606111"}],"wp:attachment":[{"href":"https:\/\/www.hashtag.al\/index.php\/wp-json\/wp\/v2\/media?parent=606110"}],"wp:term":[{"taxonomy":"category","embeddable":true,"href":"https:\/\/www.hashtag.al\/index.php\/wp-json\/wp\/v2\/categories?post=606110"},{"taxonomy":"post_tag","embeddable":true,"href":"https:\/\/www.hashtag.al\/index.php\/wp-json\/wp\/v2\/tags?post=606110"}],"curies":[{"name":"wp","href":"https:\/\/api.w.org\/{rel}","templated":true}]}}