{"id":606038,"date":"2023-07-13T13:15:31","date_gmt":"2023-07-13T11:15:31","guid":{"rendered":"https:\/\/www.hashtag.al\/?p=606038"},"modified":"2023-07-13T15:55:01","modified_gmt":"2023-07-13T13:55:01","slug":"faksimile-bie-aludimi-se-pagoi-zoto-damian-gjiknuri-udhetim-e-fjetje-te-paguara-nga-ministria","status":"publish","type":"post","link":"https:\/\/www.hashtag.al\/index.php\/2023\/07\/13\/faksimile-bie-aludimi-se-pagoi-zoto-damian-gjiknuri-udhetim-e-fjetje-te-paguara-nga-ministria\/","title":{"rendered":"Faksimile: Bie aludimi se pagoi Zoto, Damian Gjiknuri udh\u00ebtim e fjetje t\u00eb paguara nga ministria","gt_translate_keys":[{"key":"rendered","format":"text"}]},"content":{"rendered":"<p><span style=\"color: #000000;\"><a href=\"https:\/\/www.hashtag.al\/wp-content\/uploads\/2023\/07\/640-0-1689182260xgjiknuri-279.jpg\"><img loading=\"lazy\" decoding=\"async\" class=\"aligncenter wp-image-606039 size-full\" src=\"https:\/\/www.hashtag.al\/wp-content\/uploads\/2023\/07\/640-0-1689182260xgjiknuri-279-e1689247029865.jpg\" alt=\"\" width=\"628\" height=\"380\" srcset=\"https:\/\/www.hashtag.al\/wp-content\/uploads\/2023\/07\/640-0-1689182260xgjiknuri-279-e1689247029865.jpg 628w, https:\/\/www.hashtag.al\/wp-content\/uploads\/2023\/07\/640-0-1689182260xgjiknuri-279-e1689247029865-300x182.jpg 300w\" sizes=\"auto, (max-width: 628px) 100vw, 628px\" \/><\/a><\/span><\/p>\n<p><span style=\"color: #000000;\">Dosja e paraqitur n\u00eb Kuvend nga SPAK p\u00ebrmes t\u00eb cil\u00ebs k\u00ebrkon autorizimin p\u00ebr t\u00eb arrestuar ish-zv.kryeministrin Arben Ahmetaj p\u00ebrmbante disa t\u00eb dh\u00ebna ku dyshohej se biznesmeni Klodian Zoto kishte paguar n\u00eb dy episode hotele n\u00eb em\u00ebr t\u00eb ish-ministrit t\u00eb Industris\u00eb dhe Energjis\u00eb Damian Gjiknuri n\u00eb Vjen\u00eb dhe Frankfurt.<\/span><\/p>\n<p><span style=\"color: #000000;\">\u201c<em>N\u00eb emailin e shtetasit Klodian Zoto m\u00eb dat\u00eb 12 mars 2014 rezulton se i \u00ebsht\u00eb d\u00ebrguar email nga booking.com p\u00ebr prenotimin e tij n\u00eb Radisson blu sky hotel Vienna ku i konfirmohet rezervimi me nr\u2026 n\u00eb adres\u00eb\u2026. me guest name Damian Gjiknuri me periudh\u00ebn 12.3.2014 deri n\u00eb 13.3.2014.\u201d,<\/em> thuhet n\u00eb dosjen e prokuroris\u00eb.<\/span><\/p>\n<p><span style=\"color: #000000;\">Por si q\u00ebndron ky fakt n\u00eb realitet p\u00ebrtej asaj \u00e7ka \u00ebsht\u00eb gjetur n\u00eb e-mailin e Zotos? Gazeta TemA disponon faturat p\u00ebr rezervimin dhe pages\u00ebn e hotelit ku ka q\u00ebndruar Gjiknuri n\u00eb dat\u00ebn 12 Mars. Konkretisht, rezulton se Gjiknuri NUK ka fjetur n\u00eb Radisson Blu Sky Hotel Vienna sikurse pretendohet nga k\u00ebqyrja e e-mailit t\u00eb Zotos.<\/span><\/p>\n<p><span style=\"color: #000000;\">Dokumentet zyrtare tregojn\u00eb se Gjiknuri n\u00eb dat\u00ebn 12 mars 2014 ka fjetur n\u00eb Hotel Ambassador me rezervimin me num\u00ebr TL 34979619, Standard Sigle Room me emrin Mr. Damian Gjiknuri. Rezervimi dhe pagesa e hotelit konfirmohet t\u00eb jet\u00eb kryer nga Ministria e Energjis\u00eb dhe Industris\u00eb titullar i t\u00eb cil\u00ebs ishte n\u00eb at\u00eb koh\u00eb Gjiknuri.<\/span><\/p>\n<p><span style=\"color: #000000;\">Sipas urdh\u00ebrit t\u00eb sh\u00ebrbimit rezulton se Gjiknuri ndodhej p\u00ebr vizit\u00eb pune n\u00eb Vjen\u00eb n\u00eb kuad\u00ebr t\u00eb bisedimeve q\u00eb qeveria shqiptare po zhvillonte me kompanin\u00eb \u00e7eke CEZ p\u00ebr rishtet\u00ebzimin e kompanis\u00eb s\u00eb shp\u00ebrndarjes s\u00eb energjis\u00eb elektrike. Gjiknuri shoq\u00ebrohej n\u00eb k\u00ebt\u00eb udh\u00ebtim nga k\u00ebshilltarja e tij Entela \u00c7ipa, pjes\u00eb e grupit negociator p\u00ebr \u00e7\u00ebshtjen e \u00c7EZ, ashtu sikurse ishte edhe ministri Ahmetaj po pjes\u00eb e grupit negociator nga pala e qeveris\u00eb shqiptare. Negociatat zhvilloheshin n\u00eb Vjen\u00eb n\u00ebn kujdesin e Komunitetit Evropian t\u00eb Energjis\u00eb.<\/span><\/p>\n<p><span style=\"color: #000000;\">Rasti i dyt\u00eb cituar n\u00eb dosjen e SPAK \u00ebsht\u00eb ai i nj\u00eb fjetjeje t\u00eb pretenduar n\u00eb Frankfurt t\u00eb Gjermanis\u00eb n\u00eb dat\u00ebn 8 Shkurt 2014. \u201cEkziston dyshimi se shtetasit Arben Ahmetaj dhe Damian Gjiknuri jan\u00eb takuar dhe kan\u00eb q\u00ebndruar bashk\u00eb m\u00eb dat\u00eb 08.02.2014 n\u00eb Frankfurt me shtetasit Mirel M\u00ebrtiri dhe Klodian Zoto,\u201d thuhet n\u00eb dokumentin e prokuroris\u00eb.<\/span><\/p>\n<p><span style=\"color: #000000;\">Gazeta TemA disponon edhe urdh\u00ebrin e sh\u00ebrbimit jasht\u00eb vendit p\u00ebr rastin e dyt\u00eb t\u00eb cituar n\u00eb dosjen e prokuroris\u00eb q\u00eb p\u00ebrkon me udh\u00ebtimin tranzit nga Frankfurti, Shkurtin e vitit 2014. Sipas urdh\u00ebrit t\u00eb sh\u00ebrbimit, rezulton se Damian Gjiknuri, Minist\u00ebr i Energjis\u00eb dhe Industris\u00eb zhvillonte nj\u00eb sh\u00ebrbim n\u00eb Boston t\u00eb Shteteve t\u00eb Bashkuara t\u00eb Amerik\u00ebs ku do t\u00eb merrte pjes\u00eb n\u00eb Sesionin Shkencor q\u00eb do t\u00eb zhvillohej n\u00eb Universitetin e Harvardit. Nisja p\u00ebr k\u00ebt\u00eb sh\u00ebrbim \u00ebsht\u00eb n\u00eb dat\u00ebn 8 Shkurt 2014 dhe kthimi n\u00eb dat\u00ebn 17 Shkurt 2014.<\/span><\/p>\n<p><span style=\"color: #000000;\">TemA disponon edhe rezervimin nga Ministria e Energjis\u00eb dhe Industris\u00eb t\u00eb bilet\u00ebs s\u00eb udh\u00ebtimit me itenerarin: Nisje nga Tirana n\u00eb dat\u00ebn 8 Shkurt, ora 05:50 dhe mb\u00ebrritje n\u00eb Rom\u00eb n\u00eb or\u00ebn 07:15; Nisje nga Roma n\u00eb dat\u00ebn 8 Shkurt, ora 18:40 dhe mb\u00ebrritje n\u00eb Frankfurt n\u00eb or\u00ebn 20:45; Nisje nga Frankfurti n\u00eb dat\u00ebn 9 Shkurt n\u00eb ora 11:20 dhe mb\u00ebrritje n\u00eb Boston n\u00eb or\u00ebn 13:30.<\/span><\/p>\n<p><span style=\"color: #000000;\">Urdh\u00ebri i sh\u00ebrbimit p\u00ebrcakton qart\u00ebsisht se \u201c<em>Ministria e Energjis\u00eb dhe Industris\u00eb merr p\u00ebrsip\u00ebr pages\u00ebn p\u00ebr mbulimin e t\u00eb gjitha shpenzimeve t\u00eb udh\u00ebtimit, akomodimit, dietat, siguracionin sh\u00ebndet\u00ebsor\u201d.<\/em><\/span><\/p>\n<p><img decoding=\"async\" src=\"https:\/\/media.gazetatema.net\/gazetatema.net\/media3\/-0-500-1689243791xf2-611.jpg\" \/><\/p>\n<p><img decoding=\"async\" src=\"https:\/\/media.gazetatema.net\/gazetatema.net\/media3\/-0-500-1689243791xf1-702.jpg\" \/><\/p>\n<p><img decoding=\"async\" src=\"https:\/\/media.gazetatema.net\/gazetatema.net\/media3\/-0-500-1689243791xf-988.jpg\" \/><\/p>\n<p>&nbsp;<\/p>\n<p><span style=\"color: #000000;\"><span style=\"color: #ff0000;\">VINI RE:<\/span> Ky material \u00ebsht\u00eb pron\u00ebsi intelektuale e <span style=\"color: #0000ff;\"><a style=\"color: #0000ff;\" href=\"https:\/\/www.gazetatema.net\/politika\/faksimile-bie-aludimi-se-pagoi-zoto-damian-gjiknuri-udhetim-e-fjetje-te-i398148#galeria\">TemA<\/a><\/span><\/span><\/p>\n","protected":false,"gt_translate_keys":[{"key":"rendered","format":"html"}]},"excerpt":{"rendered":"<p>Dosja e paraqitur n\u00eb Kuvend nga SPAK p\u00ebrmes t\u00eb cil\u00ebs k\u00ebrkon autorizimin p\u00ebr t\u00eb arrestuar ish-zv.kryeministrin Arben Ahmetaj p\u00ebrmbante disa t\u00eb dh\u00ebna ku dyshohej se biznesmeni Klodian Zoto kishte paguar n\u00eb dy episode hotele n\u00eb em\u00ebr t\u00eb ish-ministrit t\u00eb Industris\u00eb dhe Energjis\u00eb Damian Gjiknuri n\u00eb Vjen\u00eb dhe Frankfurt. \u201cN\u00eb emailin e shtetasit Klodian Zoto m\u00eb [&hellip;]<\/p>\n","protected":false,"gt_translate_keys":[{"key":"rendered","format":"html"}]},"author":30,"featured_media":606039,"comment_status":"closed","ping_status":"closed","sticky":false,"template":"","format":"standard","meta":{"footnotes":""},"categories":[22],"tags":[],"class_list":["post-606038","post","type-post","status-publish","format-standard","has-post-thumbnail","hentry","category-ballina"],"gt_translate_keys":[{"key":"link","format":"url"}],"_links":{"self":[{"href":"https:\/\/www.hashtag.al\/index.php\/wp-json\/wp\/v2\/posts\/606038","targetHints":{"allow":["GET"]}}],"collection":[{"href":"https:\/\/www.hashtag.al\/index.php\/wp-json\/wp\/v2\/posts"}],"about":[{"href":"https:\/\/www.hashtag.al\/index.php\/wp-json\/wp\/v2\/types\/post"}],"author":[{"embeddable":true,"href":"https:\/\/www.hashtag.al\/index.php\/wp-json\/wp\/v2\/users\/30"}],"replies":[{"embeddable":true,"href":"https:\/\/www.hashtag.al\/index.php\/wp-json\/wp\/v2\/comments?post=606038"}],"version-history":[{"count":0,"href":"https:\/\/www.hashtag.al\/index.php\/wp-json\/wp\/v2\/posts\/606038\/revisions"}],"wp:featuredmedia":[{"embeddable":true,"href":"https:\/\/www.hashtag.al\/index.php\/wp-json\/wp\/v2\/media\/606039"}],"wp:attachment":[{"href":"https:\/\/www.hashtag.al\/index.php\/wp-json\/wp\/v2\/media?parent=606038"}],"wp:term":[{"taxonomy":"category","embeddable":true,"href":"https:\/\/www.hashtag.al\/index.php\/wp-json\/wp\/v2\/categories?post=606038"},{"taxonomy":"post_tag","embeddable":true,"href":"https:\/\/www.hashtag.al\/index.php\/wp-json\/wp\/v2\/tags?post=606038"}],"curies":[{"name":"wp","href":"https:\/\/api.w.org\/{rel}","templated":true}]}}