{"id":606034,"date":"2023-07-13T13:06:44","date_gmt":"2023-07-13T11:06:44","guid":{"rendered":"https:\/\/www.hashtag.al\/?p=606034"},"modified":"2023-07-13T13:07:05","modified_gmt":"2023-07-13T11:07:05","slug":"dosja-ahmetaj-gjiknuri-me-ahmetajn-kam-bere-udhetime-si-koleg-kane-dokumentacionin-perkates","status":"publish","type":"post","link":"https:\/\/www.hashtag.al\/index.php\/2023\/07\/13\/dosja-ahmetaj-gjiknuri-me-ahmetajn-kam-bere-udhetime-si-koleg-kane-dokumentacionin-perkates\/","title":{"rendered":"Dosja Ahmetaj, Gjiknuri: Me Ahmetajn kam b\u00ebr\u00eb udh\u00ebtime si koleg, kan\u00eb dokumentacionin p\u00ebrkat\u00ebs","gt_translate_keys":[{"key":"rendered","format":"text"}]},"content":{"rendered":"<p><a href=\"https:\/\/www.hashtag.al\/wp-content\/uploads\/2023\/07\/Screenshot-2023-07-13-130336.png\"><img loading=\"lazy\" decoding=\"async\" class=\"aligncenter size-full wp-image-606035\" src=\"https:\/\/www.hashtag.al\/wp-content\/uploads\/2023\/07\/Screenshot-2023-07-13-130336.png\" alt=\"\" width=\"787\" height=\"388\" srcset=\"https:\/\/www.hashtag.al\/wp-content\/uploads\/2023\/07\/Screenshot-2023-07-13-130336.png 787w, https:\/\/www.hashtag.al\/wp-content\/uploads\/2023\/07\/Screenshot-2023-07-13-130336-300x148.png 300w, https:\/\/www.hashtag.al\/wp-content\/uploads\/2023\/07\/Screenshot-2023-07-13-130336-768x379.png 768w\" sizes=\"auto, (max-width: 787px) 100vw, 787px\" \/><\/a><\/p>\n<p><span style=\"color: #000000;\">Sekretari i P\u00ebrgjithsh\u00ebm i PS, ka folur sot p\u00ebr mediat teksa po futen n\u00eb Kuvendin e Shqip\u00ebris\u00eb.<\/span><\/p>\n<p><span style=\"color: #000000;\">I pyetur p\u00ebr nj\u00eb koment pasi emri i tij rezulton n\u00eb dosjen e SPAK, n\u00eb hetimin e Arben Ahmetajt, ai tha se ka udh\u00ebtuar por p\u00ebr \u00e7\u00ebshtje pune, dhe se hotelin dhe shpenzimet e udh\u00ebtimit i ka paguar ministria.<\/span><\/p>\n<p><span style=\"color: #000000;\">Gjinkuri u shpreh se udh\u00ebtimet e tij jan\u00eb zyrtare dhe kan\u00eb dokumentacionet p\u00ebrkat\u00ebse dhe se roli i tij si minist\u00ebr s\u2019ka shkelej ligjore dhe se me Ahmetajn ka b\u00ebr\u00eb udh\u00ebtime si koleg.<\/span><\/p>\n<p><span style=\"color: #000000;\"><em>\u201cDuan t\u00eb p\u00ebrdorin emrin tim p\u00ebr kauza politike. T\u00eb them t\u00eb drejt\u00ebn t\u00eb gjitha udh\u00ebtime, vet\u00ebm 2 q\u00eb kan\u00eb dal\u00eb n\u00eb media, jan\u00eb zyrtare dhe kan\u00eb dokumentacionin p\u00ebrkat\u00ebs. Nuk kam pse t\u00eb nxjerr letra, por udh\u00ebtimet e mia jan\u00eb t\u00eb deklaruara, s\u2019kam shkuar p\u00ebr qejf. Roli im si minist\u00ebr s\u2019ka shkelje ligjore. S\u2019ka dal\u00eb askush t\u00eb thot\u00eb nj\u00eb shkelje ligji nga un\u00eb kur isha minist\u00ebr. \u00c7do minist\u00ebr p\u00ebrgjegj\u00ebt p\u00ebr atributin e tij. Qeveria nuk \u00ebsht\u00eb organizat\u00eb kriminale, p\u00ebrkundrazi. Mos e b\u00ebni hetimin penal sikur po h\u00ebetojm\u00eb pacientin zero, b\u00ebhet fjal\u00eb p\u00ebr raste konkrete.<\/em><\/span><\/p>\n<p><span style=\"color: #000000;\"><em>Me Ahmetajn kam b\u00ebr\u00eb udh\u00ebtime se kan qen\u00eb minist\u00ebr dhe koleg, dhe k\u00ebto takime merrni informacion dhe e kuptoni. Kur t\u00eb th\u00ebrritem do jap shpjegime, n\u00eb detyr\u00ebn time kam zbatuar ligjin. Akuzat politke dhe kuazipenale kan\u00eb vite q\u00eb r\u00ebndojn\u00eb ndaj meje, s\u2019\u00ebsht\u00eb krim t\u00eb njoh\u00ebsh njer\u00ebz.<\/em><\/span><\/p>\n<p><span style=\"color: #000000;\"><em>\u00cbsht\u00eb shum\u00eb vap\u00eb tani dhe ju duheni k\u00ebtu.\u201d-<\/em> tha Gjiknuri.<\/span><\/p>\n","protected":false,"gt_translate_keys":[{"key":"rendered","format":"html"}]},"excerpt":{"rendered":"<p>Sekretari i P\u00ebrgjithsh\u00ebm i PS, ka folur sot p\u00ebr mediat teksa po futen n\u00eb Kuvendin e Shqip\u00ebris\u00eb. I pyetur p\u00ebr nj\u00eb koment pasi emri i tij rezulton n\u00eb dosjen e SPAK, n\u00eb hetimin e Arben Ahmetajt, ai tha se ka udh\u00ebtuar por p\u00ebr \u00e7\u00ebshtje pune, dhe se hotelin dhe shpenzimet e udh\u00ebtimit i ka paguar [&hellip;]<\/p>\n","protected":false,"gt_translate_keys":[{"key":"rendered","format":"html"}]},"author":30,"featured_media":606035,"comment_status":"closed","ping_status":"closed","sticky":false,"template":"","format":"standard","meta":{"footnotes":""},"categories":[65],"tags":[],"class_list":["post-606034","post","type-post","status-publish","format-standard","has-post-thumbnail","hentry","category-lajme"],"gt_translate_keys":[{"key":"link","format":"url"}],"_links":{"self":[{"href":"https:\/\/www.hashtag.al\/index.php\/wp-json\/wp\/v2\/posts\/606034","targetHints":{"allow":["GET"]}}],"collection":[{"href":"https:\/\/www.hashtag.al\/index.php\/wp-json\/wp\/v2\/posts"}],"about":[{"href":"https:\/\/www.hashtag.al\/index.php\/wp-json\/wp\/v2\/types\/post"}],"author":[{"embeddable":true,"href":"https:\/\/www.hashtag.al\/index.php\/wp-json\/wp\/v2\/users\/30"}],"replies":[{"embeddable":true,"href":"https:\/\/www.hashtag.al\/index.php\/wp-json\/wp\/v2\/comments?post=606034"}],"version-history":[{"count":0,"href":"https:\/\/www.hashtag.al\/index.php\/wp-json\/wp\/v2\/posts\/606034\/revisions"}],"wp:featuredmedia":[{"embeddable":true,"href":"https:\/\/www.hashtag.al\/index.php\/wp-json\/wp\/v2\/media\/606035"}],"wp:attachment":[{"href":"https:\/\/www.hashtag.al\/index.php\/wp-json\/wp\/v2\/media?parent=606034"}],"wp:term":[{"taxonomy":"category","embeddable":true,"href":"https:\/\/www.hashtag.al\/index.php\/wp-json\/wp\/v2\/categories?post=606034"},{"taxonomy":"post_tag","embeddable":true,"href":"https:\/\/www.hashtag.al\/index.php\/wp-json\/wp\/v2\/tags?post=606034"}],"curies":[{"name":"wp","href":"https:\/\/api.w.org\/{rel}","templated":true}]}}