{"id":605830,"date":"2023-07-11T23:26:31","date_gmt":"2023-07-11T21:26:31","guid":{"rendered":"https:\/\/www.hashtag.al\/?p=605830"},"modified":"2023-07-11T23:40:30","modified_gmt":"2023-07-11T21:40:30","slug":"rusia-i-ben-thirrje-thote-turqise-te-tregohet-e-mencur-per-anetaresimin-ne-be","status":"publish","type":"post","link":"https:\/\/www.hashtag.al\/index.php\/2023\/07\/11\/rusia-i-ben-thirrje-thote-turqise-te-tregohet-e-mencur-per-anetaresimin-ne-be\/","title":{"rendered":"Rusia i b\u00ebn thirrje Turqis\u00eb t\u00eb tregohet \u2018e men\u00e7ur\u2019 p\u00ebr an\u00ebtar\u00ebsimin n\u00eb BE","gt_translate_keys":[{"key":"rendered","format":"text"}]},"content":{"rendered":"<p><img loading=\"lazy\" decoding=\"async\" class=\"aligncenter size-full wp-image-575271\" src=\"https:\/\/www.hashtag.al\/wp-content\/uploads\/2023\/01\/erdogan-2.jpg\" alt=\"\" width=\"864\" height=\"486\" srcset=\"https:\/\/www.hashtag.al\/wp-content\/uploads\/2023\/01\/erdogan-2.jpg 864w, https:\/\/www.hashtag.al\/wp-content\/uploads\/2023\/01\/erdogan-2-300x169.jpg 300w, https:\/\/www.hashtag.al\/wp-content\/uploads\/2023\/01\/erdogan-2-768x432.jpg 768w\" sizes=\"auto, (max-width: 864px) 100vw, 864px\" \/><\/p>\n<p><span style=\"color: #000000;\">Rusia nuk ka iluzione p\u00ebr angazhimet e Turqis\u00eb ndaj NATO-s, por do t&#8217;i k\u00ebrkonte Ankaras\u00eb q\u00eb t\u00eb shikoj\u00eb realisht mund\u00ebsit\u00eb e saj p\u00ebr t&#8217;u bashkuar me BE-n\u00eb, ka th\u00ebn\u00eb Moska. <\/span><\/p>\n<p><span style=\"color: #000000;\">Presidenti turk e kishte lidhur m\u00eb par\u00eb pranimin e Suedis\u00eb n\u00eb bllokun ushtarak t\u00eb udh\u00ebhequr nga SHBA me d\u00ebshir\u00ebn e kahershme t\u00eb kombit t\u00eb tij p\u00ebr t&#8217;u b\u00ebr\u00eb pjes\u00eb e komunitetit evropian.<\/span><\/p>\n<p><span style=\"color: #000000;\">Rusia e kupton se Turqia ka angazhime ndaj NATO-s, u tha gazetar\u00ebve t\u00eb mart\u00ebn z\u00ebdh\u00ebn\u00ebsi i Kremlinit Dmitry Peskov.<\/span><\/p>\n<p><span style=\"color: #000000;\">V\u00ebrejtjet pasuan marr\u00ebveshjen e dukshme t\u00eb Turqis\u00eb p\u00ebr t\u00eb hequr dor\u00eb nga kund\u00ebrshtimi i saj ndaj an\u00ebtar\u00ebsimit t\u00eb Suedis\u00eb n\u00eb NATO. Procesi nuk mund t\u00eb p\u00ebrfundoj\u00eb n\u00ebse t\u00eb gjith\u00eb an\u00ebtar\u00ebt e organizat\u00ebs ushtarake prej 31 trupash nuk bien dakord p\u00ebr t\u00eb dhe Ankaraja ka shprehur kund\u00ebrshtime m\u00eb her\u00ebt.<\/span><\/p>\n<p><span style=\"color: #000000;\">T\u00eb h\u00ebn\u00ebn, Sekretari i P\u00ebrgjithsh\u00ebm i NATO-s Jens Stoltenberg njoftoi se presidenti turk Rexhep Tajip Erdogan kishte r\u00ebn\u00eb dakord t\u00eb d\u00ebrgonte kandidatur\u00ebn e Suedis\u00eb p\u00ebr ratifikim n\u00eb parlamentin komb\u00ebtar. <\/span><\/p>\n<p><span style=\"color: #000000;\">M\u00eb her\u00ebt n\u00eb t\u00eb nj\u00ebjt\u00ebn dit\u00eb Erdogan e lidhi miratimin e Ankaras\u00eb me p\u00ebrparimin e vendit t\u00eb tij drejt an\u00ebtar\u00ebsimit n\u00eb BE, nj\u00eb proces q\u00eb deri m\u00eb tani ka par\u00eb pes\u00eb dekada negociatash t\u00eb pasuksesshme.<\/span><\/p>\n<p><span style=\"color: #000000;\">Si Stoltenberg ashtu edhe Brukseli e mohuan nj\u00eb lidhje t\u00eb till\u00eb. Por shefi i NATO-s sugjeroi se Stokholmi mund t\u00eb ndihmoj\u00eb Ankaran\u00eb t\u00eb p\u00ebrmir\u00ebsoj\u00eb marr\u00ebdh\u00ebniet me BE-n\u00eb, ve\u00e7an\u00ebrisht n\u00eb lidhje me marr\u00ebdh\u00ebniet doganore ose n\u00eb form\u00ebn e nj\u00eb marr\u00ebveshjeje t\u00eb mundshme udh\u00ebtimi pa viza.<\/span><\/p>\n<p><span style=\"color: #000000;\">Stoltenberg e b\u00ebri njoftimin e tij pas bisedimeve me Erdoganin dhe kryeministrin suedez Ulf Kristersson.<\/span><\/p>\n","protected":false,"gt_translate_keys":[{"key":"rendered","format":"html"}]},"excerpt":{"rendered":"<p>Rusia nuk ka iluzione p\u00ebr angazhimet e Turqis\u00eb ndaj NATO-s, por do t&#8217;i k\u00ebrkonte Ankaras\u00eb q\u00eb t\u00eb shikoj\u00eb realisht mund\u00ebsit\u00eb e saj p\u00ebr t&#8217;u bashkuar me BE-n\u00eb, ka th\u00ebn\u00eb Moska. Presidenti turk e kishte lidhur m\u00eb par\u00eb pranimin e Suedis\u00eb n\u00eb bllokun ushtarak t\u00eb udh\u00ebhequr nga SHBA me d\u00ebshir\u00ebn e kahershme t\u00eb kombit t\u00eb tij [&hellip;]<\/p>\n","protected":false,"gt_translate_keys":[{"key":"rendered","format":"html"}]},"author":51,"featured_media":575271,"comment_status":"closed","ping_status":"closed","sticky":false,"template":"","format":"standard","meta":{"footnotes":""},"categories":[53],"tags":[],"class_list":["post-605830","post","type-post","status-publish","format-standard","has-post-thumbnail","hentry","category-fast-foodi"],"gt_translate_keys":[{"key":"link","format":"url"}],"_links":{"self":[{"href":"https:\/\/www.hashtag.al\/index.php\/wp-json\/wp\/v2\/posts\/605830","targetHints":{"allow":["GET"]}}],"collection":[{"href":"https:\/\/www.hashtag.al\/index.php\/wp-json\/wp\/v2\/posts"}],"about":[{"href":"https:\/\/www.hashtag.al\/index.php\/wp-json\/wp\/v2\/types\/post"}],"author":[{"embeddable":true,"href":"https:\/\/www.hashtag.al\/index.php\/wp-json\/wp\/v2\/users\/51"}],"replies":[{"embeddable":true,"href":"https:\/\/www.hashtag.al\/index.php\/wp-json\/wp\/v2\/comments?post=605830"}],"version-history":[{"count":0,"href":"https:\/\/www.hashtag.al\/index.php\/wp-json\/wp\/v2\/posts\/605830\/revisions"}],"wp:featuredmedia":[{"embeddable":true,"href":"https:\/\/www.hashtag.al\/index.php\/wp-json\/wp\/v2\/media\/575271"}],"wp:attachment":[{"href":"https:\/\/www.hashtag.al\/index.php\/wp-json\/wp\/v2\/media?parent=605830"}],"wp:term":[{"taxonomy":"category","embeddable":true,"href":"https:\/\/www.hashtag.al\/index.php\/wp-json\/wp\/v2\/categories?post=605830"},{"taxonomy":"post_tag","embeddable":true,"href":"https:\/\/www.hashtag.al\/index.php\/wp-json\/wp\/v2\/tags?post=605830"}],"curies":[{"name":"wp","href":"https:\/\/api.w.org\/{rel}","templated":true}]}}