{"id":605817,"date":"2023-07-11T22:50:32","date_gmt":"2023-07-11T20:50:32","guid":{"rendered":"https:\/\/www.hashtag.al\/?p=605817"},"modified":"2023-07-11T22:34:19","modified_gmt":"2023-07-11T20:34:19","slug":"kuba-akuza-shba-se-per-protesta-e-vitit-2021-u-nxiten-administrata-amerikane","status":"publish","type":"post","link":"https:\/\/www.hashtag.al\/index.php\/2023\/07\/11\/kuba-akuza-shba-se-per-protesta-e-vitit-2021-u-nxiten-administrata-amerikane\/","title":{"rendered":"Kuba akuza SHBA-s\u00eb p\u00ebr protesta e vitit 2021: U nxit\u00ebn administrata amerikane","gt_translate_keys":[{"key":"rendered","format":"text"}]},"content":{"rendered":"<p><span style=\"color: #000000;\"><img loading=\"lazy\" decoding=\"async\" class=\"aligncenter size-full wp-image-605818\" src=\"https:\/\/www.hashtag.al\/wp-content\/uploads\/2023\/07\/kuba.jpg\" alt=\"\" width=\"1920\" height=\"1080\" srcset=\"https:\/\/www.hashtag.al\/wp-content\/uploads\/2023\/07\/kuba.jpg 1920w, https:\/\/www.hashtag.al\/wp-content\/uploads\/2023\/07\/kuba-300x169.jpg 300w, https:\/\/www.hashtag.al\/wp-content\/uploads\/2023\/07\/kuba-1024x576.jpg 1024w, https:\/\/www.hashtag.al\/wp-content\/uploads\/2023\/07\/kuba-768x432.jpg 768w, https:\/\/www.hashtag.al\/wp-content\/uploads\/2023\/07\/kuba-1536x864.jpg 1536w\" sizes=\"auto, (max-width: 1920px) 100vw, 1920px\" \/><\/span><\/p>\n<p><span style=\"color: #000000;\">Nj\u00eb editorial n\u00eb faqen e par\u00eb t\u00eb s\u00eb h\u00ebn\u00ebs n\u00eb gazet\u00ebn shtet\u00ebrore t\u00eb Kub\u00ebs \u2018Granma\u2019 faj\u00ebsoi Shtetet e Bashkuara p\u00ebr nj\u00eb \u2018p\u00ebrgjegj\u00ebsi t\u00eb drejtp\u00ebrdrejt\u00eb\u2019 p\u00ebr protestat e p\u00ebrhapura q\u00eb pushtuan ishullin e Karaibeve dy vjet m\u00eb par\u00eb.<\/span><\/p>\n<p><span style=\"color: #000000;\"><em>\u201cShtetet e Bashkuara kan\u00eb nj\u00eb p\u00ebrgjegj\u00ebsi t\u00eb drejtp\u00ebrdrejt\u00eb p\u00ebr trazirat e 11 dhe 12 korrikut 2021\u201d<\/em>, shkruante botimi, p\u00ebrpara dyvjetorit t\u00eb trazirave. Ai shton se kuban\u00ebt ishin paguar nga Uashingtoni p\u00ebr t\u00eb marr\u00eb pjes\u00eb n\u00eb akte t\u00eb dhunshme, duke p\u00ebrfshir\u00eb grabitje dhe sulme.<\/span><\/p>\n<p><span style=\"color: #000000;\">Gazeta pohoi gjithashtu se nj\u00eb \u2018fushat\u00eb dezinformimi dhe shpifjeje\u2019 ishte e dukshme n\u00eb mediat sociale, pasi Havana u ndikua nga politika amerikane e \u2018presionit maksimal\u2019, p\u00ebr t\u00eb cil\u00ebn thot\u00eb se ishte \u2018nxitur\u2019 nga Sht\u00ebpia e Bardh\u00eb.<\/span><\/p>\n<p><span style=\"color: #000000;\">Nd\u00ebrsa presidenti i SHBA-s\u00eb Biden ka mbajtur kryesisht politikat e linj\u00ebs s\u00eb ashp\u00ebr t\u00eb paraardh\u00ebsit Donald Trump ndaj Kub\u00ebs, administrata e tij ka hequr disa nga sanksionet, duke p\u00ebrfshir\u00eb leht\u00ebsimin e rregullave p\u00ebr udh\u00ebtar\u00ebt amerikan\u00eb dhe leht\u00ebsimin e d\u00ebrgesave familjare n\u00eb ishull.<\/span><\/p>\n<p><span style=\"color: #000000;\">N\u00eb korrik 2021, kubanez\u00ebt protestuan masivisht n\u00eb pothuajse 50 qytete, me shum\u00eb q\u00eb b\u00ebnin thirrje p\u00ebr \u2018liri\u2019, n\u00eb protestat e shkaktuara nga nj\u00eb kriz\u00eb ekonomike e p\u00ebrshkruar si m\u00eb e keqja q\u00eb ishulli ka par\u00eb n\u00eb tre dekada. Uashingtoni ka vendosur sanksione t\u00eb gjera, t\u00eb gjata me dekada ndaj Havan\u00ebs, t\u00eb cilat, s\u00eb bashku me ndikimin ekonomik t\u00eb pandemis\u00eb Covid-19, kan\u00eb \u00e7uar n\u00eb problemet financiare t\u00eb vendit.<\/span><\/p>\n<p><span style=\"color: #000000;\">Kuba \u00ebsht\u00eb p\u00ebrballur gjithashtu me munges\u00eb karburanti dhe ila\u00e7esh, probleme me shp\u00ebrndarjen e ushqimit dhe p\u00ebrkeq\u00ebsimin e transportit publik. T\u00eb dh\u00ebnat e qeveris\u00eb amerikane tregojn\u00eb se t\u00eb pakt\u00ebn 140,000 kuban\u00eb kan\u00eb emigruar n\u00eb Shtetet e Bashkuara q\u00eb nga tetori 2021.<\/span><\/p>\n<p><span style=\"color: #000000;\">Departamenti Amerikan i Shtetit ka mohuar \u00e7do p\u00ebrfshirje n\u00eb trazirat e vitit 2021 dhe ka b\u00ebr\u00eb thirrje p\u00ebr lirimin e rreth 700 personave t\u00eb burgosur p\u00ebr akuza t\u00eb ndryshme n\u00eb lidhje me demonstratat, duke p\u00ebrfshir\u00eb rebelimin.<\/span><\/p>\n<p><span style=\"color: #000000;\">Uashingtoni ka pohuar se \u2018regjimi vazhdon t\u00eb shtyp\u00eb me dhun\u00eb pothuajse \u00e7do lloj mospajtimi publik paq\u00ebsor\u2019, raportoi Reuters t\u00eb h\u00ebn\u00ebn. Ai shtoi se Havana n\u00eb m\u00ebnyr\u00eb rutinore \u2018k\u00ebrc\u00ebnon familjet e protestuesve t\u00eb ndaluar\u2019 t\u00eb cil\u00ebt flasin n\u00eb publik p\u00ebr ndalimin e an\u00ebtar\u00ebve t\u00eb familjeve t\u00eb tyre.<\/span><\/p>\n","protected":false,"gt_translate_keys":[{"key":"rendered","format":"html"}]},"excerpt":{"rendered":"<p>Nj\u00eb editorial n\u00eb faqen e par\u00eb t\u00eb s\u00eb h\u00ebn\u00ebs n\u00eb gazet\u00ebn shtet\u00ebrore t\u00eb Kub\u00ebs \u2018Granma\u2019 faj\u00ebsoi Shtetet e Bashkuara p\u00ebr nj\u00eb \u2018p\u00ebrgjegj\u00ebsi t\u00eb drejtp\u00ebrdrejt\u00eb\u2019 p\u00ebr protestat e p\u00ebrhapura q\u00eb pushtuan ishullin e Karaibeve dy vjet m\u00eb par\u00eb. \u201cShtetet e Bashkuara kan\u00eb nj\u00eb p\u00ebrgjegj\u00ebsi t\u00eb drejtp\u00ebrdrejt\u00eb p\u00ebr trazirat e 11 dhe 12 korrikut 2021\u201d, shkruante botimi, [&hellip;]<\/p>\n","protected":false,"gt_translate_keys":[{"key":"rendered","format":"html"}]},"author":51,"featured_media":605818,"comment_status":"closed","ping_status":"closed","sticky":false,"template":"","format":"standard","meta":{"footnotes":""},"categories":[53],"tags":[],"class_list":["post-605817","post","type-post","status-publish","format-standard","has-post-thumbnail","hentry","category-fast-foodi"],"gt_translate_keys":[{"key":"link","format":"url"}],"_links":{"self":[{"href":"https:\/\/www.hashtag.al\/index.php\/wp-json\/wp\/v2\/posts\/605817","targetHints":{"allow":["GET"]}}],"collection":[{"href":"https:\/\/www.hashtag.al\/index.php\/wp-json\/wp\/v2\/posts"}],"about":[{"href":"https:\/\/www.hashtag.al\/index.php\/wp-json\/wp\/v2\/types\/post"}],"author":[{"embeddable":true,"href":"https:\/\/www.hashtag.al\/index.php\/wp-json\/wp\/v2\/users\/51"}],"replies":[{"embeddable":true,"href":"https:\/\/www.hashtag.al\/index.php\/wp-json\/wp\/v2\/comments?post=605817"}],"version-history":[{"count":0,"href":"https:\/\/www.hashtag.al\/index.php\/wp-json\/wp\/v2\/posts\/605817\/revisions"}],"wp:featuredmedia":[{"embeddable":true,"href":"https:\/\/www.hashtag.al\/index.php\/wp-json\/wp\/v2\/media\/605818"}],"wp:attachment":[{"href":"https:\/\/www.hashtag.al\/index.php\/wp-json\/wp\/v2\/media?parent=605817"}],"wp:term":[{"taxonomy":"category","embeddable":true,"href":"https:\/\/www.hashtag.al\/index.php\/wp-json\/wp\/v2\/categories?post=605817"},{"taxonomy":"post_tag","embeddable":true,"href":"https:\/\/www.hashtag.al\/index.php\/wp-json\/wp\/v2\/tags?post=605817"}],"curies":[{"name":"wp","href":"https:\/\/api.w.org\/{rel}","templated":true}]}}